{"id":98171,"date":"2026-01-08T10:53:07","date_gmt":"2026-01-08T10:53:07","guid":{"rendered":"https:\/\/www.europesays.com\/lv\/98171\/"},"modified":"2026-01-08T10:53:07","modified_gmt":"2026-01-08T10:53:07","slug":"latvijas-skeletonisti-austrija-proteste-pret-krievijas-sportistu-dalibu-starptautiska-federacija-draud-ar-policiju-raksts","status":"publish","type":"post","link":"https:\/\/www.europesays.com\/lv\/98171\/","title":{"rendered":"Latvijas skeletonisti Austrij\u0101 protest\u0113 pret Krievijas sportistu dal\u012bbu, starptautisk\u0101 feder\u0101cija draud ar policiju \/ Raksts"},"content":{"rendered":"<p>\u012aglsas tras\u0113, Austrij\u0101, 8. janv\u0101ra r\u012bt\u0101 norisin\u0101j\u0101s Ukrainas, Latvijas un Zviedrijas skeletonistu protesta akcija pret Krievijas sportistu dal\u012bbu Eiropas kausa izc\u012b\u0146as sacens\u012bb\u0101s.\u00a0Protesta akciju cent\u0101s kav\u0113t Starptautisk\u0101s Bobsleja un skeletona feder\u0101cijas (IBSF) amatpersonas, m\u0113\u0123inot protesta dal\u012bbniekiem at\u0146emt plak\u0101tus, draudot ar policijas izsauk\u0161anu un nepielai\u0161anu sacens\u012bb\u0101m.<\/p>\n<p>Latvijas Bobsleja un skeletona feder\u0101cijai (LBSF) ir nos\u016bt\u012bta ar\u012b ofici\u0101la s\u016bdz\u012bba, nor\u0101dot uz IBSF \u0113tikas kodeksa p\u0101rk\u0101pumu. LBSF\u00a0 \u0123ener\u0101lsekret\u0101re Janika Judeika situ\u0101ciju koment\u0113t attur\u0113j\u0101s, nor\u0101dot, ka pa\u0161laik atrodas Sanktmoric\u0101, \u0160veic\u0113,\u00a0un zina tikai pa\u0161u faktu, bet nezina deta\u013cas.\u00a0<\/p>\n<p>Lai skat\u012btu \u0161o resursu, mums ir nepiecie\u0161ama j\u016bsu piekri\u0161ana s\u012bkdatn\u0113m.<\/p>\n<p>Piekr\u012btu &#8220;Tre\u0161\u0101s puses&#8221; s\u012bkdatn\u0113mP\u0101rvald\u012bt s\u012bkdatnes<\/p>\n<p>Eiropas kausa sacens\u012bb\u0101m neitr\u0101l\u0101 atl\u0113ta status\u0101 pieteikts ar\u012b krievu skeletonists Vladislavs Semjonovs, kur\u0161 atrodams Ukrainas sankciju sarakst\u0101 k\u0101 Krievijas armijas sporta kluba biedrs.<\/p>\n<p>KONTEKSTS:<\/p>\n<p>\u012aglsas tras\u0113 risin\u0101s Eiropa kausa posms, kas ir otr\u0101 l\u012bme\u0146a sacens\u012bbas aiz Pasaules kausa izc\u012b\u0146as, sportistiem kr\u0101jot ieskaites punktus Mil\u0101nas-Kort\u012bnas ziemas olimpisko sp\u0113\u013cu kvalifik\u0101cij\u0101.<\/p>\n<p>Neitr\u0101la sportista statusu ieguvu\u0161iem Krievijas skeletonistiem at\u013cauts start\u0113t IBSF sacens\u012bb\u0101s, lai izpild\u012btu kvalifik\u0101cijas pras\u012bbas un ieg\u016btu ties\u012bbas start\u0113t olimpiskaj\u0101s sp\u0113l\u0113s. Kvalifik\u0101cija nosl\u0113gsies 18. janv\u0101r\u012b.<\/p>\n<p>                    Valodas k\u013c\u016bda rakst\u0101?<\/p>\n<p class=\"d-none d-md-block\">Iez\u012bm\u0113jiet tekstu un spiediet Ctrl+Enter, lai nos\u016bt\u012btu labojamo teksta fragmentu redaktoram! Par faktu k\u013c\u016bd\u0101m l\u016bdzam zi\u0146ot e-past\u0101 <a href=\"https:\/\/www.lsm.lv\/cdn-cgi\/l\/email-protection\" class=\"__cf_email__\" data-cfemail=\"a0d2c5c4c1cbc3c9cac1e0ccd3cd8eccd6\" rel=\"nofollow noopener\" target=\"_blank\">[email\u00a0protected]<\/a>.<\/p>\n<p class=\"d-md-none\">Iez\u012bm\u0113jiet tekstu un spiediet uz Zi\u0146ot par k\u013c\u016bdu pogas, lai nos\u016bt\u012btu labojamo teksta fragmentu redaktoram!<\/p>\n<p>\n                    Zi\u0146ot par k\u013c\u016bdu\n                <\/p>\n","protected":false},"excerpt":{"rendered":"\u012aglsas tras\u0113, Austrij\u0101, 8. janv\u0101ra r\u012bt\u0101 norisin\u0101j\u0101s Ukrainas, Latvijas un Zviedrijas skeletonistu protesta akcija pret Krievijas sportistu dal\u012bbu&hellip;\n","protected":false},"author":2,"featured_media":98172,"comment_status":"","ping_status":"","sticky":false,"template":"","format":"standard","meta":{"footnotes":""},"categories":[14],"tags":[23,57,28,29,32,33,22,30,31,35,39,38,36,37,34,40,20,26,27,24,25,54,55,56,21,58],"class_list":{"0":"post-98171","1":"post","2":"type-post","3":"status-publish","4":"format-standard","5":"has-post-thumbnail","7":"category-zinas-no-arvalstim","8":"tag-aktualitates","9":"tag-arvalstim","10":"tag-breaking-news","11":"tag-breakingnews","12":"tag-featured-news","13":"tag-featurednews","14":"tag-headlines","15":"tag-latest-news","16":"tag-latestnews","17":"tag-latvia","18":"tag-latvian","19":"tag-latviesu","20":"tag-latviesu-valoda","21":"tag-latviesuvaloda","22":"tag-latvija","23":"tag-lv","24":"tag-news","25":"tag-popularakas-zinas","26":"tag-popularakaszinas","27":"tag-top-stories","28":"tag-topstories","29":"tag-world","30":"tag-world-news","31":"tag-worldnews","32":"tag-zinas","33":"tag-zinas-no-arvalstim"},"share_on_mastodon":{"url":"https:\/\/pubeurope.com\/@lv\/115859108849491563","error":""},"_links":{"self":[{"href":"https:\/\/www.europesays.com\/lv\/wp-json\/wp\/v2\/posts\/98171","targetHints":{"allow":["GET"]}}],"collection":[{"href":"https:\/\/www.europesays.com\/lv\/wp-json\/wp\/v2\/posts"}],"about":[{"href":"https:\/\/www.europesays.com\/lv\/wp-json\/wp\/v2\/types\/post"}],"author":[{"embeddable":true,"href":"https:\/\/www.europesays.com\/lv\/wp-json\/wp\/v2\/users\/2"}],"replies":[{"embeddable":true,"href":"https:\/\/www.europesays.com\/lv\/wp-json\/wp\/v2\/comments?post=98171"}],"version-history":[{"count":0,"href":"https:\/\/www.europesays.com\/lv\/wp-json\/wp\/v2\/posts\/98171\/revisions"}],"wp:featuredmedia":[{"embeddable":true,"href":"https:\/\/www.europesays.com\/lv\/wp-json\/wp\/v2\/media\/98172"}],"wp:attachment":[{"href":"https:\/\/www.europesays.com\/lv\/wp-json\/wp\/v2\/media?parent=98171"}],"wp:term":[{"taxonomy":"category","embeddable":true,"href":"https:\/\/www.europesays.com\/lv\/wp-json\/wp\/v2\/categories?post=98171"},{"taxonomy":"post_tag","embeddable":true,"href":"https:\/\/www.europesays.com\/lv\/wp-json\/wp\/v2\/tags?post=98171"}],"curies":[{"name":"wp","href":"https:\/\/api.w.org\/{rel}","templated":true}]}}