{"id":98180,"date":"2026-01-08T11:01:14","date_gmt":"2026-01-08T11:01:14","guid":{"rendered":"https:\/\/www.europesays.com\/lv\/98180\/"},"modified":"2026-01-08T11:01:14","modified_gmt":"2026-01-08T11:01:14","slug":"trampa-izteikumi-liek-augt-aizsardzibas-uznemumu-vertibai","status":"publish","type":"post","link":"https:\/\/www.europesays.com\/lv\/98180\/","title":{"rendered":"Trampa izteikumi liek augt aizsardz\u012bbas uz\u0146\u0113mumu v\u0113rt\u012bbai"},"content":{"rendered":"<p>Ceturtdien glob\u0101l\u0101s aizsardz\u012bbas nozares akcijas piedz\u012bvoja k\u0101pumu, turpinot pieauguma tempu p\u0113c tam, kad ASV prezidents Donalds Tramps aicin\u0101ja 2027. gad\u0101 palielin\u0101t aizsardz\u012bbas bud\u017eetu 1,5 triljonu dol\u0101ru apm\u0113r\u0101, raksta CNBC.<\/p>\n<p>&#8220;Es esmu noteicis, ka m\u016bsu valsts labad, sevi\u0161\u0137i \u0161aj\u0101 \u013coti satrauco\u0161aj\u0101 un b\u012bstamaj\u0101 laik\u0101, m\u016bsu milit\u0101rajam bud\u017eetam 2027. gadam vajadz\u0113tu b\u016bt nevis vienam triljonam dol\u0101ru, bet 1,5 triljoniem dol\u0101ru,&#8221; Tramps pazi\u0146oja sav\u0101 soci\u0101lo mediju platform\u0101 &#8220;Truth Social&#8221;.<\/p>\n<p>&#8220;Northrop Grumman&#8221; akciju cena pirmstirdzniec\u012bbas tirdzniec\u012bb\u0101 ceturtdien pieauga par 6,8 %, &#8220;Lockheed Martin&#8221; akciju cena p\u0113d\u0113jo reizi pieauga par 6,7 %, RTX akciju cena pieauga par 5,4 %, bet &#8220;Kratos Defense&#8221; akciju cena pieauga par 6,6 %.<\/p>\n<p class=\"m-0\">Seko &#8220;Delfi&#8221; ar\u012b  <a target=\"_blank\" href=\"https:\/\/www.instagram.com\/delfi.lv\/\" rel=\"nofollow noopener\">Instagram<\/a>  un <a target=\"_blank\" href=\"https:\/\/www.youtube.com\/channel\/UCw5foWtcJvAbUm64rv7jwUQ\" rel=\"nofollow noopener\">YouTube<\/a>  profil\u0101 \u2013 pievienojies, lai uzzin\u0101tu svar\u012bg\u0101ko un interesant\u0101ko pirmais!<\/p>\n<p>Publik\u0101cijas saturs vai t\u0101s jebk\u0101da apjoma da\u013ca ir aizsarg\u0101ts autorties\u012bbu objekts Autorties\u012bbu likuma izpratn\u0113, un t\u0101 izmanto\u0161ana bez izdev\u0113ja at\u013caujas ir aizliegta. Vair\u0101k lasi  <a target=\"_blank\" href=\"https:\/\/www.delfi.lv\/noteikumi#autortiesibas\" rel=\"nofollow noopener\">\u0161eit<\/a><script async src=\"\/\/www.instagram.com\/embed.js\"><\/script><\/p>\n","protected":false},"excerpt":{"rendered":"Ceturtdien glob\u0101l\u0101s aizsardz\u012bbas nozares akcijas piedz\u012bvoja k\u0101pumu, turpinot pieauguma tempu p\u0113c tam, kad ASV prezidents Donalds Tramps aicin\u0101ja&hellip;\n","protected":false},"author":2,"featured_media":98181,"comment_status":"","ping_status":"","sticky":false,"template":"","format":"standard","meta":{"footnotes":""},"categories":[5],"tags":[23,28,29,542,32,33,3352,22,30,31,35,39,38,36,37,34,40,3740,20,26,27,24,25,21],"class_list":{"0":"post-98180","1":"post","2":"type-post","3":"status-publish","4":"format-standard","5":"has-post-thumbnail","7":"category-aktualitates","8":"tag-aktualitates","9":"tag-breaking-news","10":"tag-breakingnews","11":"tag-donalds-tramps","12":"tag-featured-news","13":"tag-featurednews","14":"tag-finansu-tirgi","15":"tag-headlines","16":"tag-latest-news","17":"tag-latestnews","18":"tag-latvia","19":"tag-latvian","20":"tag-latviesu","21":"tag-latviesu-valoda","22":"tag-latviesuvaloda","23":"tag-latvija","24":"tag-lv","25":"tag-modernas-tehnologijas","26":"tag-news","27":"tag-popularakas-zinas","28":"tag-popularakaszinas","29":"tag-top-stories","30":"tag-topstories","31":"tag-zinas"},"share_on_mastodon":{"url":"https:\/\/pubeurope.com\/@lv\/115859140395557273","error":""},"_links":{"self":[{"href":"https:\/\/www.europesays.com\/lv\/wp-json\/wp\/v2\/posts\/98180","targetHints":{"allow":["GET"]}}],"collection":[{"href":"https:\/\/www.europesays.com\/lv\/wp-json\/wp\/v2\/posts"}],"about":[{"href":"https:\/\/www.europesays.com\/lv\/wp-json\/wp\/v2\/types\/post"}],"author":[{"embeddable":true,"href":"https:\/\/www.europesays.com\/lv\/wp-json\/wp\/v2\/users\/2"}],"replies":[{"embeddable":true,"href":"https:\/\/www.europesays.com\/lv\/wp-json\/wp\/v2\/comments?post=98180"}],"version-history":[{"count":0,"href":"https:\/\/www.europesays.com\/lv\/wp-json\/wp\/v2\/posts\/98180\/revisions"}],"wp:featuredmedia":[{"embeddable":true,"href":"https:\/\/www.europesays.com\/lv\/wp-json\/wp\/v2\/media\/98181"}],"wp:attachment":[{"href":"https:\/\/www.europesays.com\/lv\/wp-json\/wp\/v2\/media?parent=98180"}],"wp:term":[{"taxonomy":"category","embeddable":true,"href":"https:\/\/www.europesays.com\/lv\/wp-json\/wp\/v2\/categories?post=98180"},{"taxonomy":"post_tag","embeddable":true,"href":"https:\/\/www.europesays.com\/lv\/wp-json\/wp\/v2\/tags?post=98180"}],"curies":[{"name":"wp","href":"https:\/\/api.w.org\/{rel}","templated":true}]}}