{"id":98203,"date":"2026-01-08T11:23:06","date_gmt":"2026-01-08T11:23:06","guid":{"rendered":"https:\/\/www.europesays.com\/lv\/98203\/"},"modified":"2026-01-08T11:23:06","modified_gmt":"2026-01-08T11:23:06","slug":"zalando-slegs-logistikas-centru-vacija-dienas-bizness","status":"publish","type":"post","link":"https:\/\/www.europesays.com\/lv\/98203\/","title":{"rendered":"Zalando sl\u0113gs lo\u0123istikas centru V\u0101cij\u0101 :: Dienas Bizness"},"content":{"rendered":"<p class=\"text-font font-size--text-xlarge margin-3--bottom font-weight--bold padding-1--top\">S\u016bt\u012bjumu lo\u0123istikas uz\u0146\u0113mums Omniva ir nosl\u0113dzis strat\u0113\u0123isku partner\u012bbu ar Zalando, vienu no liel\u0101kajiem tie\u0161saistes modes mazumtirgot\u0101jiem Eirop\u0101.<\/p>\n<p class=\"text-font font-size--text-xlarge margin-3--bottom\">S\u0101kot ar \u0161o m\u0113nesi, Omniva k\u013c\u016bs par Zalando ekskluz\u012bvo p\u0113d\u0113j\u0101s j\u016bdzes pieg\u0101des partneri Igaunij\u0101, Latvij\u0101 un Lietuv\u0101, apkalpojot visus pas\u016bt\u012bjumus re\u0123ion\u0101, izmantojot savu pakom\u0101tu un kurjeru t\u012bklu.<\/p>\n<p class=\"text-font font-size--text-xlarge margin-3--bottom\">\u201c\u0160is nav tikai biznesa dar\u012bjums \u2013 tas ir skaidrs sign\u0101ls, ka Baltijas uz\u0146\u0113mums sp\u0113j konkur\u0113t un uzvar\u0113t augst\u0101kaj\u0101 l\u012bmen\u012b Eiropas e-komercij\u0101,\u201d nor\u0101d\u012bja Kristo K\u00f5ivum\u00e4gi, Omniva ES p\u0101rdo\u0161anas vad\u012bt\u0101js. \u201cM\u0113s esam lepni, ka inov\u0101cijas, notur\u012bba un ilgtermi\u0146a redz\u0113jums var iemantot vienas no liel\u0101kaj\u0101m Eiropas e-komercijas komp\u0101nij\u0101m uztic\u012bbu.\u201d<\/p>\n<p class=\"text-font font-size--text-xlarge margin-3--bottom\">Saska\u0146\u0101 ar jauno partner\u012bbu visi Zalando pas\u016bt\u012bjumi Baltij\u0101 tiks pieg\u0101d\u0101ti, izmantojot Omniva moderniz\u0113to pakom\u0101tu un kurjeru t\u012bklu, nodro\u0161inot klientiem \u0101tras, dro\u0161as un \u0113rtas pieg\u0101des.<\/p>\n","protected":false},"excerpt":{"rendered":"S\u016bt\u012bjumu lo\u0123istikas uz\u0146\u0113mums Omniva ir nosl\u0113dzis strat\u0113\u0123isku partner\u012bbu ar Zalando, vienu no liel\u0101kajiem tie\u0161saistes modes mazumtirgot\u0101jiem Eirop\u0101. S\u0101kot&hellip;\n","protected":false},"author":2,"featured_media":98204,"comment_status":"","ping_status":"","sticky":false,"template":"","format":"standard","meta":{"footnotes":""},"categories":[14],"tags":[23,57,869,77,870,28,29,867,32,33,22,30,31,35,39,38,36,37,34,871,868,40,20,26,27,24,25,54,55,56,21,58],"class_list":{"0":"post-98203","1":"post","2":"type-post","3":"status-publish","4":"format-standard","5":"has-post-thumbnail","7":"category-zinas-no-arvalstim","8":"tag-aktualitates","9":"tag-arvalstim","10":"tag-biznesa-zinas","11":"tag-bizness","12":"tag-bizness-latvija","13":"tag-breaking-news","14":"tag-breakingnews","15":"tag-dienas-zinas","16":"tag-featured-news","17":"tag-featurednews","18":"tag-headlines","19":"tag-latest-news","20":"tag-latestnews","21":"tag-latvia","22":"tag-latvian","23":"tag-latviesu","24":"tag-latviesu-valoda","25":"tag-latviesuvaloda","26":"tag-latvija","27":"tag-latvijas-biznesa-zinas","28":"tag-latvijas-zinas","29":"tag-lv","30":"tag-news","31":"tag-popularakas-zinas","32":"tag-popularakaszinas","33":"tag-top-stories","34":"tag-topstories","35":"tag-world","36":"tag-world-news","37":"tag-worldnews","38":"tag-zinas","39":"tag-zinas-no-arvalstim"},"share_on_mastodon":{"url":"https:\/\/pubeurope.com\/@lv\/115859226918864417","error":""},"_links":{"self":[{"href":"https:\/\/www.europesays.com\/lv\/wp-json\/wp\/v2\/posts\/98203","targetHints":{"allow":["GET"]}}],"collection":[{"href":"https:\/\/www.europesays.com\/lv\/wp-json\/wp\/v2\/posts"}],"about":[{"href":"https:\/\/www.europesays.com\/lv\/wp-json\/wp\/v2\/types\/post"}],"author":[{"embeddable":true,"href":"https:\/\/www.europesays.com\/lv\/wp-json\/wp\/v2\/users\/2"}],"replies":[{"embeddable":true,"href":"https:\/\/www.europesays.com\/lv\/wp-json\/wp\/v2\/comments?post=98203"}],"version-history":[{"count":0,"href":"https:\/\/www.europesays.com\/lv\/wp-json\/wp\/v2\/posts\/98203\/revisions"}],"wp:featuredmedia":[{"embeddable":true,"href":"https:\/\/www.europesays.com\/lv\/wp-json\/wp\/v2\/media\/98204"}],"wp:attachment":[{"href":"https:\/\/www.europesays.com\/lv\/wp-json\/wp\/v2\/media?parent=98203"}],"wp:term":[{"taxonomy":"category","embeddable":true,"href":"https:\/\/www.europesays.com\/lv\/wp-json\/wp\/v2\/categories?post=98203"},{"taxonomy":"post_tag","embeddable":true,"href":"https:\/\/www.europesays.com\/lv\/wp-json\/wp\/v2\/tags?post=98203"}],"curies":[{"name":"wp","href":"https:\/\/api.w.org\/{rel}","templated":true}]}}