{"id":98208,"date":"2026-01-08T11:29:08","date_gmt":"2026-01-08T11:29:08","guid":{"rendered":"https:\/\/www.europesays.com\/lv\/98208\/"},"modified":"2026-01-08T11:29:08","modified_gmt":"2026-01-08T11:29:08","slug":"polija-no-latvijas-parnem-nato-1-pastavigas-juras-pretminu-grupas-vadibu","status":"publish","type":"post","link":"https:\/\/www.europesays.com\/lv\/98208\/","title":{"rendered":"Polija no Latvijas p\u0101r\u0146em NATO 1. past\u0101v\u012bg\u0101s j\u016bras pretm\u012bnu grupas vad\u012bbu"},"content":{"rendered":"<p>Kop\u0161 2025. gada j\u016blija SNMCMG1 grup\u0101 darboj\u0101s 11 ku\u0123i, kas p\u0101rst\u0101v\u0113ja 11 NATO sabiedroto valstis: Be\u013c\u0123iju, Kan\u0101du, D\u0101niju, Somiju, Franciju, V\u0101ciju, Latviju, Lietuvu, N\u012bderlandi, Poliju un Portug\u0101li. Kop\u0101 ku\u0123u grupa nog\u0101ja vair\u0101k nek\u0101 12 760 j\u016bras j\u016bdzes, nep\u0101rtraukti veicot uzdevumus j\u016br\u0101.<\/p>\n<p>NATO 1. past\u0101v\u012bg\u0101 j\u016bras pretm\u012bnu grupa ir viena no \u010detr\u0101m NATO past\u0101v\u012bgaj\u0101m J\u016bras sp\u0113ku grup\u0101m. NATO past\u0101v\u012bg\u0101s J\u016bras sp\u0113ku grupas veido NATO Rea\u0123\u0113\u0161anas sp\u0113ku j\u016bras komponenti, kas darbojas k\u0101 \u0101tr\u0101s rea\u0123\u0113\u0161anas sp\u0113ki. NATO 1. past\u0101v\u012bg\u0101 j\u016bras pretm\u012bnu grupa ir viena no div\u0101m Alianses j\u016bras komponentes daudznacion\u0101laj\u0101m vien\u012bb\u0101m, kas izveidota m\u012bnu izn\u012bcin\u0101\u0161anas oper\u0101ciju veik\u0161anai, un NATO Rea\u0123\u0113\u0161anas sp\u0113ku sast\u0101v\u0101 demonstr\u0113 NATO sp\u0113ju darboties vis\u0101 Zieme\u013catlantijas re\u0123ion\u0101, Baltijas j\u016br\u0101 un Arktikas pieej\u0101s.<\/p>\n","protected":false},"excerpt":{"rendered":"Kop\u0161 2025. gada j\u016blija SNMCMG1 grup\u0101 darboj\u0101s 11 ku\u0123i, kas p\u0101rst\u0101v\u0113ja 11 NATO sabiedroto valstis: Be\u013c\u0123iju, Kan\u0101du, D\u0101niju,&hellip;\n","protected":false},"author":2,"featured_media":98209,"comment_status":"","ping_status":"","sticky":false,"template":"","format":"standard","meta":{"footnotes":""},"categories":[14],"tags":[23,57,28,29,32,33,22,30,31,35,39,38,36,37,34,40,71,20,72,26,27,24,25,54,55,56,21,58],"class_list":{"0":"post-98208","1":"post","2":"type-post","3":"status-publish","4":"format-standard","5":"has-post-thumbnail","7":"category-zinas-no-arvalstim","8":"tag-aktualitates","9":"tag-arvalstim","10":"tag-breaking-news","11":"tag-breakingnews","12":"tag-featured-news","13":"tag-featurednews","14":"tag-headlines","15":"tag-latest-news","16":"tag-latestnews","17":"tag-latvia","18":"tag-latvian","19":"tag-latviesu","20":"tag-latviesu-valoda","21":"tag-latviesuvaloda","22":"tag-latvija","23":"tag-lv","24":"tag-nato","25":"tag-news","26":"tag-polija","27":"tag-popularakas-zinas","28":"tag-popularakaszinas","29":"tag-top-stories","30":"tag-topstories","31":"tag-world","32":"tag-world-news","33":"tag-worldnews","34":"tag-zinas","35":"tag-zinas-no-arvalstim"},"share_on_mastodon":{"url":"https:\/\/pubeurope.com\/@lv\/115859250400836975","error":""},"_links":{"self":[{"href":"https:\/\/www.europesays.com\/lv\/wp-json\/wp\/v2\/posts\/98208","targetHints":{"allow":["GET"]}}],"collection":[{"href":"https:\/\/www.europesays.com\/lv\/wp-json\/wp\/v2\/posts"}],"about":[{"href":"https:\/\/www.europesays.com\/lv\/wp-json\/wp\/v2\/types\/post"}],"author":[{"embeddable":true,"href":"https:\/\/www.europesays.com\/lv\/wp-json\/wp\/v2\/users\/2"}],"replies":[{"embeddable":true,"href":"https:\/\/www.europesays.com\/lv\/wp-json\/wp\/v2\/comments?post=98208"}],"version-history":[{"count":0,"href":"https:\/\/www.europesays.com\/lv\/wp-json\/wp\/v2\/posts\/98208\/revisions"}],"wp:featuredmedia":[{"embeddable":true,"href":"https:\/\/www.europesays.com\/lv\/wp-json\/wp\/v2\/media\/98209"}],"wp:attachment":[{"href":"https:\/\/www.europesays.com\/lv\/wp-json\/wp\/v2\/media?parent=98208"}],"wp:term":[{"taxonomy":"category","embeddable":true,"href":"https:\/\/www.europesays.com\/lv\/wp-json\/wp\/v2\/categories?post=98208"},{"taxonomy":"post_tag","embeddable":true,"href":"https:\/\/www.europesays.com\/lv\/wp-json\/wp\/v2\/tags?post=98208"}],"curies":[{"name":"wp","href":"https:\/\/api.w.org\/{rel}","templated":true}]}}