{"id":98212,"date":"2026-01-08T11:35:07","date_gmt":"2026-01-08T11:35:07","guid":{"rendered":"https:\/\/www.europesays.com\/lv\/98212\/"},"modified":"2026-01-08T11:35:07","modified_gmt":"2026-01-08T11:35:07","slug":"dnipropetrovskas-apgabala-miljons-iedzivotaju-joprojam-bez-apkures-un-udens-raksts","status":"publish","type":"post","link":"https:\/\/www.europesays.com\/lv\/98212\/","title":{"rendered":"D\u0146ipropetrovskas apgabal\u0101 miljons iedz\u012bvot\u0101ju joproj\u0101m bez apkures un \u016bdens \/ Raksts"},"content":{"rendered":"<p>Krievijas uzbrukumos nopietni cietusi\u00a0D\u0146ipropetrovskas apgabala kritisk\u0101 infrastrukt\u016bra, kur bez apkures un \u016bdens joproj\u0101m paliek vair\u0101k nek\u0101 miljons iedz\u012bvot\u0101ju. Savuk\u0101rt Ukrainas Zapori\u017ejas apgabal\u0101 piln\u012bb\u0101 atjaunota elektroapg\u0101de p\u0113c tam, kad aizvad\u012btaj\u0101 nakt\u012b Krievija ar droniem \u012bstenoja uzbrukumus re\u0123iona energoinfrastrukt\u016brai, atst\u0101jot t\u016bksto\u0161iem m\u0101jsaimniec\u012bbu bez elektr\u012bbas.<\/p>\n<p><a id=\"1\" name=\"1\">Bez elektr\u012bbas bija paliku\u0161as t\u016bksto\u0161iem m\u0101jsaimniec\u012bbu\u00a0<\/a><\/p>\n<p>Krievija sp\u0113ki uzbruka Ukrainai ar desmitiem trieciendronu tre\u0161dienas v\u0113l\u0101\u00a0vakar\u0101, cita starp\u0101, raidot bezpilota lidapar\u0101tus pret kara plos\u012bt\u0101s valsts energoinfrastrukt\u016bru.<\/p>\n<p>T\u016bksto\u0161iem m\u0101jsaimniec\u012bbu Ukrainas Zapori\u017ejas un D\u0146ipropetrovskas apgabalos bija paliku\u0161as bez elektr\u012bbas un apkures p\u0113c Krievijas uzbrukumiem energoinfrastrukt\u016brai.\u00a0<\/p>\n<p>D\u0146ipropetrovskas apgabala administrat\u012bv\u0101 centra Dnipro m\u0113rs Boriss Filatovs pazi\u0146oja, ka vis\u0101m pils\u0113t\u0101 eso\u0161aj\u0101m slimn\u012bc\u0101m elektr\u012bbu nodro\u0161ina ar \u0123eneratoriem.<\/p>\n<blockquote>\n<p>Vienlaikus vi\u0146\u0161 atz\u012bm\u0113ja, ka vair\u0101k nek\u0101 miljons apgabala iedz\u012bvot\u0101ju paliku\u0161i bez apkures un \u016bdens.<\/p>\n<\/blockquote>\n<p>Ukrainas sabiedriskais medijs &#8220;Suspilne&#8221; pav\u0113st\u012bjis par mobilo sakaru un metro darb\u012bbas trauc\u0113jumiem D\u0146ipro pils\u0113t\u0101, kur iedz\u012bvot\u0101ji steidz ieg\u0101d\u0101ties p\u0113c iesp\u0113jas vair\u0101k dzeram\u0101 \u016bdens.<\/p>\n<p>&#8220;[Varasiest\u0101des] zi\u0146o, ka nopietni trauc\u0113jumi var\u0113tu turpin\u0101ties l\u012bdz pat \u010detriem dien\u0101. Pat vilcieni esot apst\u0101ju\u0161ies. Es vismaz grib\u0113tu, lai b\u016btu iesp\u0113ja padzerties \u016bdeni,&#8221; sac\u012bja D\u0146ipro iedz\u012bvot\u0101ja.<\/p>\n<p>Elektr\u012bbas atsl\u0113gumu d\u0113\u013c Dnipro skol\u0113nu ziemas br\u012bvlaiks tika pagarin\u0101ts l\u012bdz 9.\u00a0janv\u0101rim.\u00a0K\u0101 pazi\u0146oja D\u0146ipropetrovskas apgabala vad\u012bt\u0101js Mikola Luka\u0161uks, pagaid\u0101m nav zin\u0101ms, kad re\u0123ion\u0101 var\u0113tu piln\u012bb\u0101 atjaunot energoapg\u0101di.<\/p>\n<p>Krievijas dronu uzbrukums ener\u0123\u0113tikas objektiem Zapori\u017ejas apgabal\u0101 izrais\u012bja piln\u012bgu elektrot\u012bkla atsl\u0113gumu re\u0123ion\u0101.\u00a0Atsl\u0113gums sk\u0101ris dz\u012bvojamos rajonus un kritisk\u0101s infrastrukt\u016bras objektus, tostarp slimn\u012bcas, kas bija spiestas piesl\u0113gties \u0123eneratoriem. savuk\u0101rt mobilie sakari apgabal\u0101 bija darboju\u0161ies\u00a0av\u0101rijas re\u017e\u012bm\u0101.<\/p>\n<p>Viet\u0113j\u0101 ener\u0123\u0113tikas uz\u0146\u0113muma speci\u0101listi nakts garum\u0101 str\u0101d\u0101ja pie Krievijas uzbrukuma seku nov\u0113r\u0161anas. K\u0101 pav\u0113st\u012bja uz\u0146\u0113muma p\u0101rst\u0101vis Andrijs Stasevskis, plkst. 5 no r\u012bta p\u0113c viet\u0113j\u0101 laika Ukrainas kontrol\u0113taj\u0101s apgabala teritorij\u0101s piln\u012bb\u0101 tika atjaunota elektroapg\u0101de. P\u0113c vi\u0146a teikt\u0101, pirm\u0101m k\u0101rt\u0101m re\u0123ion\u0101 tika atjaunota siltumapg\u0101des un \u016bdensapg\u0101des objektu darb\u012bba.<\/p>\n<blockquote>\n<p>Vienlaikus vi\u0146\u0161 br\u012bdin\u0101ja, ka p\u0113c nakts ap\u0161aud\u0113m Zapori\u017ejas apgabala energosist\u0113m\u0101 saglab\u0101jas sare\u017e\u0123\u012bta situ\u0101cija.<\/p>\n<\/blockquote>\n<p>T\u0101p\u0113c, lai izvair\u012btos no atk\u0101rtotiem masveida elektroapg\u0101des p\u0101rr\u0101vumiem, viet\u0113jie iedz\u012bvot\u0101ji tika aicin\u0101ti ierobe\u017eot jaud\u012bgu elektroier\u012b\u010du lieto\u0161anu.<\/p>\n<p><a name=\"2\">Krievija ik dienu uzbr\u016bk Ukrainas kritiskajai infrastrukt\u016brai<\/a><\/p>\n<p>Ukrainas premjerministre J\u016blija Sviridenko pazi\u0146oja, ka Krievija ik dienu uzbr\u016bk valsts kritiskajai infrastrukt\u016brai un ener\u0123\u0113tikas uz\u0146\u0113mumu darbinieki str\u0101d\u0101 \u0101rk\u0101rt\u012bgi sare\u017e\u0123\u012btos apst\u0101k\u013cos, lai nodro\u0161in\u0101tu iedz\u012bvot\u0101jus ar elektr\u012bbu un siltumu.<\/p>\n<p>K\u0101 atz\u012bm\u0113ja Ukrainas Nacion\u0101l\u0101s dro\u0161\u012bbas un aizsardz\u012bbas padomes p\u0101rst\u0101vis Andrijs Kova\u013cenko,<\/p>\n<blockquote>\n<p>Krievija \u012bsteno m\u0113r\u0137tiec\u012bgus uzbrukumus Ukrainas energoinfrastrukt\u016brai, lai rad\u012btu humanit\u0101ru katastrofu lielaj\u0101s r\u016bpnieciskaj\u0101s pils\u0113t\u0101s, kur dz\u012bvo simtiem t\u016bksto\u0161u cilv\u0113ku.<\/p>\n<\/blockquote>\n<p>Vi\u0146\u0161 atz\u012bm\u0113ja, ka Krievijas uzbrukumus Ukrainas ener\u0123\u0113tikas sektoram tiek trakt\u0113ti k\u0101 sign\u0101ls par Maskavas nev\u0113l\u0113\u0161anos iev\u0113rot starptautisk\u0101s iniciat\u012bvas un priek\u0161likumus, kas v\u0113rsti uz Krievijas kara izbeig\u0161anu un politisk\u0101 risin\u0101juma mekl\u0113\u0161anu.<\/p>\n<p>Krievija jau ilgsto\u0161i turpina graut Ukrainas civilo ener\u0123\u0113tisko infrastrukt\u016bru. Smaga situ\u0101cija gadu mij\u0101 izveidoj\u0101s Odes\u0101, jo ienaidnieks decembr\u012b nodar\u012bja post\u012bjumus desmit\u00a0ener\u0123\u0113tikas objektiem. Desmitiem t\u016bksto\u0161iem m\u0101jsaimniec\u012bbu p\u0101rtrauca str\u0101vas padevi, un rad\u0101s ar\u012b m\u0101jok\u013cu apsildes probl\u0113mas.<\/p>\n<p><a name=\"3\">Zelenskis:\u00a0Krievijas uzs\u0101ktais kar\u0161 var\u0113tu beigties \u0161\u012b gada pirmaj\u0101 pus\u0113<\/a><\/p>\n<p>Uzst\u0101joties ceremonij\u0101 par godu Kipras prezident\u016bras Eiropas Savien\u012bb\u0101 (ES) s\u0101kumam, Ukrainas prezidents Volodimirs Zelenskis sac\u012bja, ka ir s\u0101cies jauns posms sarun\u0101s ar Eiropas partneriem un ASV\u00a0par kara izbeig\u0161anu.<\/p>\n<blockquote>\n<p>Vi\u0146\u0161 ar\u012b uzsv\u0113ra, ka ES b\u016btu j\u0101uz\u0146emas virsvad\u012bba sarunu proces\u0101, piebilstot, ka Ukraina cer uz kara izbeig\u0161anu l\u012bdz Kipras prezident\u016bras beig\u0101m 30. j\u016bnij\u0101.<\/p>\n<\/blockquote>\n<p>\u0160oned\u0113\u013c Par\u012bz\u0113 nosl\u0113dz\u0101s k\u0101rt\u0113j\u0101s sarunas starp Ukrainas, Eiropas un ASV deleg\u0101cij\u0101m. P\u0113c t\u0101m Kijiva pazi\u0146oja, ka pl\u0101ns kara izbeig\u0161anai ir par 90\u00a0% gatavs. Tas paredz, ka p\u0113c kara beig\u0101m Ukrain\u0101 izvietos daudznacion\u0101los sp\u0113kus, ko veidos Eiropas valstis, bet ASV uzraudz\u012bs pamiera iev\u0113ro\u0161anu.<\/p>\n<p>KONTEKSTS:<\/p>\n<p>Nepamatotais un neizprovoc\u0113tais Krievijas pla\u0161a m\u0113roga iebrukums Ukrain\u0101 s\u0101k\u0101s<a href=\"https:\/\/www.lsm.lv\/raksts\/zinas\/arzemes\/putina-rezims-sacis-masivu-uzbrukumu-ukrainai.a445043\/\" class=\"lsm-link\" data-type=\"article\" data-id=\"445043\" rel=\"nofollow noopener\" target=\"_blank\"> 2022. gada 24. febru\u0101r\u012b<\/a>. Krem\u013ca propaganda sol\u012bja ie\u0146emt Kijivu tr\u012bs dien\u0101s, ta\u010du ukrai\u0146u sp\u0113c\u012bg\u0101 pretest\u012bba ne\u013c\u0101va Kremlim realiz\u0113t savus pl\u0101nus.<\/p>\n<p>P\u0113c neveiksm\u0113m Kremlis izveda armiju no Kijivas apgabala, bet turpin\u0101ja ofens\u012bvu citos re\u0123ionos. 2022. gada ruden\u012b ukrai\u0146u armijai izdev\u0101s atbr\u012bvot <a href=\"https:\/\/www.lsm.lv\/raksts\/zinas\/arzemes\/sala-zeme-harkivas-atbrivosana--ltv-zinu-dienesta-filma-par-krievijas-kara-plosito-ukrainu.a477237\/\" class=\"lsm-link\" data-type=\"article\" data-id=\"477237\" rel=\"nofollow noopener\" target=\"_blank\">Harkivas apgabalu<\/a> un da\u013cu<a href=\"https:\/\/www.lsm.lv\/raksts\/zinas\/arzemes\/zelenskis-mes-esam-atguvusi-hersonu.a482245\/\" class=\"lsm-link\" data-type=\"article\" data-id=\"482245\" rel=\"nofollow noopener\" target=\"_blank\"> Hersonas apgabala<\/a>, vairojot cer\u012bbas uz iesp\u0113ju sakaut pretinieku.<\/p>\n<p>Ta\u010du 2023. gada vasar\u0101 s\u0101ktais Ukrainas pretuzbrukums nebija tik veiksm\u012bgs, ko Ukrainas armija skaidro gan ar nepietiekamu iero\u010du nodro\u0161in\u0101jumu no Rietumu sabiedrotajiem, gan ar Krievijas armijas izveidoto pamat\u012bgo aizsardz\u012bbas l\u012bniju un pla\u0161ajiem m\u012bnu laukiem.<\/p>\n<p>2024. gada august\u0101 Ukraina veica<a href=\"https:\/\/www.lsm.lv\/article-preview\/zinas\/arzemes\/07.08.2024-ukraina-un-krievija-uzsakusi-cinas-kurskas-apgabala.a564270\/\" class=\"lsm-link\" data-type=\"article\" data-id=\"564270\" rel=\"nofollow noopener\" target=\"_blank\"> iebrukumu<\/a> Kurskas apgabal\u0101 Krievij\u0101. T\u0101 ir pirm\u0101 reize kop\u0161 Otr\u0101 pasaules kara, kad Krievijas teritorijas da\u013cu ilgsto\u0161i ie\u0146\u0113mis \u0101rvalstu karasp\u0113ks.<\/p>\n<p>Kop\u0161 2024. gada rudens Krievija karadarb\u012bb\u0101 pret Ukrainu iesaist\u012bjusi ar\u012b lielu<a href=\"https:\/\/www.lsm.lv\/raksts\/zinas\/arzemes\/18.10.2024-izluki-ziemelkoreja-grib-nosutit-12-000-karaviru-uz-karu-ukraina-dalu-jau-apmaca-krievija.a573077\/?utm_source=lsm&amp;utm_medium=article-body&amp;utm_campaign=admin\" class=\"lsm-link\" data-type=\"article\" data-id=\"573077\" rel=\"nofollow noopener\" target=\"_blank\"> Zieme\u013ckorejas karav\u012bru<\/a> skaitu. 2025. gada vasar\u0101 Zelenskis<a href=\"https:\/\/www.lsm.lv\/article-preview\/zinas\/arzemes\/05.08.2025-zelenskis-ukrainas-austrumos-krievijas-armija-karo-algotni-no-kinas-un-pakistanas.a609234\/\" class=\"lsm-link\" data-type=\"article\" data-id=\"609234\" rel=\"nofollow noopener\" target=\"_blank\"> pav\u0113st\u012bja<\/a>, ka Ukrainas austrumos Krievijas armij\u0101 karo ar\u012b algot\u0146i no \u0136\u012bnas un Pakist\u0101nas.<\/p>\n<p>Lai ar\u012b l\u012bdz ar ASV prezidenta Donalda Trampa st\u0101\u0161anos amat\u0101 starp Balto namu, Kremli un Kijivu vair\u0101kk\u0101rt notiku\u0161as sarunas par pamieru Ukrain\u0101, l\u012bdz \u0161im t\u0101s rezult\u0101tus nav devu\u0161as.<\/p>\n<p>                    Valodas k\u013c\u016bda rakst\u0101?<\/p>\n<p class=\"d-none d-md-block\">Iez\u012bm\u0113jiet tekstu un spiediet Ctrl+Enter, lai nos\u016bt\u012btu labojamo teksta fragmentu redaktoram! Par faktu k\u013c\u016bd\u0101m l\u016bdzam zi\u0146ot e-past\u0101 <a href=\"https:\/\/www.lsm.lv\/cdn-cgi\/l\/email-protection\" class=\"__cf_email__\" data-cfemail=\"2a584f4e4b414943404b6a46594704465c\" rel=\"nofollow noopener\" target=\"_blank\">[email\u00a0protected]<\/a>.<\/p>\n<p class=\"d-md-none\">Iez\u012bm\u0113jiet tekstu un spiediet uz Zi\u0146ot par k\u013c\u016bdu pogas, lai nos\u016bt\u012btu labojamo teksta fragmentu redaktoram!<\/p>\n<p>\n                    Zi\u0146ot par k\u013c\u016bdu\n                <\/p>\n","protected":false},"excerpt":{"rendered":"Krievijas uzbrukumos nopietni cietusi\u00a0D\u0146ipropetrovskas apgabala kritisk\u0101 infrastrukt\u016bra, kur bez apkures un \u016bdens joproj\u0101m paliek vair\u0101k nek\u0101 miljons iedz\u012bvot\u0101ju.&hellip;\n","protected":false},"author":2,"featured_media":97865,"comment_status":"","ping_status":"","sticky":false,"template":"","format":"standard","meta":{"footnotes":""},"categories":[14],"tags":[23,57,28,29,32,33,22,30,31,35,39,38,36,37,34,40,20,26,27,24,25,54,55,56,21,58],"class_list":{"0":"post-98212","1":"post","2":"type-post","3":"status-publish","4":"format-standard","5":"has-post-thumbnail","7":"category-zinas-no-arvalstim","8":"tag-aktualitates","9":"tag-arvalstim","10":"tag-breaking-news","11":"tag-breakingnews","12":"tag-featured-news","13":"tag-featurednews","14":"tag-headlines","15":"tag-latest-news","16":"tag-latestnews","17":"tag-latvia","18":"tag-latvian","19":"tag-latviesu","20":"tag-latviesu-valoda","21":"tag-latviesuvaloda","22":"tag-latvija","23":"tag-lv","24":"tag-news","25":"tag-popularakas-zinas","26":"tag-popularakaszinas","27":"tag-top-stories","28":"tag-topstories","29":"tag-world","30":"tag-world-news","31":"tag-worldnews","32":"tag-zinas","33":"tag-zinas-no-arvalstim"},"share_on_mastodon":{"url":"https:\/\/pubeurope.com\/@lv\/115859274077351123","error":""},"_links":{"self":[{"href":"https:\/\/www.europesays.com\/lv\/wp-json\/wp\/v2\/posts\/98212","targetHints":{"allow":["GET"]}}],"collection":[{"href":"https:\/\/www.europesays.com\/lv\/wp-json\/wp\/v2\/posts"}],"about":[{"href":"https:\/\/www.europesays.com\/lv\/wp-json\/wp\/v2\/types\/post"}],"author":[{"embeddable":true,"href":"https:\/\/www.europesays.com\/lv\/wp-json\/wp\/v2\/users\/2"}],"replies":[{"embeddable":true,"href":"https:\/\/www.europesays.com\/lv\/wp-json\/wp\/v2\/comments?post=98212"}],"version-history":[{"count":0,"href":"https:\/\/www.europesays.com\/lv\/wp-json\/wp\/v2\/posts\/98212\/revisions"}],"wp:featuredmedia":[{"embeddable":true,"href":"https:\/\/www.europesays.com\/lv\/wp-json\/wp\/v2\/media\/97865"}],"wp:attachment":[{"href":"https:\/\/www.europesays.com\/lv\/wp-json\/wp\/v2\/media?parent=98212"}],"wp:term":[{"taxonomy":"category","embeddable":true,"href":"https:\/\/www.europesays.com\/lv\/wp-json\/wp\/v2\/categories?post=98212"},{"taxonomy":"post_tag","embeddable":true,"href":"https:\/\/www.europesays.com\/lv\/wp-json\/wp\/v2\/tags?post=98212"}],"curies":[{"name":"wp","href":"https:\/\/api.w.org\/{rel}","templated":true}]}}