{"id":98234,"date":"2026-01-08T12:00:07","date_gmt":"2026-01-08T12:00:07","guid":{"rendered":"https:\/\/www.europesays.com\/lv\/98234\/"},"modified":"2026-01-08T12:00:07","modified_gmt":"2026-01-08T12:00:07","slug":"buvnieki-rigas-domei-prasa-24-miljonu-eiro-atlidzibu-par-skanstes-projekta-izbeigsanu","status":"publish","type":"post","link":"https:\/\/www.europesays.com\/lv\/98234\/","title":{"rendered":"B\u016bvnieki R\u012bgas domei prasa 2,4 miljonu eiro atl\u012bdz\u012bbu par Skanstes projekta izbeig\u0161anu"},"content":{"rendered":"<p>Skanstes teritorijas revitaliz\u0101cijas projekta pirm\u0101 k\u0101rta tika \u012bstenota ar Eiropas fondu l\u012bdzfinans\u0113jumu, valsts bud\u017eeta dot\u0101ciju un R\u012bgas pa\u0161vald\u012bbas l\u012bdzfinans\u0113jumu. Kop\u0113j\u0101s ar projekta \u012bsteno\u0161anu saist\u012bt\u0101s izmaksas ir 21,7 miljoni eiro, no t\u0101m Eiropas Re\u0123ion\u0101l\u0101s att\u012bst\u012bbas fonda finans\u0113jums &#8211; 4,6 miljoni eiro, valsts bud\u017eeta dot\u0101cija 670 334 eiro, bet R\u012bgas pa\u0161vald\u012bbas l\u012bdzfinans\u0113jums &#8211; 16,5 miljoni eiro.<\/p>\n<p>P\u0113c atkl\u0101\u0161anas tika konstat\u0113ts, ka Skanstes park\u0101 grimst kanaliz\u0101cija, turkl\u0101t par \u0161\u0101du iesp\u0113jam\u012bbu pa\u0161vald\u012bba iepriek\u0161 br\u012bdin\u0101ta, v\u0113st\u012bja Baltijas p\u0113tniecisk\u0101s \u017eurn\u0101listikas centrs &#8220;Re:Baltica&#8221;.<\/p>\n<p>Kanaliz\u0101cijas projekt\u0113\u0161anas laik\u0101 neesot tiku\u0161i veikti visi nepiecie\u0161amie apr\u0113\u0137ini, kuru tr\u016bkumam savuk\u0101rt netika piev\u0113rsta uzman\u012bba.<\/p>\n<p>B\u016bvnieka mekl\u0113\u0161anas proces\u0101 viens no pretendentiem pa\u0161vald\u012bbu br\u012bdin\u0101ja par iesp\u0113jamu objekta grim\u0161anu teritorij\u0101 eso\u0161aj\u0101s d\u016b\u0146ainaj\u0101s grunt\u012bs, ja kanaliz\u0101cijas sist\u0113ma tiks b\u016bv\u0113ta p\u0113c s\u0101kotn\u0113ji pied\u0101v\u0101t\u0101 projekta. Tom\u0113r, ignor\u0113jot br\u012bdin\u0101jumu, R\u012bgas dome no papildu ekspert\u012bzes atteic\u0101s.<\/p>\n","protected":false},"excerpt":{"rendered":"Skanstes teritorijas revitaliz\u0101cijas projekta pirm\u0101 k\u0101rta tika \u012bstenota ar Eiropas fondu l\u012bdzfinans\u0113jumu, valsts bud\u017eeta dot\u0101ciju un R\u012bgas pa\u0161vald\u012bbas&hellip;\n","protected":false},"author":2,"featured_media":17712,"comment_status":"","ping_status":"","sticky":false,"template":"","format":"standard","meta":{"footnotes":""},"categories":[12],"tags":[23,28,29,18024,32,33,22,30,31,35,39,38,36,37,34,40,20,26,27,687,5845,24,25,21],"class_list":{"0":"post-98234","1":"post","2":"type-post","3":"status-publish","4":"format-standard","5":"has-post-thumbnail","7":"category-latvija","8":"tag-aktualitates","9":"tag-breaking-news","10":"tag-breakingnews","11":"tag-buvnieki","12":"tag-featured-news","13":"tag-featurednews","14":"tag-headlines","15":"tag-latest-news","16":"tag-latestnews","17":"tag-latvia","18":"tag-latvian","19":"tag-latviesu","20":"tag-latviesu-valoda","21":"tag-latviesuvaloda","22":"tag-latvija","23":"tag-lv","24":"tag-news","25":"tag-popularakas-zinas","26":"tag-popularakaszinas","27":"tag-rigas-dome","28":"tag-skanstes-teritorija","29":"tag-top-stories","30":"tag-topstories","31":"tag-zinas"},"share_on_mastodon":{"url":"https:\/\/pubeurope.com\/@lv\/115859372405815742","error":""},"_links":{"self":[{"href":"https:\/\/www.europesays.com\/lv\/wp-json\/wp\/v2\/posts\/98234","targetHints":{"allow":["GET"]}}],"collection":[{"href":"https:\/\/www.europesays.com\/lv\/wp-json\/wp\/v2\/posts"}],"about":[{"href":"https:\/\/www.europesays.com\/lv\/wp-json\/wp\/v2\/types\/post"}],"author":[{"embeddable":true,"href":"https:\/\/www.europesays.com\/lv\/wp-json\/wp\/v2\/users\/2"}],"replies":[{"embeddable":true,"href":"https:\/\/www.europesays.com\/lv\/wp-json\/wp\/v2\/comments?post=98234"}],"version-history":[{"count":0,"href":"https:\/\/www.europesays.com\/lv\/wp-json\/wp\/v2\/posts\/98234\/revisions"}],"wp:featuredmedia":[{"embeddable":true,"href":"https:\/\/www.europesays.com\/lv\/wp-json\/wp\/v2\/media\/17712"}],"wp:attachment":[{"href":"https:\/\/www.europesays.com\/lv\/wp-json\/wp\/v2\/media?parent=98234"}],"wp:term":[{"taxonomy":"category","embeddable":true,"href":"https:\/\/www.europesays.com\/lv\/wp-json\/wp\/v2\/categories?post=98234"},{"taxonomy":"post_tag","embeddable":true,"href":"https:\/\/www.europesays.com\/lv\/wp-json\/wp\/v2\/tags?post=98234"}],"curies":[{"name":"wp","href":"https:\/\/api.w.org\/{rel}","templated":true}]}}