{"id":98235,"date":"2026-01-08T12:01:09","date_gmt":"2026-01-08T12:01:09","guid":{"rendered":"https:\/\/www.europesays.com\/lv\/98235\/"},"modified":"2026-01-08T12:01:09","modified_gmt":"2026-01-08T12:01:09","slug":"prieksa-ir-tuksums-alvis-hermanis-dalas-ar-skumjam-pardomam-par-notiekoso-latvija-jauns-lv","status":"publish","type":"post","link":"https:\/\/www.europesays.com\/lv\/98235\/","title":{"rendered":"&quot;Priek\u0161\u0101 ir tuk\u0161ums&quot; &#8211; Alvis Hermanis dal\u0101s ar skumj\u0101m p\u0101rdom\u0101m par notieko\u0161o Latvij\u0101 &#8211; Jauns.lv"},"content":{"rendered":"<ol>\n<li><a href=\"https:\/\/news.google.com\/rss\/articles\/CBMivgFBVV95cUxQZW1sdVVxS2c0c1Q3LXJsQW9wZFNvN0xLbERBWDM5MEJHOEd6b0dzbzVuVHVwU2o2bTZsOGkzVzloV29KY01FSFVlNGxHUXdlN0tjVmhYLWM1UGtwZjJrTmZxQzdiTTFzRkxXblk0RGdubEh6Z2daZVQyeWFfaVpuVmtBVzNEUUdpdmNGV0FjbDNRU29DZnlEUlZtUklvNXRTS1JyNVVIQ1k5cjBjb0dRNm5ORnZnSG1oN2xBRk5B?oc=5\" target=\"_blank\" rel=\"nofollow noopener\">&#8220;Priek\u0161\u0101 ir tuk\u0161ums&#8221; &#8211; Alvis Hermanis dal\u0101s ar skumj\u0101m p\u0101rdom\u0101m par notieko\u0161o Latvij\u0101<\/a>&nbsp;&nbsp;Jauns.lv<\/li>\n<li><a href=\"https:\/\/news.google.com\/rss\/articles\/CBMiswFBVV95cUxPelVBZE5Fa2hCMElDNldKVEFsVFJnSlA2bEhndzBGLXBBY29DRzBKR2U4LVpTRUJrc3hBaHVnb2dDTkhldXRuc1JYN1ZlbTIwVF91MWtYR29ZZlVDTnVEQVFTekpQbVdJeDYxU1FQZkp4UVZlOTBaRzJjWURHWjdpajlBUGoycl9UdTdEOU9fMS1UekZQNF9XMHZSLXYyQURydUliME14QzJrQWZrejM2eWpDOA?oc=5\" target=\"_blank\" rel=\"nofollow noopener\">\u201cT\u0113laini izsakoties \u2013 tas ir fini\u0161s.\u201d Hermanis skarbi izsak\u0101s par dzimst\u012bbu, varu un Latvijas n\u0101kotni<\/a>&nbsp;&nbsp;LA.LV<\/li>\n<li><a href=\"https:\/\/news.google.com\/rss\/articles\/CBMiwgFBVV95cUxNNDEzM3p4Z0x2MTM2WWQyOTZmeVBqN2RmalJ1UjhyeVZXZXNpeUtPX2JvYlFhaEpkTlkyMjZ0N0pkUGRyUFg2MFBzbWl5aVM3bkJQcEFKNGx6RGg0bmE0eFYtS25ZS1pzR0paTktXcy1hTWx4bVRVaXdQUHdTRlcwSG5la2V6dFZCVDNIUXRIQUNERGw0d3JWQ3c1UWZTay1kLUk5eWNaMXQ1bHRMckQ2LTFlaUNrRmItUGJ6cWhyRzZGQQ?oc=5\" target=\"_blank\" rel=\"nofollow noopener\">&#8220;Priek\u0161\u0101 ir tuk\u0161ums&#8221; &#8211; Alvis Hermanis dal\u0101s ar skumj\u0101m p\u0101rdom\u0101m par Latvijas likteni<\/a>&nbsp;&nbsp;Lente.lv<\/li>\n<li><a href=\"https:\/\/news.google.com\/rss\/articles\/CBMinwFBVV95cUxNenhXeW9wYW9ia2RQcFpNS3FTLVpQaVBwT21sOTVLQld4YWh4cDdvNFdLb2VWcmVXdGY4amUzdUY4c1JJRXktNVJXUzBaNlhzektIUFotRnNUX1RDRVE1NWVfT3lpR1ZMLUVFZW1zc0E1R2s3ZmJyMEYtYlFJbUQ4VmladzhRcXhQSGtFWm9XUUpUZnN1SFFSSElUekR1MFE?oc=5\" target=\"_blank\" rel=\"nofollow noopener\">\u201cT\u0113laini izsakoties &#8211; tas ir fini\u0161s,\u201d \u2013 Hermanis dal\u0101s p\u0101rdom\u0101s par n\u0101kotnes Latviju &#8211;<\/a>&nbsp;&nbsp;bnn.lv<\/li>\n<\/ol>\n","protected":false},"excerpt":{"rendered":"&#8220;Priek\u0161\u0101 ir tuk\u0161ums&#8221; &#8211; Alvis Hermanis dal\u0101s ar skumj\u0101m p\u0101rdom\u0101m par notieko\u0161o Latvij\u0101&nbsp;&nbsp;Jauns.lv \u201cT\u0113laini izsakoties \u2013 tas ir&hellip;\n","protected":false},"author":2,"featured_media":98236,"comment_status":"","ping_status":"","sticky":false,"template":"","format":"standard","meta":{"footnotes":""},"categories":[5],"tags":[23,28,29,32,33,22,30,31,35,39,38,36,37,34,40,20,26,27,24,25,21],"class_list":{"0":"post-98235","1":"post","2":"type-post","3":"status-publish","4":"format-standard","5":"has-post-thumbnail","7":"category-aktualitates","8":"tag-aktualitates","9":"tag-breaking-news","10":"tag-breakingnews","11":"tag-featured-news","12":"tag-featurednews","13":"tag-headlines","14":"tag-latest-news","15":"tag-latestnews","16":"tag-latvia","17":"tag-latvian","18":"tag-latviesu","19":"tag-latviesu-valoda","20":"tag-latviesuvaloda","21":"tag-latvija","22":"tag-lv","23":"tag-news","24":"tag-popularakas-zinas","25":"tag-popularakaszinas","26":"tag-top-stories","27":"tag-topstories","28":"tag-zinas"},"share_on_mastodon":{"url":"https:\/\/pubeurope.com\/@lv\/115859376213284087","error":""},"_links":{"self":[{"href":"https:\/\/www.europesays.com\/lv\/wp-json\/wp\/v2\/posts\/98235","targetHints":{"allow":["GET"]}}],"collection":[{"href":"https:\/\/www.europesays.com\/lv\/wp-json\/wp\/v2\/posts"}],"about":[{"href":"https:\/\/www.europesays.com\/lv\/wp-json\/wp\/v2\/types\/post"}],"author":[{"embeddable":true,"href":"https:\/\/www.europesays.com\/lv\/wp-json\/wp\/v2\/users\/2"}],"replies":[{"embeddable":true,"href":"https:\/\/www.europesays.com\/lv\/wp-json\/wp\/v2\/comments?post=98235"}],"version-history":[{"count":0,"href":"https:\/\/www.europesays.com\/lv\/wp-json\/wp\/v2\/posts\/98235\/revisions"}],"wp:featuredmedia":[{"embeddable":true,"href":"https:\/\/www.europesays.com\/lv\/wp-json\/wp\/v2\/media\/98236"}],"wp:attachment":[{"href":"https:\/\/www.europesays.com\/lv\/wp-json\/wp\/v2\/media?parent=98235"}],"wp:term":[{"taxonomy":"category","embeddable":true,"href":"https:\/\/www.europesays.com\/lv\/wp-json\/wp\/v2\/categories?post=98235"},{"taxonomy":"post_tag","embeddable":true,"href":"https:\/\/www.europesays.com\/lv\/wp-json\/wp\/v2\/tags?post=98235"}],"curies":[{"name":"wp","href":"https:\/\/api.w.org\/{rel}","templated":true}]}}