{"id":98251,"date":"2026-01-08T12:18:07","date_gmt":"2026-01-08T12:18:07","guid":{"rendered":"https:\/\/www.europesays.com\/lv\/98251\/"},"modified":"2026-01-08T12:18:07","modified_gmt":"2026-01-08T12:18:07","slug":"video-%e2%9f%a9-latvijas-pasta-busins-it-ka-traume-sievieti-aculiecinieka-versija-krasi-atskiras","status":"publish","type":"post","link":"https:\/\/www.europesays.com\/lv\/98251\/","title":{"rendered":"VIDEO \u27e9 &#8220;Latvijas Pasta&#8221; busi\u0146\u0161 it k\u0101 traum\u0113 sievieti. Aculiecinieka versija krasi at\u0161\u0137iras"},"content":{"rendered":"<p>Pie viet\u0113j\u0101 Katlakalna veikali\u0146a apst\u0101ju\u0161\u0101s operat\u012bvo dienestu automa\u0161\u012bnas. Kam\u0113r policisti pie\u0146em liec\u012bbas, medi\u0137u busi\u0146\u0101 uz nestuv\u0113m tiek ievietota k\u0101da kundze. Turpat blakus man\u0101mi satraukta st\u0101v seniores meita. Vi\u0146a past\u0101sta, ka pirms nepilnas stundas mamma esot notriekta &#8211; vi\u0146ai esot uzbraucis &#8220;Latvijas Pasta&#8221; busi\u0146\u0161.<\/p>\n<p>Busa vad\u012bt\u0101js st\u0101sta, ka vi\u0146\u0161 atpaka\u013cgait\u0101 brauca pie pakom\u0101ta, lai taj\u0101 ievietotu pas\u016bt\u012bjumus. T\u0101 k\u0101 ma\u0161\u012bnai nav nedz parko\u0161an\u0101s sensoru, nedz atpaka\u013cgaitas kameras, kas br\u012bdin\u0101tu par tuvo\u0161anos objektiem, vi\u0146\u0161 sievieti paman\u012bja, kad t\u0101 bija jau gu\u013cus poz\u012bcij\u0101. Notriekt\u0101 sieviete busi\u0146a \u0161oferim teikusi, ka nav vi\u0146u paman\u012bjusi.<\/p>\n<p>Apkaimes s\u0113tnieks gan redz\u0113ja brauco\u0161o auto, t\u0101p\u0113c pag\u0101ja mal\u0101. T\u0101pat k\u0101 busa vad\u012bt\u0101js, ar\u012b s\u0113tnieks ir liel\u0101 neizpratn\u0113, k\u0101 kundzei izdev\u0101s pakrist pie ma\u0161\u012bnas rite\u0146iem.<\/p>\n<p>Tikusi atpaka\u013c uz k\u0101j\u0101m, kundze steidz\u0101s par notiku\u0161o zi\u0146ot meitai \u2013 uzreiz p\u0113c vi\u0146as iera\u0161an\u0101s tika izsaukti medi\u0137i. T\u0101 k\u0101 iesaist\u012bto pu\u0161u liec\u012bbas ir pretrun\u012bgas, kameru ieraksti \u013caus noskaidrot, kuram \u0161oreiz taisn\u012bba.<\/p>\n<p>Pla\u0161\u0101k &#8220;Degpunkt\u0101&#8221; si\u017eet\u0101!<\/p>\n","protected":false},"excerpt":{"rendered":"Pie viet\u0113j\u0101 Katlakalna veikali\u0146a apst\u0101ju\u0161\u0101s operat\u012bvo dienestu automa\u0161\u012bnas. Kam\u0113r policisti pie\u0146em liec\u012bbas, medi\u0137u busi\u0146\u0101 uz nestuv\u0113m tiek ievietota&hellip;\n","protected":false},"author":2,"featured_media":98252,"comment_status":"","ping_status":"","sticky":false,"template":"","format":"standard","meta":{"footnotes":""},"categories":[12],"tags":[23,1465,28,29,32,33,6540,22,30,31,35,39,38,36,37,34,3973,40,20,26,27,24,25,21],"class_list":{"0":"post-98251","1":"post","2":"type-post","3":"status-publish","4":"format-standard","5":"has-post-thumbnail","7":"category-latvija","8":"tag-aktualitates","9":"tag-autoavarijas","10":"tag-breaking-news","11":"tag-breakingnews","12":"tag-featured-news","13":"tag-featurednews","14":"tag-gajejs","15":"tag-headlines","16":"tag-latest-news","17":"tag-latestnews","18":"tag-latvia","19":"tag-latvian","20":"tag-latviesu","21":"tag-latviesu-valoda","22":"tag-latviesuvaloda","23":"tag-latvija","24":"tag-latvijas-pasts","25":"tag-lv","26":"tag-news","27":"tag-popularakas-zinas","28":"tag-popularakaszinas","29":"tag-top-stories","30":"tag-topstories","31":"tag-zinas"},"share_on_mastodon":{"url":"https:\/\/pubeurope.com\/@lv\/115859443233821509","error":""},"_links":{"self":[{"href":"https:\/\/www.europesays.com\/lv\/wp-json\/wp\/v2\/posts\/98251","targetHints":{"allow":["GET"]}}],"collection":[{"href":"https:\/\/www.europesays.com\/lv\/wp-json\/wp\/v2\/posts"}],"about":[{"href":"https:\/\/www.europesays.com\/lv\/wp-json\/wp\/v2\/types\/post"}],"author":[{"embeddable":true,"href":"https:\/\/www.europesays.com\/lv\/wp-json\/wp\/v2\/users\/2"}],"replies":[{"embeddable":true,"href":"https:\/\/www.europesays.com\/lv\/wp-json\/wp\/v2\/comments?post=98251"}],"version-history":[{"count":0,"href":"https:\/\/www.europesays.com\/lv\/wp-json\/wp\/v2\/posts\/98251\/revisions"}],"wp:featuredmedia":[{"embeddable":true,"href":"https:\/\/www.europesays.com\/lv\/wp-json\/wp\/v2\/media\/98252"}],"wp:attachment":[{"href":"https:\/\/www.europesays.com\/lv\/wp-json\/wp\/v2\/media?parent=98251"}],"wp:term":[{"taxonomy":"category","embeddable":true,"href":"https:\/\/www.europesays.com\/lv\/wp-json\/wp\/v2\/categories?post=98251"},{"taxonomy":"post_tag","embeddable":true,"href":"https:\/\/www.europesays.com\/lv\/wp-json\/wp\/v2\/tags?post=98251"}],"curies":[{"name":"wp","href":"https:\/\/api.w.org\/{rel}","templated":true}]}}