{"id":98257,"date":"2026-01-08T12:24:20","date_gmt":"2026-01-08T12:24:20","guid":{"rendered":"https:\/\/www.europesays.com\/lv\/98257\/"},"modified":"2026-01-08T12:24:20","modified_gmt":"2026-01-08T12:24:20","slug":"22-janvari-jelgava-notiks-barikazu-atceres-pasakums","status":"publish","type":"post","link":"https:\/\/www.europesays.com\/lv\/98257\/","title":{"rendered":"22. janv\u0101r\u012b Jelgav\u0101 notiks barik\u0101\u017eu atceres pas\u0101kums"},"content":{"rendered":"<p>22. janv\u0101r\u012b Jelgav\u0101 notiks barik\u0101\u017eu atceres pas\u0101kums<\/p>\n<p>Lai saglab\u0101tu atmi\u0146as par 1991.gada janv\u0101ra barik\u0101\u017eu notikumiem un iepaz\u012btu to dal\u012bbniekus, ceturtdien, 22. janv\u0101r\u012b, no pulksten 17.30 l\u012bdz 19.30 jelgavnieki aicin\u0101ti uz barik\u0101\u017eu atceres pas\u0101kumu skv\u0113r\u0101 pie Jelgavas Sabiedrisk\u0101 centra Skolot\u0101ju iel\u0101 8.<\/p>\n<p>Atceres pas\u0101kum\u0101 piedal\u012bsies Jelgavas izgl\u012bt\u012bbas iest\u0101\u017eu jaunie\u0161i ar savu vec\u0101ku un vecvec\u0101ku barik\u0101\u017eu st\u0101stiem, kurus papildin\u0101s patriotiskas dziesmas zemessargu ansamb\u013ca \u201cJunda\u201d vad\u012bt\u0101ja Laura Rudz\u012b\u0161a izpild\u012bjum\u0101. Sav\u0101s atmi\u0146\u0101s dal\u012bsies 1991.\u00a0gada barik\u0101\u017eu dal\u012bbnieki, Jelgavas v\u0113sturnieki, k\u0101 ar\u012b 1991.\u00a0gada notikumus tiks aicin\u0101ti atcer\u0113ties pas\u0101kuma apmekl\u0113t\u0101ji. Sarunas norit\u0113s pie ugunskura, sildoties ar karstu t\u0113ju, k\u0101 ar\u012b pas\u0101kuma dal\u012bbnieki tiks cien\u0101ti ar lauku virtuv\u0113 pagatavotu putru.<\/p>\n<p>Dal\u012bba pas\u0101kum\u0101 ir bez maksas.<\/p>\n<p>Pas\u0101kumu organiz\u0113 Zemgales Latvie\u0161u str\u0113lnieku biedr\u012bba sadarb\u012bb\u0101 ar Jelgavas Sabiedrisko centru.<\/p>\n<p>Inform\u0113jam, ka pas\u0101kuma laik\u0101 tiks veikta fotograf\u0113\u0161ana un film\u0113\u0161ana. Ieg\u016btie materi\u0101li tiks izmantoti pas\u0101kumi atspogu\u013co\u0161anai un populariz\u0113\u0161anai t\u012bmek\u013cvietn\u0113 Jelgava.lv un soci\u0101lo t\u012bklu kontos.<\/p>\n","protected":false},"excerpt":{"rendered":"22. janv\u0101r\u012b Jelgav\u0101 notiks barik\u0101\u017eu atceres pas\u0101kums Lai saglab\u0101tu atmi\u0146as par 1991.gada janv\u0101ra barik\u0101\u017eu notikumiem un iepaz\u012btu to&hellip;\n","protected":false},"author":2,"featured_media":98258,"comment_status":"","ping_status":"","sticky":false,"template":"","format":"standard","meta":{"footnotes":""},"categories":[12],"tags":[23,28,29,32,33,22,30,31,35,39,38,36,37,34,40,20,26,27,24,25,21],"class_list":{"0":"post-98257","1":"post","2":"type-post","3":"status-publish","4":"format-standard","5":"has-post-thumbnail","7":"category-latvija","8":"tag-aktualitates","9":"tag-breaking-news","10":"tag-breakingnews","11":"tag-featured-news","12":"tag-featurednews","13":"tag-headlines","14":"tag-latest-news","15":"tag-latestnews","16":"tag-latvia","17":"tag-latvian","18":"tag-latviesu","19":"tag-latviesu-valoda","20":"tag-latviesuvaloda","21":"tag-latvija","22":"tag-lv","23":"tag-news","24":"tag-popularakas-zinas","25":"tag-popularakaszinas","26":"tag-top-stories","27":"tag-topstories","28":"tag-zinas"},"share_on_mastodon":{"url":"https:\/\/pubeurope.com\/@lv\/115859466684860146","error":""},"_links":{"self":[{"href":"https:\/\/www.europesays.com\/lv\/wp-json\/wp\/v2\/posts\/98257","targetHints":{"allow":["GET"]}}],"collection":[{"href":"https:\/\/www.europesays.com\/lv\/wp-json\/wp\/v2\/posts"}],"about":[{"href":"https:\/\/www.europesays.com\/lv\/wp-json\/wp\/v2\/types\/post"}],"author":[{"embeddable":true,"href":"https:\/\/www.europesays.com\/lv\/wp-json\/wp\/v2\/users\/2"}],"replies":[{"embeddable":true,"href":"https:\/\/www.europesays.com\/lv\/wp-json\/wp\/v2\/comments?post=98257"}],"version-history":[{"count":0,"href":"https:\/\/www.europesays.com\/lv\/wp-json\/wp\/v2\/posts\/98257\/revisions"}],"wp:featuredmedia":[{"embeddable":true,"href":"https:\/\/www.europesays.com\/lv\/wp-json\/wp\/v2\/media\/98258"}],"wp:attachment":[{"href":"https:\/\/www.europesays.com\/lv\/wp-json\/wp\/v2\/media?parent=98257"}],"wp:term":[{"taxonomy":"category","embeddable":true,"href":"https:\/\/www.europesays.com\/lv\/wp-json\/wp\/v2\/categories?post=98257"},{"taxonomy":"post_tag","embeddable":true,"href":"https:\/\/www.europesays.com\/lv\/wp-json\/wp\/v2\/tags?post=98257"}],"curies":[{"name":"wp","href":"https:\/\/api.w.org\/{rel}","templated":true}]}}