{"id":98292,"date":"2026-01-08T13:05:07","date_gmt":"2026-01-08T13:05:07","guid":{"rendered":"https:\/\/www.europesays.com\/lv\/98292\/"},"modified":"2026-01-08T13:05:07","modified_gmt":"2026-01-08T13:05:07","slug":"asv-sagraba-krievijas-tankkugi-kapec-putins-kluse-un-vai-eiropa-daris-to-pasu-baltijas-jura","status":"publish","type":"post","link":"https:\/\/www.europesays.com\/lv\/98292\/","title":{"rendered":"ASV sagr\u0101ba Krievijas tankku\u0123i: K\u0101p\u0113c Putins klus\u0113 un vai Eiropa dar\u012bs to pa\u0161u Baltijas j\u016br\u0101?"},"content":{"rendered":"<p>    <img decoding=\"async\" src=\"https:\/\/www.europesays.com\/lv\/wp-content\/uploads\/2026\/01\/XzEUwAWa.jpg\" alt=\"&#10;Tankku\u0123is \u201cGreen Admire\u201d&#10;\"\/><\/p>\n<p>Tankku\u0123is \u201cGreen Admire\u201d<\/p>\n<p>Ekr\u0101n\u0161\u0101vi\u0146\u0161 no X Bloomberg @business\n<\/p>\n<p>P\u0113c ned\u0113\u013cu ilgas vaj\u0101\u0161anas Atlantijas oke\u0101n\u0101, tre\u0161dien, 7. janv\u0101r\u012b, amerik\u0101\u0146u sp\u0113ki ar Karalisko gaisa sp\u0113ku lidma\u0161\u012bnu atbalstu uzk\u0101pa uz Krievijas tankku\u0123a \u201cMarinera\u201d un sagr\u0101ba to. <\/p>\n<p>        Las\u012bt\u0101kie<br \/>\n        <a data-imagesrc=\"{&quot;300&quot;:&quot;https:\\\/\\\/lastatic.ams3.cdn.digitaloceanspaces.com\\\/2025\\\/08\\\/trump_putin_22681-300x200.jpg&quot;,&quot;1024&quot;:&quot;https:\\\/\\\/lastatic.ams3.cdn.digitaloceanspaces.com\\\/2025\\\/08\\\/trump_putin_22681-1024x683.jpg&quot;,&quot;768&quot;:&quot;https:\\\/\\\/lastatic.ams3.cdn.digitaloceanspaces.com\\\/2025\\\/08\\\/trump_putin_22681-768x512.jpg&quot;,&quot;1536&quot;:&quot;https:\\\/\\\/lastatic.ams3.cdn.digitaloceanspaces.com\\\/2025\\\/08\\\/trump_putin_22681-1536x1024.jpg&quot;,&quot;2048&quot;:&quot;https:\\\/\\\/lastatic.ams3.cdn.digitaloceanspaces.com\\\/2025\\\/08\\\/trump_putin_22681-2048x1366.jpg&quot;,&quot;200&quot;:&quot;https:\\\/\\\/lastatic.ams3.cdn.digitaloceanspaces.com\\\/2025\\\/08\\\/trump_putin_22681-200x133.jpg&quot;,&quot;400&quot;:&quot;https:\\\/\\\/lastatic.ams3.cdn.digitaloceanspaces.com\\\/2025\\\/08\\\/trump_putin_22681-400x267.jpg&quot;,&quot;500&quot;:&quot;https:\\\/\\\/lastatic.ams3.cdn.digitaloceanspaces.com\\\/2025\\\/08\\\/trump_putin_22681-500x333.jpg&quot;,&quot;800&quot;:&quot;https:\\\/\\\/lastatic.ams3.cdn.digitaloceanspaces.com\\\/2025\\\/08\\\/trump_putin_22681-800x533.jpg&quot;,&quot;1000&quot;:&quot;https:\\\/\\\/lastatic.ams3.cdn.digitaloceanspaces.com\\\/2025\\\/08\\\/trump_putin_22681-1000x667.jpg&quot;,&quot;2275&quot;:&quot;https:\\\/\\\/lastatic.ams3.cdn.digitaloceanspaces.com\\\/2025\\\/08\\\/trump_putin_22681.jpg&quot;}\" data-focuspoint=\"&quot;&quot;\" data-p=\"2489548\" href=\"https:\/\/www.la.lv\/tramps-tikko-aicinaja-savus-cilvekus-pamest-krieviju-tas-norada-ka-iespejams-vins-gatavojas-realam-darbibam-atklaj-slaidins\" class=\"content-item lazy-load\" wp_automatic_readability=\"29\" rel=\"nofollow noopener\" target=\"_blank\"><\/p>\n<p>                                <img decoding=\"async\" src=\"\" alt=\"\" style=\"\" data-imageid=\"\"\/><\/p>\n<p>                                TV24<\/p>\n<p>                                            \u201cTramps tikko aicin\u0101ja savus cilv\u0113kus pamest Krieviju, tas nor\u0101da, ka, iesp\u0113jams, vi\u0146\u0161 gatavojas re\u0101l\u0101m darb\u012bb\u0101m,\u201d atkl\u0101j Slaidi\u0146\u0161<\/p>\n<p><\/a><a data-imagesrc=\"{&quot;300&quot;:&quot;https:\\\/\\\/lastatic.ams3.cdn.digitaloceanspaces.com\\\/2025\\\/12\\\/pexels-bertellifotografia-573299-300x200.jpg&quot;,&quot;1024&quot;:&quot;https:\\\/\\\/lastatic.ams3.cdn.digitaloceanspaces.com\\\/2025\\\/12\\\/pexels-bertellifotografia-573299-1024x683.jpg&quot;,&quot;1536&quot;:&quot;https:\\\/\\\/lastatic.ams3.cdn.digitaloceanspaces.com\\\/2025\\\/12\\\/pexels-bertellifotografia-573299-1536x1024.jpg&quot;,&quot;500&quot;:&quot;https:\\\/\\\/lastatic.ams3.cdn.digitaloceanspaces.com\\\/2025\\\/12\\\/pexels-bertellifotografia-573299-500x333.jpg&quot;,&quot;800&quot;:&quot;https:\\\/\\\/lastatic.ams3.cdn.digitaloceanspaces.com\\\/2025\\\/12\\\/pexels-bertellifotografia-573299-800x533.jpg&quot;,&quot;2560&quot;:&quot;https:\\\/\\\/lastatic.ams3.cdn.digitaloceanspaces.com\\\/2025\\\/12\\\/pexels-bertellifotografia-573299-scaled.jpg&quot;}\" data-focuspoint=\"&quot;&quot;\" data-p=\"2488238\" href=\"https:\/\/www.la.lv\/svari-iemacisies-pateikt-ne-skorpioni-atradis-ieksejo-brivibu-zodiaka-zimes-kuras-2026-gada-piedzivos-liktenigas-parmainas\" class=\"content-item lazy-load\" wp_automatic_readability=\"27.5\" rel=\"nofollow noopener\" target=\"_blank\"><\/p>\n<p>                                <img decoding=\"async\" src=\"\" alt=\"\" style=\"\" data-imageid=\"\"\/><\/p>\n<p>                                Kokteilis<\/p>\n<p>\n                                                Svari iem\u0101c\u012bsies pateikt \u201cn\u0113\u201d, Skorpioni atrad\u012bs iek\u0161\u0113jo br\u012bv\u012bbu \u2013 zodiaka z\u012bmes, kuras 2026. gad\u0101 piedz\u012bvos likten\u012bgas p\u0101rmai\u0146as\n                            <\/p>\n<p><\/a><a data-imagesrc=\"{&quot;300&quot;:&quot;https:\\\/\\\/lastatic.ams3.cdn.digitaloceanspaces.com\\\/2014\\\/08\\\/seniori1-300x197.jpg&quot;,&quot;80&quot;:&quot;https:\\\/\\\/lastatic.ams3.cdn.digitaloceanspaces.com\\\/2014\\\/08\\\/seniori1-80x48.jpg&quot;,&quot;112&quot;:&quot;https:\\\/\\\/lastatic.ams3.cdn.digitaloceanspaces.com\\\/2014\\\/08\\\/seniori1-112x64.jpg&quot;,&quot;664&quot;:&quot;https:\\\/\\\/lastatic.ams3.cdn.digitaloceanspaces.com\\\/2014\\\/08\\\/seniori1-664x436.jpg&quot;,&quot;243&quot;:&quot;https:\\\/\\\/lastatic.ams3.cdn.digitaloceanspaces.com\\\/2014\\\/08\\\/seniori1-243x160.jpg&quot;,&quot;263&quot;:&quot;https:\\\/\\\/lastatic.ams3.cdn.digitaloceanspaces.com\\\/2014\\\/08\\\/seniori1-263x172.jpg&quot;,&quot;513&quot;:&quot;https:\\\/\\\/lastatic.ams3.cdn.digitaloceanspaces.com\\\/2014\\\/08\\\/seniori1-513x338.jpg&quot;,&quot;118&quot;:&quot;https:\\\/\\\/lastatic.ams3.cdn.digitaloceanspaces.com\\\/2014\\\/08\\\/seniori1-118x70.jpg&quot;,&quot;348&quot;:&quot;https:\\\/\\\/lastatic.ams3.cdn.digitaloceanspaces.com\\\/2014\\\/08\\\/seniori1-348x225.jpg&quot;,&quot;90&quot;:&quot;https:\\\/\\\/lastatic.ams3.cdn.digitaloceanspaces.com\\\/2014\\\/08\\\/seniori1-90x58.jpg&quot;,&quot;900&quot;:&quot;https:\\\/\\\/lastatic.ams3.cdn.digitaloceanspaces.com\\\/2014\\\/08\\\/seniori1.jpg&quot;}\" data-focuspoint=\"&quot;&quot;\" data-p=\"2489850\" href=\"https:\/\/www.la.lv\/ari-maizi-ko-est-lai-nodzivotu-lidz-100-gadiem-uztura-specialisti-nosauc-8-ilgmuzibas-partikas-produktus\" class=\"content-item lazy-load\" wp_automatic_readability=\"27\" rel=\"nofollow noopener\" target=\"_blank\"><\/p>\n<p>                                <img decoding=\"async\" src=\"\" alt=\"\" style=\"\" data-imageid=\"\"\/><\/p>\n<p>                                Veselam<\/p>\n<p>\n                                                Ar\u012b maizi?!? Ko \u0113st, lai nodz\u012bvotu l\u012bdz 100 gadiem: uztura speci\u0101listi nosauc 8 ilgm\u016b\u017e\u012bbas p\u0101rtikas produktus\n                            <\/p>\n<p><\/a><br \/>\n        <a class=\"read-more\" href=\"https:\/\/www.la.lv\/top\" rel=\"nofollow noopener\" target=\"_blank\">Las\u012bt citas zi\u0146as<\/a><\/p>\n<p>2025. gada decembr\u012b ASV krasta apsardze iepriek\u0161 bija m\u0113\u0123in\u0101jusi aiztur\u0113t ku\u0123i, kas ce\u013coja no Ir\u0101nas uz Venecu\u0113lu. Tobr\u012bd tas sauc\u0101s \u201cBella1\u201d un ku\u0123oja zem Panamas karoga. Tom\u0113r apkalpe atteic\u0101s paklaus\u012bt pav\u0113l\u0113m un pagriez\u0101s atpaka\u013c Atlantijas oke\u0101na virzien\u0101, v\u0113l\u0101k mainot karogu uz Krievijas un nosaukumu uz \u201cMarinera\u201d.<\/p>\n<p>Tankku\u0123im \u201cBella1\/Marinera\u201d kop\u0161 2024. gada ir piem\u0113rotas ASV sankcijas par nelikum\u012bgu Ir\u0101nas naftas transport\u0113\u0161anu. Aiztur\u0113\u0161anas priek\u0161vakar\u0101 Krievija pat nos\u016bt\u012bja zem\u016bdeni un citus j\u016bras sp\u0113kus t\u0101 pavad\u012b\u0161anai, ta\u010du tas neizdev\u0101s. <\/p>\n<p>    CITI \u0160OBR\u012aD LASA<\/p>\n<p>P\u0113c aiztur\u0113\u0161anas Krievijas Transporta ministrija pazi\u0146oja, ka ASV armijai, kurai bija r\u012bkojums ku\u0123a konfisk\u0113\u0161anai, nebija ties\u012bbu to dar\u012bt. Krievijas \u0100rlietu ministrija v\u0113l\u0101k piebilda, ka pieprasa hum\u0101nu attieksmi pret krieviem, kuri atrad\u0101s uz ku\u0123a.<\/p>\n<p>Venecu\u0113las nafta: ASV izspie\u017e \u0136\u012bnu un Krieviju no re\u0123iona<\/p>\n<p>ASV aiztur\u0113ja sankcion\u0113to Krievijas tankku\u0123i da\u017eas dienas p\u0113c milit\u0101r\u0101s oper\u0101cijas Venecu\u0113l\u0101, kuras m\u0113r\u0137is bija sag\u016bst\u012bt nelikum\u012bgo prezidentu Nikolasu Maduro un vi\u0146a sievu. <\/p>\n<blockquote><p>Baltais nams un Valsts departaments soci\u0101lajos t\u012bklos izplat\u012bja Trampa fotoatt\u0113lu ar uzrakstu: \u201c\u0160\u012b ir m\u016bsu puslode, un Amerikas Savienoto Valstu prezidents ne\u013caus apdraud\u0113t m\u016bsu dro\u0161\u012bbu.\u201d <\/p><\/blockquote>\n<p>V\u0113l\u0101k Balt\u0101 nama administr\u0101cijas vad\u012bt\u0101ja vietnieks St\u012bvens Millers \u0161o da\u013cu nosauca par \u201cTrampa doktr\u012bnu\u201d, nor\u0101dot, ka ASV k\u0101 lielvalsts izmantos savus milit\u0101ros sp\u0113kus, lai aizsarg\u0101tu Amerikas intereses.<\/p>\n<p>Jau 2025. gada septembr\u012b ASV armija s\u0101ka triecienus narkotiku kontrabandas ku\u0123iem. ASV apstiprin\u0101ja 35 \u0161\u0101dus triecienus Kar\u012bbu j\u016br\u0101 un Klus\u0101 oke\u0101na austrumu da\u013c\u0101. <\/p>\n<p>Decembra vid\u016b Tramps pav\u0113l\u0113ja \u201cpiln\u012bgi un absol\u016bti\u201d blo\u0137\u0113t visus sankcion\u0113tos naftas tankku\u0123us, kas dodas uz Venecu\u0113lu un no t\u0101s. Neskatoties uz valsts sekret\u0101ra Marko Rubio pazi\u0146ojumu, ka ASV r\u012bc\u012bba nebija v\u0113rsta uz kontroles ieg\u016b\u0161anu p\u0101r Venecu\u0113las naftas ieguvi, tre\u0161dien, 7. janv\u0101r\u012b, Tramps pazi\u0146oja, ka Karakasas p\u0101rejas posma iest\u0101des pieg\u0101d\u0101s ASV no 30 l\u012bdz 50 miljoniem barelu sankcion\u0113t\u0101s naftas.<\/p>\n<blockquote><p>\u201c\u0160\u012b nafta tiks p\u0101rdota par tirgus cen\u0101m. Es k\u0101 Amerikas Savienoto Valstu prezidents kontrol\u0113\u0161u naudu, lai nodro\u0161in\u0101tu, ka t\u0101 n\u0101k par labu Venecu\u0113las un Amerikas Savienoto Valstu iedz\u012bvot\u0101jiem,\u201d piebilda Tramps.<\/p><\/blockquote>\n<p>Tas attiecas gan uz naftu no ASV konfisc\u0113tajiem tankku\u0123iem, gan uz naftu, kas glab\u0101jas glab\u0101tuv\u0113s. K\u0101 sac\u012bja Sen\u0101ta Bru\u0146oto sp\u0113ku komitejas priek\u0161s\u0113d\u0113t\u0101js Rod\u017eers Vikers, Venecu\u0113lai vairs nav pieejamu tankku\u0123u naftas p\u0101rvad\u0101\u0161anai.<\/p>\n<blockquote><p>\u201cMan\u0101 r\u012bc\u012bb\u0101 eso\u0161\u0101 inform\u0101cija liecina, ka Venecu\u0113la vairs nevar s\u016bkn\u0113t j\u0113lnaftu, jo tai nav vietas, kur to uzglab\u0101t, un nav vietas, kur to nos\u016bt\u012bt. Tankku\u0123i ir pilni un gaida, kad tos nog\u0101d\u0101s uz atbilsto\u0161o vietu, cer\u012bb\u0101, ka nafta tiks p\u0101rdota atkl\u0101t\u0101 tirg\u016b, nevis atdota \u0136\u012bnai par velti,\u201d sac\u012bja senators Rod\u017eers Vikers.<\/p><\/blockquote>\n<p>Turkl\u0101t, k\u0101 v\u0113sta ABC News, Trampa administr\u0101cija pazi\u0146oja Venecu\u0113las prezidenta pien\u0101kumu izpild\u012bt\u0101jai Delsijai Rodrigesai, ka valstij ir j\u0101p\u0101rtrauc saikne ar \u0136\u012bnu, Krieviju, Ir\u0101nu un Kubu, j\u0101izraida to ofici\u0101lie padomnieki un j\u0101piekr\u012bt ekskluz\u012bvai ra\u017eo\u0161anas un p\u0101rdo\u0161anas partner\u012bbai ar ASV.<\/p>\n<p>TSN.ua zi\u0146o, ka Venecu\u0113lai pieder pasaul\u0113 liel\u0101k\u0101s apstiprin\u0101t\u0101s naftas rezerves. ASV \u012bpa\u0161\u0101 oper\u0101cija Venecu\u0113l\u0101 ir milz\u012bgs trieciens Krievijai un \u0136\u012bnai. <\/p>\n<p>P\u0113d\u0113jo desmitga\u017eu laik\u0101 Pekina ir sniegusi Karakasai miljardus aizdevumu, un liel\u0101k\u0101 da\u013ca Venecu\u0113las naftas eksporta non\u0101kusi \u0136\u012bn\u0101. Nav gr\u016bti iedom\u0101ties, k\u0101 pasaules cenas main\u012bsies, kad Venecu\u0113las nafta atgriez\u012bsies tirg\u016b, un k\u0101 tas ietekm\u0113s Krievijas ie\u0146\u0113mumus.<\/p>\n<p>K\u0101p\u0113c Putins klus\u0113: Eiropas r\u012bc\u012bba Baltijas j\u016br\u0101<\/p>\n<p>P\u0113c Krievijas tankku\u0123a \u201cMarinera\u201d sagr\u0101b\u0161anas Lielbrit\u0101nijas aizsardz\u012bbas ministrs D\u017eons Gili pazi\u0146oja, ka ku\u0123im ir kaunpilna v\u0113sture un tas ir da\u013ca no Krievijas un Ir\u0101nas sankciju apie\u0161anas sist\u0113mas, kas veicina terorismu, konfliktus un cie\u0161anas no Tuvajiem Austrumiem l\u012bdz Ukrainai. <\/p>\n<p>Balt\u0101 nama p\u0101rst\u0101ve Karol\u012bna Levita nor\u0101d\u012bja, ka aiztur\u0113t\u0101 ku\u0123a apkalpe var tikt saukta pie atbild\u012bbas ASV ties\u0101 par sankciju politikas p\u0101rk\u0101p\u0161anu. Vienlaikus vi\u0146a uzsv\u0113ra, ka Tramps nebaid\u0101s turpin\u0101t aiztur\u0113t \u201c\u0113nu flotes\u201d tankku\u0123us, neskatoties uz iesp\u0113jamo attiec\u012bbu pasliktin\u0101\u0161anos ar Krieviju un \u0136\u012bnu.<\/p>\n<p>\u0136\u012bnas \u0100rlietu ministrija Krievijas tankku\u0123a aiztur\u0113\u0161anu nosauca par \u201cnopietnu starptautisko ties\u012bbu p\u0101rk\u0101pumu\u201d. Krievijas Valsts dome aps\u016bdz\u0113ja ASV pir\u0101tism\u0101 un pat aicin\u0101ja veikt torp\u0113du uzbrukumus vair\u0101kiem amerik\u0101\u0146u ku\u0123iem, k\u0101 ar\u012b uzbrukumus Eirop\u0101 un Melnaj\u0101 j\u016br\u0101.<\/p>\n<blockquote><p>Tom\u0113r ne Putins, ne Prezidenta J\u016brlietu padomes vad\u012bt\u0101js Patru\u0161evs nav atbild\u0113ju\u0161i. Ac\u012bmredzot Kremlis saprot, ka lieta, iesp\u0113jams, neattieksies tikai uz tankeri \u201cMarinera\u201d. <\/p><\/blockquote>\n<p>NBC News nor\u0101da, ka vismaz tr\u012bs citi sankcion\u0113tie tankku\u0123i, kas p\u0113d\u0113j\u0101s ned\u0113\u013c\u0101s ku\u0123oja net\u0101lu no Venecu\u0113las, ir nomain\u012bju\u0161i karogus pret Krievijas karogiem.<\/p>\n<p>Savuk\u0101rt laikraksts \u201cThe Washington Post\u201d nor\u0101da, ka \u0161im st\u0101stam ir v\u0113l viens sl\u0113pts aspekts: Tramps iev\u0113rojami main\u012bjis attieksmi pret Krieviju p\u0113c meliem par viltus Ukrainas bezpilota lidapar\u0101ta uzbrukumu vi\u0146a rezidencei Valdaj\u0101. <\/p>\n<p>Viceprezidents D\u017e. D. Venss, koment\u0113jot tankku\u0123a \u201cMarinera\u201d sagr\u0101b\u0161anu, m\u0113\u0123in\u0101ja attaisnot Krem\u013ca reput\u0101ciju, apgalvojot, ka \u201ctas bija viltus Krievijas tankku\u0123is\u201d. Ukrainas \u0101rlietu ministrs Andrijs Sibiga uzsv\u0113ra ASV izl\u0113m\u012bgo vad\u012bbu:<\/p>\n<blockquote><p>\u201cM\u0113s atzin\u012bgi v\u0113rt\u0113jam \u0161o pieeju attiec\u012bb\u0101m ar Krieviju: r\u012bc\u012bba, nevis bailes,\u201d uzsv\u0113ra Sibiga.<\/p><\/blockquote>\n<p>T\u0101p\u0113c Eiropas NATO dal\u012bbvalst\u012bm, kur\u0101m ir piek\u013cuve Baltijas j\u016brai, tagad j\u0101seko ASV piem\u0113ram un j\u0101p\u0101rtrauc baid\u012bties no Krievijas \u201c\u0113nu flotes\u201d tankku\u0123u aiztur\u0113\u0161anas. <\/p>\n<p>TSN.ua vair\u0101kk\u0101rt zi\u0146ojis, ka Krievija kop\u0161 2025. gada s\u0101kuma izmanto sankcion\u0113to ku\u0123u eskortu, lai iebied\u0113tu Eiropu ar tie\u0161as milit\u0101ras konfront\u0101cijas iesp\u0113jam\u012bbu. Piem\u0113ram, pag\u0101ju\u0161\u0101 gada maij\u0101 Maskava nos\u016bt\u012bja tankku\u0123i \u201cSu-35 Jaguar\u201d, kas aptuveni min\u016bti p\u0101rk\u0101pa NATO gaisa telpu, bet j\u016bnij\u0101 pirmo reizi izvietoja ar Uran ra\u0137et\u0113m bru\u0146otu ra\u0137e\u0161u korveti \u201cBoikiy\u201d.<\/p>\n<p>Turkl\u0101t zin\u0101ms, ka \u201c\u0113nu flotes\u201d tankku\u0123i ne tikai pieg\u0101d\u0101 dronus Eiropas ost\u0101m, bet ar\u012b lido no ku\u0123iem, lai izspiegotu kritiski svar\u012bgas iek\u0101rtas. <\/p>\n<p>\u0160\u0101di tankku\u0123i atk\u0101rtoti paman\u012bti kritiski svar\u012bgu kabe\u013cu tuvum\u0101 Baltijas j\u016br\u0101. Jaun\u0101kais incidents, saist\u012bts ar telekomunik\u0101ciju kabe\u013ca boj\u0101jumu starp Somiju un Igauniju, kas notika 2025. gada 31. decembr\u012b, kad Somijas Nacion\u0101lais izmekl\u0113\u0161anas birojs arest\u0113ja beramkravu ku\u0123i \u201cFitburg\u201d, kas dev\u0101s prom no ostas uz Krieviju. Pla\u0161sazi\u0146as l\u012bdzek\u013ci zi\u0146o, ka ku\u0123is pieder\u0113ja Krievijas \u201c\u0113nu flotei\u201d.<\/p>\n<p>T\u0113mas<\/p>\n<p>    SAIST\u012aTIE RAKSTI<\/p>\n","protected":false},"excerpt":{"rendered":"Tankku\u0123is \u201cGreen Admire\u201d Ekr\u0101n\u0161\u0101vi\u0146\u0161 no X Bloomberg @business P\u0113c ned\u0113\u013cu ilgas vaj\u0101\u0161anas Atlantijas oke\u0101n\u0101, tre\u0161dien, 7. janv\u0101r\u012b, amerik\u0101\u0146u&hellip;\n","protected":false},"author":2,"featured_media":98293,"comment_status":"","ping_status":"","sticky":false,"template":"","format":"standard","meta":{"footnotes":""},"categories":[14],"tags":[23,57,28,29,32,33,22,30,31,35,39,38,36,37,34,40,20,26,27,24,25,54,55,56,21,58],"class_list":{"0":"post-98292","1":"post","2":"type-post","3":"status-publish","4":"format-standard","5":"has-post-thumbnail","7":"category-zinas-no-arvalstim","8":"tag-aktualitates","9":"tag-arvalstim","10":"tag-breaking-news","11":"tag-breakingnews","12":"tag-featured-news","13":"tag-featurednews","14":"tag-headlines","15":"tag-latest-news","16":"tag-latestnews","17":"tag-latvia","18":"tag-latvian","19":"tag-latviesu","20":"tag-latviesu-valoda","21":"tag-latviesuvaloda","22":"tag-latvija","23":"tag-lv","24":"tag-news","25":"tag-popularakas-zinas","26":"tag-popularakaszinas","27":"tag-top-stories","28":"tag-topstories","29":"tag-world","30":"tag-world-news","31":"tag-worldnews","32":"tag-zinas","33":"tag-zinas-no-arvalstim"},"share_on_mastodon":{"url":"https:\/\/pubeurope.com\/@lv\/115859627833131458","error":""},"_links":{"self":[{"href":"https:\/\/www.europesays.com\/lv\/wp-json\/wp\/v2\/posts\/98292","targetHints":{"allow":["GET"]}}],"collection":[{"href":"https:\/\/www.europesays.com\/lv\/wp-json\/wp\/v2\/posts"}],"about":[{"href":"https:\/\/www.europesays.com\/lv\/wp-json\/wp\/v2\/types\/post"}],"author":[{"embeddable":true,"href":"https:\/\/www.europesays.com\/lv\/wp-json\/wp\/v2\/users\/2"}],"replies":[{"embeddable":true,"href":"https:\/\/www.europesays.com\/lv\/wp-json\/wp\/v2\/comments?post=98292"}],"version-history":[{"count":0,"href":"https:\/\/www.europesays.com\/lv\/wp-json\/wp\/v2\/posts\/98292\/revisions"}],"wp:featuredmedia":[{"embeddable":true,"href":"https:\/\/www.europesays.com\/lv\/wp-json\/wp\/v2\/media\/98293"}],"wp:attachment":[{"href":"https:\/\/www.europesays.com\/lv\/wp-json\/wp\/v2\/media?parent=98292"}],"wp:term":[{"taxonomy":"category","embeddable":true,"href":"https:\/\/www.europesays.com\/lv\/wp-json\/wp\/v2\/categories?post=98292"},{"taxonomy":"post_tag","embeddable":true,"href":"https:\/\/www.europesays.com\/lv\/wp-json\/wp\/v2\/tags?post=98292"}],"curies":[{"name":"wp","href":"https:\/\/api.w.org\/{rel}","templated":true}]}}