{"id":98302,"date":"2026-01-08T13:17:08","date_gmt":"2026-01-08T13:17:08","guid":{"rendered":"https:\/\/www.europesays.com\/lv\/98302\/"},"modified":"2026-01-08T13:17:08","modified_gmt":"2026-01-08T13:17:08","slug":"pavests-leons-xiv-atklaj-kardinalu-konsistoriju","status":"publish","type":"post","link":"https:\/\/www.europesays.com\/lv\/98302\/","title":{"rendered":"P\u0101vests Leons XIV atkl\u0101j kardin\u0101lu Konsistoriju"},"content":{"rendered":"<p>\u201cPar \u013coti z\u012bm\u012bgu uzskatu faktu, ka esat tiku\u0161ies Konsistorij\u0101 n\u0101kamaj\u0101 dien\u0101 p\u0113c Kunga Epif\u0101nijas sv\u0113tkiem,\u201d teica p\u0101vests kardin\u0101liem, 7. janv\u0101r\u012b atkl\u0101jot \u0101rk\u0101rtas Konsistoriju.<\/p>\n<p>Inese \u0160teinerte &#8211; Vatik\u0101ns<\/p>\n<p>Uzrunu Sv\u0113tais t\u0113vs s\u0101ka ar litur\u0123ij\u0101 dzird\u0113tajiem pravie\u0161a Isaja v\u0101rdiem \u201cCelies, iet\u0113rpies gaism\u0101, jo tava gaisma n\u0101k, un Kunga god\u012bba uzlec p\u0101r tevi. Tik tie\u0161\u0101m, tums\u012bba apkl\u0101j zemi un dzi\u013ca kr\u0113sla tautas, bet p\u0101r tevi uzlec k\u0101 saule Kungs, un Vi\u0146a god\u012bba par\u0101d\u0101s p\u0101r tevi. Tautas staig\u0101s tav\u0101 gaism\u0101 un \u0137\u0113ni\u0146i tai spo\u017eum\u0101, kas uzl\u0113cis p\u0101r tevi\u201d (60,1-3). Leons XIV teica, ka \u0161ie v\u0101rdi liek dom\u0101t par Vatik\u0101na II Konstit\u016bciju par Bazn\u012bcu. T\u0101s 1. paragr\u0101f\u0101 teikts: \u201cKristus ir tautu gaisma. \u0160is sv\u0113tais koncils, kas ir pulc\u0113jies Sv\u0113taj\u0101 Gar\u0101, sludinot Eva\u0146\u0123\u0113liju katrai rad\u012bbai, dedz\u012bgi v\u0113las apgaismot visus cilv\u0113kus ar Kristus gaismu, kas atsp\u012bd p\u0101r Bazn\u012bcas vaigu&#8230;\u201d. P\u0101vests atz\u012bm\u0113ja, ka da\u017e\u0101dos gadsimtos Sv\u0113tais Gars ir iedvesmojis to pa\u0161u redz\u0113jumu pravie\u0161os un koncila t\u0113vos. Tas ir Kunga gaismas redz\u0113jums, kas apgaismo sv\u0113to pils\u0113tu Jeruzalemi un v\u0113l\u0101k Bazn\u012bcu un vis\u0101m taut\u0101m pal\u012bdz staig\u0101t pasaules tums\u012bbas vid\u016b.<\/p>\n<p>\u201c\u0160aj\u0101 koncila perspekt\u012bv\u0101,\u201d teica p\u0101vests, \u201cvaram interpret\u0113t sv\u0113to P\u0101vila VI un J\u0101\u0146a P\u0101vila II pontifik\u0101tus, kuri kontempl\u0113 Bazn\u012bcas nosl\u0113pumu, kas ir ierakst\u012bts Krist\u016b un eva\u0146\u0123eliz\u0101cijas misiju izprot k\u0101 neizsme\u013camas ener\u0123ijas starojumu, kas izriet no pest\u012b\u0161anas v\u0113stures centr\u0101l\u0101 notikuma.\u201d P\u0101vesti Benedikts XVI un Francisks \u0161o redz\u0113jumu izteica vien\u0101 v\u0101rd\u0101: \u201cpievilc\u012bba\u201d. \u201cBazn\u012bca nenodarbojas ar prozel\u012btismu. T\u0101 att\u012bst\u0101s galvenok\u0101rt ar savu \u201cpievilc\u012bbas\u201d sp\u0113ju,\u201d teica Benedikts XVI, atkl\u0101jot Apare\u010didas konferenci 2007. gad\u0101, \u201ct\u0101pat k\u0101 Kristus pievelk visus sev ar savas m\u012blest\u012bbas sp\u0113ku, kas augst\u0101ko piepild\u012bjumu rada Krust\u0101, t\u0101pat ar\u012b Bazn\u012bca pilda savu misiju t\u0101d\u0101 m\u0113r\u0101, k\u0101d\u0101, b\u016bdama vienota ar Kristu, \u0161odien katru savu darbu veic gar\u012bg\u0101 un konkr\u0113t\u0101 saska\u0146\u0101 ar sava Kunga m\u012blest\u012bbu\u201d. \u0160o apgalvojumu da\u017e\u0101dos kontekstos ir atk\u0101rtojis ar\u012b p\u0101vests Francisks.<\/p>\n<p>\u201c\u0160odien to ar prieku atk\u0101rtoju un dalos taj\u0101 ar jums,\u201d teica Leons XIV kardin\u0101lu Konsistorija dal\u012bbniekiem. \u201cAicinu j\u016bs piev\u0113rst r\u016bp\u012bgu uzman\u012bbu tam, uz ko p\u0101vests Benedikts nor\u0101d\u012bja, k\u0101 uz \u201csp\u0113ku\u201d, kas virza \u0161o \u201cpievilc\u012bbas\u201d kust\u012bbu,\u201d piebilda Leons XIV, nor\u0101dot, ka \u0161is sp\u0113ks ir \u201ccharis\u201d, t\u0101 ir \u201cagape\u201d, t\u0101 ir Dieva m\u012blest\u012bba, kas iemiesojusies J\u0113z\u016b Krist\u016b un kas Sv\u0113taj\u0101 Gar\u0101 ir d\u0101v\u0101ta Bazn\u012bcai un sv\u0113tdara katru t\u0101s darb\u012bbu. \u201cPaties\u012bb\u0101, nevis Bazn\u012bca ir t\u0101, kas pievelk, bet Kristus,\u201d nor\u0101d\u012bja Leons XIV. \u201cJa kristietis, vai eklezi\u0101l\u0101 kopiena pievelk, tad t\u0101p\u0113c, ka caur to \u201ckan\u0101lu\u201d iepl\u016bst \u017e\u0113lsird\u012bbas vit\u0101l\u0101 limfa, kas izriet no Pest\u012bt\u0101ja Sirds.\u201d<\/p>\n<p>\u201cVienot\u012bba pievelk, \u0161\u0137el\u0161an\u0101s atgr\u016b\u017e,\u201d turpin\u0101ja p\u0101vests, aicinot praks\u0113 likt Kristus pamudin\u0101jumu \u201cK\u0101 es j\u016bs m\u012bl\u0113ju, t\u0101 ar\u012b j\u016bs m\u012bliet cits citu\u201d. Uzrun\u0101jot kardin\u0101lus, Leons XIV atz\u012bm\u0113ja, ka vi\u0146i ir \u013coti da\u017e\u0101di, tie n\u0101k no da\u017e\u0101d\u0101m kult\u016br\u0101m, eklezi\u0101laj\u0101m un soci\u0101laj\u0101m trad\u012bcij\u0101m, vi\u0146i ir at\u0161\u0137ir\u012bgi sav\u0101 form\u0101cijas un akad\u0113miskaj\u0101 g\u0101jum\u0101, pastor\u0101laj\u0101 pieredz\u0113 un bez \u0161aub\u0101m, person\u012bgaj\u0101s iez\u012bm\u0113s un rakstur\u0101. \u201cCeru, ka var\u0113sim izaugt kop\u012bb\u0101, lai citiem kalpotu par kole\u0123ialit\u0101tes paraugu,\u201d teica Romas b\u012bskaps. Vi\u0146\u0161 nosauca \u010detrus tematus, par kuriem pakav\u0113ties p\u0101rdom\u0101s \u0161aj\u0101s dien\u0101s. Tie ir: \u201cEvangelii gaudium\u201d, jeb Bazn\u012bcas misija m\u016bsdienu pasaul\u0113; \u201cPraedicate Evangelium\u201d, jeb Sv\u0113t\u0101 Kr\u0113sla kalpojums, jo \u012bpa\u0161i partikul\u0101raj\u0101m Bazn\u012bc\u0101m; Sinode un sinodalit\u0101te k\u0101 sadarb\u012bbas instruments un stils; litur\u0123ija, kas ir krist\u012bg\u0101s dz\u012bves avots un kulmin\u0101cija. Laika tr\u016bkuma d\u0113\u013c, lai veiktu patiesu iedzi\u013cin\u0101\u0161anos, tiks izv\u0113l\u0113ti tikai divi no \u0161iem tematiem, kuriem piev\u0113rst pastiprin\u0101tu uzman\u012bbu.<\/p>\n","protected":false},"excerpt":{"rendered":"\u201cPar \u013coti z\u012bm\u012bgu uzskatu faktu, ka esat tiku\u0161ies Konsistorij\u0101 n\u0101kamaj\u0101 dien\u0101 p\u0113c Kunga Epif\u0101nijas sv\u0113tkiem,\u201d teica p\u0101vests kardin\u0101liem,&hellip;\n","protected":false},"author":2,"featured_media":98303,"comment_status":"","ping_status":"","sticky":false,"template":"","format":"standard","meta":{"footnotes":""},"categories":[14],"tags":[23,57,28,29,32,33,22,30,31,35,39,38,36,37,34,40,20,26,27,24,25,54,55,56,21,58],"class_list":{"0":"post-98302","1":"post","2":"type-post","3":"status-publish","4":"format-standard","5":"has-post-thumbnail","7":"category-zinas-no-arvalstim","8":"tag-aktualitates","9":"tag-arvalstim","10":"tag-breaking-news","11":"tag-breakingnews","12":"tag-featured-news","13":"tag-featurednews","14":"tag-headlines","15":"tag-latest-news","16":"tag-latestnews","17":"tag-latvia","18":"tag-latvian","19":"tag-latviesu","20":"tag-latviesu-valoda","21":"tag-latviesuvaloda","22":"tag-latvija","23":"tag-lv","24":"tag-news","25":"tag-popularakas-zinas","26":"tag-popularakaszinas","27":"tag-top-stories","28":"tag-topstories","29":"tag-world","30":"tag-world-news","31":"tag-worldnews","32":"tag-zinas","33":"tag-zinas-no-arvalstim"},"share_on_mastodon":{"url":"https:\/\/pubeurope.com\/@lv\/115859675175807758","error":""},"_links":{"self":[{"href":"https:\/\/www.europesays.com\/lv\/wp-json\/wp\/v2\/posts\/98302","targetHints":{"allow":["GET"]}}],"collection":[{"href":"https:\/\/www.europesays.com\/lv\/wp-json\/wp\/v2\/posts"}],"about":[{"href":"https:\/\/www.europesays.com\/lv\/wp-json\/wp\/v2\/types\/post"}],"author":[{"embeddable":true,"href":"https:\/\/www.europesays.com\/lv\/wp-json\/wp\/v2\/users\/2"}],"replies":[{"embeddable":true,"href":"https:\/\/www.europesays.com\/lv\/wp-json\/wp\/v2\/comments?post=98302"}],"version-history":[{"count":0,"href":"https:\/\/www.europesays.com\/lv\/wp-json\/wp\/v2\/posts\/98302\/revisions"}],"wp:featuredmedia":[{"embeddable":true,"href":"https:\/\/www.europesays.com\/lv\/wp-json\/wp\/v2\/media\/98303"}],"wp:attachment":[{"href":"https:\/\/www.europesays.com\/lv\/wp-json\/wp\/v2\/media?parent=98302"}],"wp:term":[{"taxonomy":"category","embeddable":true,"href":"https:\/\/www.europesays.com\/lv\/wp-json\/wp\/v2\/categories?post=98302"},{"taxonomy":"post_tag","embeddable":true,"href":"https:\/\/www.europesays.com\/lv\/wp-json\/wp\/v2\/tags?post=98302"}],"curies":[{"name":"wp","href":"https:\/\/api.w.org\/{rel}","templated":true}]}}