{"id":98311,"date":"2026-01-08T13:32:06","date_gmt":"2026-01-08T13:32:06","guid":{"rendered":"https:\/\/www.europesays.com\/lv\/98311\/"},"modified":"2026-01-08T13:32:06","modified_gmt":"2026-01-08T13:32:06","slug":"janim-erenstreitam-tiks-pasniegta-kormuzikas-balva-par-muza-ieguldijumu-lente-lv","status":"publish","type":"post","link":"https:\/\/www.europesays.com\/lv\/98311\/","title":{"rendered":"J\u0101nim Eren\u0161treitam tiks pasniegta Korm\u016bzikas balva par m\u016b\u017ea ieguld\u012bjumu\u00a0\u2014\u00a0Lente.lv"},"content":{"rendered":"<p>Korm\u016bzikas balva godina izcilu m\u016b\u017ea ieguld\u012bjumu<\/p>\n<p>\u0160ogad, 24. janv\u0101r\u012b, Ventspils koncertz\u0101l\u0113 &#8220;Latvija&#8221; tre\u0161o reizi norisin\u0101sies Korm\u016bzikas balvas pasnieg\u0161anas ceremonija, kur\u0101 par m\u016b\u017ea ieguld\u012bjumu izcilaj\u0101 korm\u016bzikas nozar\u0113 tiks godin\u0101ts ilggad\u0113jais Dziesmu un deju sv\u0113tku virsdiri\u0123ents J\u0101nis Eren\u0161treits. K\u0101 zi\u0146o pas\u0101kuma organizatori, \u0161\u012b balva ir apliecin\u0101jums Eren\u0161treita noz\u012bm\u012bgajam darbam un ilgajai karjerai, veicinot z\u0113nu koru kust\u012bbu Latvij\u0101 un saglab\u0101jot kordiri\u0123\u0113\u0161anas trad\u012bcijas. K\u0101 inform\u0113 port\u0101ls jauns.lv, par m\u016b\u017ea ieguld\u012bjumu vi\u0146am tiks pasniegta korm\u016bzikas balva.<\/p>\n<p>J\u0101nis Eren\u0161treits \u2013 kordiri\u0123\u0113\u0161anas le\u0123enda<\/p>\n<p>J\u0101nis Eren\u0161treits (dzimis 1942. gad\u0101) ir viens no latvie\u0161u z\u0113nu koru kust\u012bbas pamatlic\u0113jiem. Vi\u0146a pedagoga un diri\u0123enta ce\u013c\u0161 aizs\u0101k\u0101s Ventspil\u012b, kur vi\u0146\u0161 beidza m\u016bzikas vidusskolu, un turpin\u0101j\u0101s Latvijas Valsts konservatorij\u0101. No 1969. l\u012bdz 1994. gadam Eren\u0161treits vad\u012bja Em\u012bla D\u0101rzi\u0146a speci\u0101l\u0101s m\u016bzikas vidusskolas z\u0113nu kori, bet p\u0113c tam k\u013cuva par R\u012bgas Doma z\u0113nu kora diri\u0123entu un m\u0101ksliniecisko vad\u012bt\u0101ju. No 1994. l\u012bdz 2010. gadam vi\u0146\u0161 ie\u0146\u0113ma R\u012bgas Doma kora skolas direktora amatu, vienlaikus vadot ar\u012b t\u0101s z\u0113nu kori.<\/p>\n<p>Ieguld\u012bjums Latvijas Dziesmu un deju sv\u0113tkos<\/p>\n<p>Eren\u0161treits ir bijis vair\u0101ku Visp\u0101r\u0113jo latvie\u0161u Dziesmu un Deju sv\u0113tku virsdiri\u0123ents un goda virsdiri\u0123ents, sniedzot noz\u012bm\u012bgu ieguld\u012bjumu \u0161o tautas trad\u012bciju uztur\u0113\u0161an\u0101 un att\u012bst\u012bb\u0101. Vi\u0146a vad\u012btie kori ir ne tikai Latvij\u0101, bet ar\u012b \u0101rzem\u0113s guvu\u0161i pla\u0161u atzin\u012bbu par augsto m\u0101ksliniecisko sniegumu. Vi\u0146a darbs ir bijis noz\u012bm\u012bgs ar\u012b, saglab\u0101jot un att\u012bstot latvie\u0161u korm\u016bzikas repertu\u0101ru, iestud\u0113jot gan latvie\u0161u, gan \u0101rzemju komponistu darbus.<\/p>\n<p>Korm\u016bzikas balva \u2013 augst\u0101kais nov\u0113rt\u0113jums<\/p>\n<p>Korm\u016bzikas balva ir augst\u0101kais apbalvojums korm\u016bzikas m\u0101ksl\u0101 Latvij\u0101, kas tiek pie\u0161\u0137irta, lai izceltu izcil\u0101kos sasniegumus korm\u016bzikas nozar\u0113, jaunrad\u0113 un pedago\u0123iskaj\u0101 darb\u0101. Pirmo reizi balvas tika pasniegtas 2024. gad\u0101. Ceremoniju organiz\u0113 Dziesmu sv\u0113tku biedr\u012bba sadarb\u012bb\u0101 ar Latvijas Diri\u0123entu asoci\u0101ciju. Ventspils koncertz\u0101le &#8220;Latvija&#8221; pag\u0101ju\u0161aj\u0101 gad\u0101 sa\u0146\u0113ma Korm\u016bzikas balvu k\u0101 Gada kult\u016bras, izgl\u012bt\u012bbas iest\u0101de, kult\u016brvieta \u0101rpus R\u012bgas.<\/p>\n","protected":false},"excerpt":{"rendered":"Korm\u016bzikas balva godina izcilu m\u016b\u017ea ieguld\u012bjumu \u0160ogad, 24. janv\u0101r\u012b, Ventspils koncertz\u0101l\u0113 &#8220;Latvija&#8221; tre\u0161o reizi norisin\u0101sies Korm\u016bzikas balvas pasnieg\u0161anas&hellip;\n","protected":false},"author":2,"featured_media":98312,"comment_status":"","ping_status":"","sticky":false,"template":"","format":"standard","meta":{"footnotes":""},"categories":[19],"tags":[2924,11764,89,90,19591,115,24136,35,39,38,36,37,34,40],"class_list":{"0":"post-98311","1":"post","2":"type-post","3":"status-publish","4":"format-standard","5":"has-post-thumbnail","7":"category-izklaide","8":"tag-dirigents","9":"tag-dziesmu-un-deju-svetki","10":"tag-entertainment","11":"tag-izklaide","12":"tag-janis-erenstreits","13":"tag-kormuzika","14":"tag-kormuzikas-balva","15":"tag-latvia","16":"tag-latvian","17":"tag-latviesu","18":"tag-latviesu-valoda","19":"tag-latviesuvaloda","20":"tag-latvija","21":"tag-lv"},"share_on_mastodon":{"url":"https:\/\/pubeurope.com\/@lv\/115859734111172625","error":""},"_links":{"self":[{"href":"https:\/\/www.europesays.com\/lv\/wp-json\/wp\/v2\/posts\/98311","targetHints":{"allow":["GET"]}}],"collection":[{"href":"https:\/\/www.europesays.com\/lv\/wp-json\/wp\/v2\/posts"}],"about":[{"href":"https:\/\/www.europesays.com\/lv\/wp-json\/wp\/v2\/types\/post"}],"author":[{"embeddable":true,"href":"https:\/\/www.europesays.com\/lv\/wp-json\/wp\/v2\/users\/2"}],"replies":[{"embeddable":true,"href":"https:\/\/www.europesays.com\/lv\/wp-json\/wp\/v2\/comments?post=98311"}],"version-history":[{"count":0,"href":"https:\/\/www.europesays.com\/lv\/wp-json\/wp\/v2\/posts\/98311\/revisions"}],"wp:featuredmedia":[{"embeddable":true,"href":"https:\/\/www.europesays.com\/lv\/wp-json\/wp\/v2\/media\/98312"}],"wp:attachment":[{"href":"https:\/\/www.europesays.com\/lv\/wp-json\/wp\/v2\/media?parent=98311"}],"wp:term":[{"taxonomy":"category","embeddable":true,"href":"https:\/\/www.europesays.com\/lv\/wp-json\/wp\/v2\/categories?post=98311"},{"taxonomy":"post_tag","embeddable":true,"href":"https:\/\/www.europesays.com\/lv\/wp-json\/wp\/v2\/tags?post=98311"}],"curies":[{"name":"wp","href":"https:\/\/api.w.org\/{rel}","templated":true}]}}