{"id":98327,"date":"2026-01-08T13:42:08","date_gmt":"2026-01-08T13:42:08","guid":{"rendered":"https:\/\/www.europesays.com\/lv\/98327\/"},"modified":"2026-01-08T13:42:08","modified_gmt":"2026-01-08T13:42:08","slug":"veselibas-inspekcija-sak-parbaudi-par-helmana-darbnespejas-lapas-pamatotibu","status":"publish","type":"post","link":"https:\/\/www.europesays.com\/lv\/98327\/","title":{"rendered":"Vesel\u012bbas inspekcija s\u0101k p\u0101rbaudi par Helma\u0146a darbnesp\u0113jas lapas pamatot\u012bbu"},"content":{"rendered":"<p>VI ir piepras\u012bjusi \u0101rstniec\u012bbas iest\u0101d\u0113m un person\u0101m iesniegt inspekcijai nepiecie\u0161amo medic\u012bnisko dokument\u0101ciju. \u0160obr\u012bd p\u0101rbaude v\u0113l turpinoties, skaidro iest\u0101d\u0113. VI nepreciz\u0113ja, kad sa\u0146emts p\u0101rbaudes s\u0101k\u0161anai nepiecie\u0161amais iesniegums.<\/p>\n<p>Iepriek\u0161 VI tika skaidrojusi, ka \u0161\u0101das p\u0101rbaudes veik\u0161anai ir nepiecie\u0161ams k\u0101das personas iesniegums, bet t\u0101ds iepriek\u0161 nebija sa\u0146emts. P\u0113c savas iniciat\u012bvas VI darbnesp\u0113jas lapas pamatot\u012bbas p\u0101rbaudes neveicot.<\/p>\n<p>VI a\u0123ent\u016brai LETA skaidroja, ka, iesniedzot s\u016bdz\u012bbu par darbnesp\u0113jas lapas izsnieg\u0161anu, personai j\u0101nor\u0101da apst\u0101k\u013ci, kas \u013cauj ap\u0161aub\u012bt darbnesp\u0113jas lapas izsnieg\u0161anas pamatot\u012bbu.<\/p>\n<p>Personu s\u016bdz\u012bbas par darbnesp\u0113jas lapu izsnieg\u0161anas k\u0101rt\u012bbu izskata \u0101rstniec\u012bbas iest\u0101des vad\u012bt\u0101js un VI.<\/p>\n<p>LETA iepriek\u0161 v\u0113st\u012bja, ka Helmanis noteiktaj\u0101 termi\u0146\u0101 nav aizpild\u012bjis pielaides valsts nosl\u0113pumam sa\u0146em\u0161anai nepiecie\u0161amo anketu, par ko vi\u0146u inform\u0113jusi gan ministrija, gan Valsts dro\u0161\u012bbas dienests. Helmanis &#8220;Facebook&#8221; 2025. gada augusta beig\u0101s bija sol\u012bjis aizpild\u012bt anketu, tikl\u012bdz b\u016bs atguvis vesel\u012bbu no komand\u0113jum\u0101 Ukrain\u0101 g\u016bt\u0101s traumas. Vienlaikus vi\u0146\u0161 pauda viedokli, ka pie varas eso\u0161ie pielaidi valsts nosl\u0113pumam izmantojot, &#8220;lai sasniegtu savus politiskos m\u0113r\u0137us un apkarotu konkurentus&#8221;. Ogres novada pa\u0161vald\u012bb\u0101 oktobra s\u0101kum\u0101 skaidroja, ka m\u0113ram joproj\u0101m ir darba nesp\u0113jas lapa.<\/p>\n<p>Helmanim darba nesp\u0113jas lapa noform\u0113ta 25. august\u0101.<\/p>\n","protected":false},"excerpt":{"rendered":"VI ir piepras\u012bjusi \u0101rstniec\u012bbas iest\u0101d\u0113m un person\u0101m iesniegt inspekcijai nepiecie\u0161amo medic\u012bnisko dokument\u0101ciju. \u0160obr\u012bd p\u0101rbaude v\u0113l turpinoties, skaidro iest\u0101d\u0113.&hellip;\n","protected":false},"author":2,"featured_media":98328,"comment_status":"","ping_status":"","sticky":false,"template":"","format":"standard","meta":{"footnotes":""},"categories":[12],"tags":[23,28,29,11231,32,33,22,30,31,35,39,38,36,37,34,40,20,10903,26,27,24,25,691,21],"class_list":{"0":"post-98327","1":"post","2":"type-post","3":"status-publish","4":"format-standard","5":"has-post-thumbnail","7":"category-latvija","8":"tag-aktualitates","9":"tag-breaking-news","10":"tag-breakingnews","11":"tag-egils-helmanis","12":"tag-featured-news","13":"tag-featurednews","14":"tag-headlines","15":"tag-latest-news","16":"tag-latestnews","17":"tag-latvia","18":"tag-latvian","19":"tag-latviesu","20":"tag-latviesu-valoda","21":"tag-latviesuvaloda","22":"tag-latvija","23":"tag-lv","24":"tag-news","25":"tag-ogre","26":"tag-popularakas-zinas","27":"tag-popularakaszinas","28":"tag-top-stories","29":"tag-topstories","30":"tag-veselibas-inspekcija","31":"tag-zinas"},"share_on_mastodon":{"url":"https:\/\/pubeurope.com\/@lv\/115859773322163566","error":""},"_links":{"self":[{"href":"https:\/\/www.europesays.com\/lv\/wp-json\/wp\/v2\/posts\/98327","targetHints":{"allow":["GET"]}}],"collection":[{"href":"https:\/\/www.europesays.com\/lv\/wp-json\/wp\/v2\/posts"}],"about":[{"href":"https:\/\/www.europesays.com\/lv\/wp-json\/wp\/v2\/types\/post"}],"author":[{"embeddable":true,"href":"https:\/\/www.europesays.com\/lv\/wp-json\/wp\/v2\/users\/2"}],"replies":[{"embeddable":true,"href":"https:\/\/www.europesays.com\/lv\/wp-json\/wp\/v2\/comments?post=98327"}],"version-history":[{"count":0,"href":"https:\/\/www.europesays.com\/lv\/wp-json\/wp\/v2\/posts\/98327\/revisions"}],"wp:featuredmedia":[{"embeddable":true,"href":"https:\/\/www.europesays.com\/lv\/wp-json\/wp\/v2\/media\/98328"}],"wp:attachment":[{"href":"https:\/\/www.europesays.com\/lv\/wp-json\/wp\/v2\/media?parent=98327"}],"wp:term":[{"taxonomy":"category","embeddable":true,"href":"https:\/\/www.europesays.com\/lv\/wp-json\/wp\/v2\/categories?post=98327"},{"taxonomy":"post_tag","embeddable":true,"href":"https:\/\/www.europesays.com\/lv\/wp-json\/wp\/v2\/tags?post=98327"}],"curies":[{"name":"wp","href":"https:\/\/api.w.org\/{rel}","templated":true}]}}