{"id":98329,"date":"2026-01-08T13:44:06","date_gmt":"2026-01-08T13:44:06","guid":{"rendered":"https:\/\/www.europesays.com\/lv\/98329\/"},"modified":"2026-01-08T13:44:06","modified_gmt":"2026-01-08T13:44:06","slug":"francu-kino-legendu-brigitu-bardo-piemin-aizsaule-sentropezas-kapseta-lente-lv","status":"publish","type":"post","link":"https:\/\/www.europesays.com\/lv\/98329\/","title":{"rendered":"Fran\u010du kino le\u0123endu Brigitu Bardo piemin aizsaul\u0113 Sentrop\u0113zas kaps\u0113t\u0101\u00a0\u2014\u00a0Lente.lv"},"content":{"rendered":"<p>Klus\u0101 ceremonija Sentrop\u0113z\u0101<\/p>\n<p>Tre\u0161dien, 7. janv\u0101r\u012b, Sentrop\u0113zas kaps\u0113t\u0101, Francijas Rivj\u0113r\u0101, notika fran\u010du kino ikonas un dz\u012bvnieku ties\u012bbu akt\u012bvistes Brigitas Bardo (Brigitte Bardot) b\u0113res. Ceremonija notika klus\u0101 noris\u0113, ta\u010du t\u0101s norise tika transl\u0113ta uz lieliem ekr\u0101niem pils\u0113t\u0101, lai \u013cautu iedz\u012bvot\u0101jiem un piel\u016bdz\u0113jiem atvad\u012bties no savas m\u012bl\u0113t\u0101s zvaigznes. K\u0101 inform\u0113 port\u0101ls jauns.lv, Bardo m\u016b\u017e\u012bb\u0101 dev\u0101s 28. decembr\u012b, 91 gada vecum\u0101, sav\u0101s m\u0101j\u0101s Sentrop\u0113z\u0101. Vi\u0146as n\u0101ves c\u0113lonis ir v\u0113zis, ar kuru vi\u0146a c\u012bn\u012bj\u0101s, izturot divas oper\u0101cijas pirms slim\u012bbas p\u0113d\u0113jos posmos.<\/p>\n<p>Bag\u0101t\u012bga karjera un p\u0101reja uz aktivismu<\/p>\n<p>Brigita Bardo savulaik bija viena no visvair\u0101k fotograf\u0113taj\u0101m sieviet\u0113m pasaul\u0113 un 1950. un 1960. gadu kino ikona, kas ieguva starptautisku atpaz\u012bstam\u012bbu ar lom\u0101m t\u0101d\u0101s film\u0101s k\u0101 \u201cUn Dievs rad\u012bja sievieti\u201d (1956) un \u201cNicin\u0101jums\u201d (1963). Vi\u0146as karjera kino industrij\u0101 ilga l\u012bdz 1973. gadam, p\u0113c tam Bardo nol\u0113ma atteikties no aktierm\u0101kslas un piln\u012bb\u0101 velt\u012bt savu dz\u012bvi dz\u012bvnieku ties\u012bbu aizst\u0101v\u012bbai. Vi\u0146a nodibin\u0101ja savu fondu dz\u012bvnieku labkl\u0101j\u012bbas veicin\u0101\u0161anai un k\u013cuva par akt\u012bvu dz\u012bvnieku aizst\u0101vi vis\u0101 pasaul\u0113.<\/p>\n<p>Atvad\u012b\u0161an\u0101s Sentrop\u0113z\u0101<\/p>\n<p>B\u0113ru ceremonija notika ar kato\u013cu dievkalpojumu Notre-Dame de l&#8217;Assomption bazn\u012bc\u0101, ko pavad\u012bja Mar\u012bjas Kallasas dzied\u0101t\u0101 \u201cAve Maria\u201d. Uz dievkalpojumu bija ieradu\u0161ies Bardo tuvinieki, tostarp d\u0113ls Nikol\u0101 \u017daks \u0160arj\u0113rs (Nicolas-Jacques Charrier), k\u0101 ar\u012b sabiedr\u012bb\u0101 zin\u0101mi cilv\u0113ki, tostarp fran\u010du dzied\u0101t\u0101jas \u017dans Ro\u0161s (Jean-Roch) un Mireija Matj\u0113 (Mireille Mathieu), k\u0101 ar\u012b politi\u0137e Mar\u012bna Lep\u0113na (Marine Le Pen). P\u0113c dievkalpojuma Bardo tika apglab\u0101ta Sentrop\u0113zas j\u016bras kaps\u0113t\u0101, kas atrodas ar skatu uz Vidusj\u016bru. \u0160aj\u0101 kaps\u0113t\u0101 atdusas ar\u012b vi\u0146as vec\u0101ki un pirmais v\u012brs, re\u017eisors Ro\u017e\u0113 Vadims (Roger Vadim).<\/p>\n<p>Mantojums un kritika<\/p>\n<p>Brigitas Bardo dz\u012bve un mantojums ir daudzpus\u012bgs. Vi\u0146a tika uzskat\u012bta par Francijas eksporta produktu, kas piel\u012bdzin\u0101ms Renault automa\u0161\u012bn\u0101m, un k\u013cuva par 20. gadsimta seksa simbolu. Tom\u0113r vi\u0146as v\u0113l\u0101kie gadi tika aiz\u0113noti ar pretrun\u012bgiem izteikumiem par imigr\u0101ciju un minorit\u0101t\u0113m, par ko vi\u0146a vair\u0101kk\u0101rt sa\u0146\u0113musi ar\u012b sodus. Neskatoties uz kritiku, Bardo paliks atcer\u0113ta k\u0101 kino ikona un nelok\u0101ma dz\u012bvnieku ties\u012bbu aizst\u0101ve, kas savu slavu izmantoja, lai piev\u0113rstu uzman\u012bbu dz\u012bvnieku cie\u0161an\u0101m.<\/p>\n","protected":false},"excerpt":{"rendered":"Klus\u0101 ceremonija Sentrop\u0113z\u0101 Tre\u0161dien, 7. janv\u0101r\u012b, Sentrop\u0113zas kaps\u0113t\u0101, Francijas Rivj\u0113r\u0101, notika fran\u010du kino ikonas un dz\u012bvnieku ties\u012bbu akt\u012bvistes&hellip;\n","protected":false},"author":2,"featured_media":98330,"comment_status":"","ping_status":"","sticky":false,"template":"","format":"standard","meta":{"footnotes":"","_share_on_mastodon":"0"},"categories":[19],"tags":[24144,24142,22442,89,22441,90,35,39,38,36,37,34,40,24143],"class_list":["post-98329","post","type-post","status-publish","format-standard","has-post-thumbnail","category-izklaide","tag-beres","tag-brigita-bardo","tag-dzivnieku-tiesibas","tag-entertainment","tag-francu-kino","tag-izklaide","tag-latvia","tag-latvian","tag-latviesu","tag-latviesu-valoda","tag-latviesuvaloda","tag-latvija","tag-lv","tag-sentropeza"],"share_on_mastodon":{"url":"https:\/\/pubeurope.com\/@lv\/115859781394311840","error":""},"_links":{"self":[{"href":"https:\/\/www.europesays.com\/lv\/wp-json\/wp\/v2\/posts\/98329","targetHints":{"allow":["GET"]}}],"collection":[{"href":"https:\/\/www.europesays.com\/lv\/wp-json\/wp\/v2\/posts"}],"about":[{"href":"https:\/\/www.europesays.com\/lv\/wp-json\/wp\/v2\/types\/post"}],"author":[{"embeddable":true,"href":"https:\/\/www.europesays.com\/lv\/wp-json\/wp\/v2\/users\/2"}],"replies":[{"embeddable":true,"href":"https:\/\/www.europesays.com\/lv\/wp-json\/wp\/v2\/comments?post=98329"}],"version-history":[{"count":0,"href":"https:\/\/www.europesays.com\/lv\/wp-json\/wp\/v2\/posts\/98329\/revisions"}],"wp:featuredmedia":[{"embeddable":true,"href":"https:\/\/www.europesays.com\/lv\/wp-json\/wp\/v2\/media\/98330"}],"wp:attachment":[{"href":"https:\/\/www.europesays.com\/lv\/wp-json\/wp\/v2\/media?parent=98329"}],"wp:term":[{"taxonomy":"category","embeddable":true,"href":"https:\/\/www.europesays.com\/lv\/wp-json\/wp\/v2\/categories?post=98329"},{"taxonomy":"post_tag","embeddable":true,"href":"https:\/\/www.europesays.com\/lv\/wp-json\/wp\/v2\/tags?post=98329"}],"curies":[{"name":"wp","href":"https:\/\/api.w.org\/{rel}","templated":true}]}}