{"id":98333,"date":"2026-01-08T13:47:11","date_gmt":"2026-01-08T13:47:11","guid":{"rendered":"https:\/\/www.europesays.com\/lv\/98333\/"},"modified":"2026-01-08T13:47:11","modified_gmt":"2026-01-08T13:47:11","slug":"20-gadus-veca-modele-parada-ka-izskatijas-pec-piedzivotajam-sausmam-dubaija","status":"publish","type":"post","link":"https:\/\/www.europesays.com\/lv\/98333\/","title":{"rendered":"20 gadus vec\u0101 modele par\u0101da, k\u0101 izskat\u012bj\u0101s p\u0113c piedz\u012bvotaj\u0101m \u0161ausm\u0101m Dubaij\u0101"},"content":{"rendered":"<p>Laiku pa laikam modele tom\u0113r atceras to \u0161ausmino\u0161o dienu Dubaij\u0101. &#8220;Es intervij\u0101s meloju. Nol\u0113mu atz\u012bties, ka notikuma dien\u0101 man\u0101s asin\u012bs netika konstat\u0113ts ne alkohols, ne narkotikas. Man ir dokumenti, kas to apstiprina. Ar\u012b pui\u0161i apgalvo, ka notikuma dien\u0101 vi\u0146iem tika veiktas alkohola un narkotiku anal\u012bzes, ta\u010du es esmu vair\u0101k nek\u0101 p\u0101rliecin\u0101ta, ka ofici\u0101lus dokumentus vi\u0146i nesp\u0113s iesniegt. Par tiem pat nebija runas,&#8221; nor\u0101d\u012bja Marija.<\/p>\n","protected":false},"excerpt":{"rendered":"Laiku pa laikam modele tom\u0113r atceras to \u0161ausmino\u0161o dienu Dubaij\u0101. &#8220;Es intervij\u0101s meloju. Nol\u0113mu atz\u012bties, ka notikuma dien\u0101&hellip;\n","protected":false},"author":2,"featured_media":98334,"comment_status":"","ping_status":"","sticky":false,"template":"","format":"standard","meta":{"footnotes":""},"categories":[14],"tags":[23,57,28,29,32,33,22,30,31,35,39,38,36,37,34,40,20,26,27,24,25,54,55,56,21,58],"class_list":{"0":"post-98333","1":"post","2":"type-post","3":"status-publish","4":"format-standard","5":"has-post-thumbnail","7":"category-zinas-no-arvalstim","8":"tag-aktualitates","9":"tag-arvalstim","10":"tag-breaking-news","11":"tag-breakingnews","12":"tag-featured-news","13":"tag-featurednews","14":"tag-headlines","15":"tag-latest-news","16":"tag-latestnews","17":"tag-latvia","18":"tag-latvian","19":"tag-latviesu","20":"tag-latviesu-valoda","21":"tag-latviesuvaloda","22":"tag-latvija","23":"tag-lv","24":"tag-news","25":"tag-popularakas-zinas","26":"tag-popularakaszinas","27":"tag-top-stories","28":"tag-topstories","29":"tag-world","30":"tag-world-news","31":"tag-worldnews","32":"tag-zinas","33":"tag-zinas-no-arvalstim"},"share_on_mastodon":{"url":"https:\/\/pubeurope.com\/@lv\/115859793070222102","error":""},"_links":{"self":[{"href":"https:\/\/www.europesays.com\/lv\/wp-json\/wp\/v2\/posts\/98333","targetHints":{"allow":["GET"]}}],"collection":[{"href":"https:\/\/www.europesays.com\/lv\/wp-json\/wp\/v2\/posts"}],"about":[{"href":"https:\/\/www.europesays.com\/lv\/wp-json\/wp\/v2\/types\/post"}],"author":[{"embeddable":true,"href":"https:\/\/www.europesays.com\/lv\/wp-json\/wp\/v2\/users\/2"}],"replies":[{"embeddable":true,"href":"https:\/\/www.europesays.com\/lv\/wp-json\/wp\/v2\/comments?post=98333"}],"version-history":[{"count":0,"href":"https:\/\/www.europesays.com\/lv\/wp-json\/wp\/v2\/posts\/98333\/revisions"}],"wp:featuredmedia":[{"embeddable":true,"href":"https:\/\/www.europesays.com\/lv\/wp-json\/wp\/v2\/media\/98334"}],"wp:attachment":[{"href":"https:\/\/www.europesays.com\/lv\/wp-json\/wp\/v2\/media?parent=98333"}],"wp:term":[{"taxonomy":"category","embeddable":true,"href":"https:\/\/www.europesays.com\/lv\/wp-json\/wp\/v2\/categories?post=98333"},{"taxonomy":"post_tag","embeddable":true,"href":"https:\/\/www.europesays.com\/lv\/wp-json\/wp\/v2\/tags?post=98333"}],"curies":[{"name":"wp","href":"https:\/\/api.w.org\/{rel}","templated":true}]}}