{"id":98364,"date":"2026-01-08T14:13:09","date_gmt":"2026-01-08T14:13:09","guid":{"rendered":"https:\/\/www.europesays.com\/lv\/98364\/"},"modified":"2026-01-08T14:13:09","modified_gmt":"2026-01-08T14:13:09","slug":"tramps-plano-parraudzit-venecuelu-gadiem-ilgi-un-likt-tai-pirkt-asv-razojumus","status":"publish","type":"post","link":"https:\/\/www.europesays.com\/lv\/98364\/","title":{"rendered":"Tramps pl\u0101no p\u0101rraudz\u012bt Venecu\u0113lu gadiem ilgi un likt tai pirkt ASV ra\u017eojumus"},"content":{"rendered":"<p>Vi\u0146\u0161 nor\u0101d\u012bjis, ka pirkumi ietvers ASV lauksaimniec\u012bbas produktus, medikamentus, medic\u012bnas ier\u012bces, k\u0101 ar\u012b iek\u0101rtas Venecu\u0113las ener\u0123\u0113tikas sektora moderniz\u0113\u0161anai.<\/p>\n<p>&#8220;Venecu\u0113la ap\u0146emas veikt dar\u012bjumus ar Amerikas Savienotaj\u0101m Valst\u012bm k\u0101 ar savu galveno partneri,&#8221; pav\u0113st\u012bjis Tramps.<\/p>\n<p>&#8220;Gudra izv\u0113le, un tas ir \u013coti labi gan Venecu\u0113las iedz\u012bvot\u0101jiem, gan Savienotaj\u0101m Valst\u012bm,&#8221; vi\u0146\u0161 piebildis.<\/p>\n<p>Va\u0161ingtona nol\u0113musi m\u012bkstin\u0101t da\u017eas Venecu\u0113lai noteikt\u0101s sankcijas, lai \u013cautu transport\u0113t un p\u0101rdot Venecu\u0113las naftu pasaules tirg\u016b.<\/p>\n<p>ASV Ener\u0123\u0113tikas ministrija tre\u0161dien pazi\u0146oja, ka t\u0101 atcels da\u017eus ierobe\u017eojumus, nepreciz\u0113jot, kuras sankcijas tiks atceltas un kad \u0161\u012bs izmai\u0146as st\u0101sies sp\u0113k\u0101.<\/p>\n<p>Savuk\u0101rt Venecu\u0113las valstij piedero\u0161ais naftas uz\u0146\u0113mums PDVSA pav\u0113st\u012bja, ka s\u0101k sarunas ar ASV par Venecu\u0113las j\u0113lnaftas p\u0101rdo\u0161anu.<\/p>\n<p>Jau zi\u0146ots, ka Va\u0161ingtona pl\u0101no p\u0101r\u0146emt kontroli p\u0101r turpm\u0101ko Venecu\u0113las naftas p\u0101rdo\u0161anu p\u0113c ASV milit\u0101r\u0101s oper\u0101cijas pag\u0101ju\u0161\u0101s ned\u0113\u013cas nogal\u0113, kur\u0101 tika sag\u016bst\u012bts un uz ASV ties\u0101\u0161anai par narkoterorismu nog\u0101d\u0101ts autorit\u0101rais l\u012bderis Nikolass Maduro.<\/p>\n","protected":false},"excerpt":{"rendered":"Vi\u0146\u0161 nor\u0101d\u012bjis, ka pirkumi ietvers ASV lauksaimniec\u012bbas produktus, medikamentus, medic\u012bnas ier\u012bces, k\u0101 ar\u012b iek\u0101rtas Venecu\u0113las ener\u0123\u0113tikas sektora moderniz\u0113\u0161anai.&hellip;\n","protected":false},"author":2,"featured_media":97726,"comment_status":"","ping_status":"","sticky":false,"template":"","format":"standard","meta":{"footnotes":""},"categories":[5],"tags":[23,28,29,542,32,33,22,30,31,35,39,38,36,37,34,40,2421,20,26,27,24,25,358,21],"class_list":{"0":"post-98364","1":"post","2":"type-post","3":"status-publish","4":"format-standard","5":"has-post-thumbnail","7":"category-aktualitates","8":"tag-aktualitates","9":"tag-breaking-news","10":"tag-breakingnews","11":"tag-donalds-tramps","12":"tag-featured-news","13":"tag-featurednews","14":"tag-headlines","15":"tag-latest-news","16":"tag-latestnews","17":"tag-latvia","18":"tag-latvian","19":"tag-latviesu","20":"tag-latviesu-valoda","21":"tag-latviesuvaloda","22":"tag-latvija","23":"tag-lv","24":"tag-nafta","25":"tag-news","26":"tag-popularakas-zinas","27":"tag-popularakaszinas","28":"tag-top-stories","29":"tag-topstories","30":"tag-venecuela","31":"tag-zinas"},"share_on_mastodon":{"url":"https:\/\/pubeurope.com\/@lv\/115859895431093215","error":""},"_links":{"self":[{"href":"https:\/\/www.europesays.com\/lv\/wp-json\/wp\/v2\/posts\/98364","targetHints":{"allow":["GET"]}}],"collection":[{"href":"https:\/\/www.europesays.com\/lv\/wp-json\/wp\/v2\/posts"}],"about":[{"href":"https:\/\/www.europesays.com\/lv\/wp-json\/wp\/v2\/types\/post"}],"author":[{"embeddable":true,"href":"https:\/\/www.europesays.com\/lv\/wp-json\/wp\/v2\/users\/2"}],"replies":[{"embeddable":true,"href":"https:\/\/www.europesays.com\/lv\/wp-json\/wp\/v2\/comments?post=98364"}],"version-history":[{"count":0,"href":"https:\/\/www.europesays.com\/lv\/wp-json\/wp\/v2\/posts\/98364\/revisions"}],"wp:featuredmedia":[{"embeddable":true,"href":"https:\/\/www.europesays.com\/lv\/wp-json\/wp\/v2\/media\/97726"}],"wp:attachment":[{"href":"https:\/\/www.europesays.com\/lv\/wp-json\/wp\/v2\/media?parent=98364"}],"wp:term":[{"taxonomy":"category","embeddable":true,"href":"https:\/\/www.europesays.com\/lv\/wp-json\/wp\/v2\/categories?post=98364"},{"taxonomy":"post_tag","embeddable":true,"href":"https:\/\/www.europesays.com\/lv\/wp-json\/wp\/v2\/tags?post=98364"}],"curies":[{"name":"wp","href":"https:\/\/api.w.org\/{rel}","templated":true}]}}