{"id":98468,"date":"2026-01-08T15:52:11","date_gmt":"2026-01-08T15:52:11","guid":{"rendered":"https:\/\/www.europesays.com\/lv\/98468\/"},"modified":"2026-01-08T15:52:11","modified_gmt":"2026-01-08T15:52:11","slug":"latvija-nodod-nato-1-pastavigas-juras-pretminu-grupas-vadibu-polijai-2","status":"publish","type":"post","link":"https:\/\/www.europesays.com\/lv\/98468\/","title":{"rendered":"Latvija nodod NATO 1. past\u0101v\u012bg\u0101s j\u016bras pretm\u012bnu grupas vad\u012bbu Polijai"},"content":{"rendered":"<p>\u0160odien, 8. janv\u0101r\u012b, R\u012bg\u0101 svin\u012bg\u0101 ceremonij\u0101 NATO 1. past\u0101v\u012bg\u0101s j\u016bras pretm\u012bnu grupas (SNMCMG1) komandvad\u012bbu no Latvijas p\u0101r\u0146\u0113ma Polija. Pas\u0101kuma laik\u0101 grupas komandieris ofici\u0101li nodeva pilnvaras jaunajam Polijas komandierim, apliecinot past\u0101v\u012bgo NATO vad\u012bbas lomu rot\u0101ciju, k\u0101 ar\u012b Alianses kolekt\u012bvo ap\u0146em\u0161anos nodro\u0161in\u0101t ku\u0123o\u0161anas dro\u0161\u012bbu j\u016br\u0101.<\/p>\n<p>\u00a0Latvijas J\u016bras sp\u0113ku komandkaptei\u0146a J\u0101\u0146a Auces vad\u012bb\u0101 SNMCMG1 veica pla\u0161as pretm\u012bnu darb\u012bbas un nodro\u0161in\u0101ja ku\u0123o\u0161anas dro\u0161\u012bbu vis\u0101 Baltijas j\u016bras re\u0123ion\u0101. Kopum\u0101 grupa atkl\u0101ja 57 v\u0113sturiskas j\u016bras m\u012bnas un \u010detrus nespr\u0101gu\u0161us spr\u0101dzienb\u012bstamus priek\u0161metus, tostarp piecas D\u0101nijas MK25 m\u012bnas. Grupa veiksm\u012bgi neitraliz\u0113ja un izn\u012bcin\u0101ja 40 v\u0113sturisk\u0101s m\u012bnas, piecas MK25 m\u012bnas un \u010detrus nespr\u0101gu\u0161us spr\u0101dzienb\u012bstamus priek\u0161metus, iev\u0113rojami uzlabojot navig\u0101cijas dro\u0161\u012bbu un ku\u0123o\u0161anas br\u012bv\u012bbu.<\/p>\n<p>\u201cP\u0113d\u0113jie se\u0161i m\u0113ne\u0161i ir biju\u0161i vieni no pras\u012bg\u0101kajiem, ta\u010du ar\u012b profesion\u0101li gandar\u012bjuma piln\u0101kajiem periodiem man\u0101 karjer\u0101,\u201d sac\u012bja komandieris Auce. \u201cSasniegtie rezult\u0101ti nep\u0101rprotami apliecina m\u016bsu ieguld\u012bjumu NATO kolekt\u012bv\u0101s aizsardz\u012bbas un attur\u0113\u0161anas sp\u0113ju stiprin\u0101\u0161an\u0101. \u0160aj\u0101 laik\u0101 m\u0113s esam efekt\u012bvi \u012bstenoju\u0161i kaujas gatav\u012bbas uztur\u0113\u0161anas m\u0101c\u012bbas, pan\u0101ku\u0161i piln\u012bgu savstarp\u0113jo integr\u0101ciju un izpild\u012bju\u0161i visus uzdevumus k\u0101 salied\u0113ta un augsti profesion\u0101la ku\u0123u grupa. M\u016bsu kl\u0101tb\u016btne un past\u0101v\u012bg\u0101 gatav\u012bba ir raid\u012bjusi skaidru un ticamu attur\u0113\u0161anas v\u0113st\u012bjumu, demonstr\u0113jot sabiedroto ap\u0146\u0113m\u012bbu un sp\u0113ju izl\u0113m\u012bgi rea\u0123\u0113t uz jebkuru apdraud\u0113jumu. Ar savu r\u012bc\u012bbu m\u0113s apliecin\u0101m \u2014 SNMCMG1 ir gatava aizst\u0101v\u0113t katru NATO teritorijas centimetru.\u201d<\/p>\n<p>\u0160\u012b bija otr\u0101 reize, kad Latvijai uztic\u0113ts vad\u012bt NATO SNMCMG1 grupu \u2013 pirmo reizi tas notika 2017. gad\u0101, apliecinot sabiedroto uztic\u0113\u0161anos Latvijas J\u016bras sp\u0113ku profesionalit\u0101tei, kompetencei un sp\u0113jai nodro\u0161in\u0101t strat\u0113\u0123iski noz\u012bm\u012bgu uzdevumu izpildi NATO kolekt\u012bv\u0101s dro\u0161\u012bbas stiprin\u0101\u0161an\u0101.<\/p>\n<p>NATO milit\u0101r\u0101s aktivit\u0101tes \u201cBaltic Sentry\u201d laik\u0101 tika veikti koordin\u0113ti NATO centieni, kas v\u0113rsti uz zem\u016bdens kritisk\u0101s infrastrukt\u016bras aizsardz\u012bbu un pastirpin\u0101tas izpratnes veido\u0161anu par situ\u0101ciju j\u016br\u0101. SNMCMG1 past\u0101v\u012bgai kl\u0101tb\u016btnei ir iz\u0161\u0137iro\u0161a loma potenci\u0101lu draudu nov\u0113r\u0161an\u0101. Past\u0101v\u012bg\u0101 patrul\u0113\u0161ana, nov\u0113ro\u0161anas aktivit\u0101tes un \u0101tr\u0101s rea\u0123\u0113\u0161anas gatav\u012bba apstiprina NATO ap\u0146em\u0161anos rea\u0123\u0113t, attur\u0113t un aizsarg\u0101t galven\u0101s j\u016bras sakaru l\u012bnijas vis\u0101 Baltijas j\u016bras re\u0123ion\u0101.<\/p>\n<p>SNMCMG1 akt\u012bvi piedal\u012bj\u0101s vair\u0101k\u0101s daudznacion\u0101l\u0101s m\u0101c\u012bb\u0101s, tostarp \u201cSea Breeze 25\u201d, \u201cSandy Coasts 25\u201d, \u201cNorthern Coasts 25\u201d, \u201cEstonian Historic Ordnance Disposal Operations (HODOPS) 25\u201d, \u201cFinnish HODOPS 25\u201d un \u201cFrezing Winds 25\u201d, pilnveidojot sabiedroto j\u016bras sp\u0113ku savietojam\u012bbu un operacion\u0101lo gatav\u012bbu.<\/p>\n<p>Kop\u0161 2025. gada j\u016blija SNMCMG1 grup\u0101 darboj\u0101s 11 ku\u0123i, kas p\u0101rst\u0101v\u0113ja 11 NATO sabiedroto valstis: Be\u013c\u0123iju, Kan\u0101du, D\u0101niju, Somiju, Franciju, V\u0101ciju, Latviju, Lietuvu, N\u012bderlandi, Poliju un Portug\u0101li. Kop\u0101 ku\u0123u grupa nog\u0101ja vair\u0101k nek\u0101 12 760 j\u016bras j\u016bdzes, nep\u0101rtraukti veicot uzdevumus j\u016br\u0101.<\/p>\n<p>Komandvad\u012bbas mai\u0146as ceremonija uzsver NATO ilgsto\u0161o kl\u0101tb\u016btni Baltijas j\u016br\u0101 un SNMCMG1 b\u016btisko lomu ku\u0123o\u0161anas dro\u0161\u012bbas un re\u0123ion\u0101l\u0101s stabilit\u0101tes uztur\u0113\u0161an\u0101. SNMCMG1 saglab\u0101 gatav\u012bbu rea\u0123\u0113t \u012bs\u0101 laik\u0101 un turpina sniegt ieguld\u012bjumu NATO kolekt\u012bv\u0101s aizsardz\u012bb\u0101 un attur\u0113\u0161an\u0101.<\/p>\n<p>NATO 1. past\u0101v\u012bg\u0101 j\u016bras pretm\u012bnu grupa ir viena no \u010detr\u0101m NATO past\u0101v\u012bgaj\u0101m J\u016bras sp\u0113ku grup\u0101m. NATO past\u0101v\u012bg\u0101s J\u016bras sp\u0113ku grupas veido NATO Rea\u0123\u0113\u0161anas sp\u0113ku j\u016bras komponenti, kas darbojas k\u0101 \u0101tr\u0101s rea\u0123\u0113\u0161anas sp\u0113ki. NATO 1. past\u0101v\u012bg\u0101 j\u016bras pretm\u012bnu grupa ir viena no div\u0101m Alianses j\u016bras komponentes daudznacion\u0101laj\u0101m vien\u012bb\u0101m, kas izveidota m\u012bnu izn\u012bcin\u0101\u0161anas oper\u0101ciju veik\u0161anai, un NATO Rea\u0123\u0113\u0161anas sp\u0113ku sast\u0101v\u0101 demonstr\u0113 NATO sp\u0113ju darboties vis\u0101 Zieme\u013catlantijas re\u0123ion\u0101, Baltijas j\u016br\u0101 un Arktikas pieej\u0101s.<\/p>\n<p>          <img decoding=\"async\" src=\"https:\/\/www.europesays.com\/lv\/wp-content\/uploads\/2026\/01\/1767645852_487_logo-lv.png\" alt=\"\"\/><\/p>\n<p>                  \u0160\u012b inform\u0101cija ir publisks pazi\u0146ojums un neatspogu\u013co LV port\u0101la viedokli. Par t\u0101s saturu atbild ies\u016bt\u012bt\u0101js. <a data-popup=\"rules\">Public\u0113\u0161anas noteikumi<\/a><\/p>\n","protected":false},"excerpt":{"rendered":"\u0160odien, 8. janv\u0101r\u012b, R\u012bg\u0101 svin\u012bg\u0101 ceremonij\u0101 NATO 1. past\u0101v\u012bg\u0101s j\u016bras pretm\u012bnu grupas (SNMCMG1) komandvad\u012bbu no Latvijas p\u0101r\u0146\u0113ma Polija.&hellip;\n","protected":false},"author":2,"featured_media":98469,"comment_status":"","ping_status":"","sticky":false,"template":"","format":"standard","meta":{"footnotes":""},"categories":[14],"tags":[23,57,28,29,32,33,22,30,31,35,39,38,36,37,34,40,20,26,27,24,25,54,55,56,21,58],"class_list":{"0":"post-98468","1":"post","2":"type-post","3":"status-publish","4":"format-standard","5":"has-post-thumbnail","7":"category-zinas-no-arvalstim","8":"tag-aktualitates","9":"tag-arvalstim","10":"tag-breaking-news","11":"tag-breakingnews","12":"tag-featured-news","13":"tag-featurednews","14":"tag-headlines","15":"tag-latest-news","16":"tag-latestnews","17":"tag-latvia","18":"tag-latvian","19":"tag-latviesu","20":"tag-latviesu-valoda","21":"tag-latviesuvaloda","22":"tag-latvija","23":"tag-lv","24":"tag-news","25":"tag-popularakas-zinas","26":"tag-popularakaszinas","27":"tag-top-stories","28":"tag-topstories","29":"tag-world","30":"tag-world-news","31":"tag-worldnews","32":"tag-zinas","33":"tag-zinas-no-arvalstim"},"share_on_mastodon":{"url":"https:\/\/pubeurope.com\/@lv\/115860284749013333","error":""},"_links":{"self":[{"href":"https:\/\/www.europesays.com\/lv\/wp-json\/wp\/v2\/posts\/98468","targetHints":{"allow":["GET"]}}],"collection":[{"href":"https:\/\/www.europesays.com\/lv\/wp-json\/wp\/v2\/posts"}],"about":[{"href":"https:\/\/www.europesays.com\/lv\/wp-json\/wp\/v2\/types\/post"}],"author":[{"embeddable":true,"href":"https:\/\/www.europesays.com\/lv\/wp-json\/wp\/v2\/users\/2"}],"replies":[{"embeddable":true,"href":"https:\/\/www.europesays.com\/lv\/wp-json\/wp\/v2\/comments?post=98468"}],"version-history":[{"count":0,"href":"https:\/\/www.europesays.com\/lv\/wp-json\/wp\/v2\/posts\/98468\/revisions"}],"wp:featuredmedia":[{"embeddable":true,"href":"https:\/\/www.europesays.com\/lv\/wp-json\/wp\/v2\/media\/98469"}],"wp:attachment":[{"href":"https:\/\/www.europesays.com\/lv\/wp-json\/wp\/v2\/media?parent=98468"}],"wp:term":[{"taxonomy":"category","embeddable":true,"href":"https:\/\/www.europesays.com\/lv\/wp-json\/wp\/v2\/categories?post=98468"},{"taxonomy":"post_tag","embeddable":true,"href":"https:\/\/www.europesays.com\/lv\/wp-json\/wp\/v2\/tags?post=98468"}],"curies":[{"name":"wp","href":"https:\/\/api.w.org\/{rel}","templated":true}]}}