{"id":98507,"date":"2026-01-08T16:28:22","date_gmt":"2026-01-08T16:28:22","guid":{"rendered":"https:\/\/www.europesays.com\/lv\/98507\/"},"modified":"2026-01-08T16:28:22","modified_gmt":"2026-01-08T16:28:22","slug":"asv-cietuma-miris-par-spiegosanu-psrs-laba-notiesatais-eimss","status":"publish","type":"post","link":"https:\/\/www.europesays.com\/lv\/98507\/","title":{"rendered":"ASV cietum\u0101 miris par spiego\u0161anu PSRS lab\u0101 noties\u0101tais Eimss"},"content":{"rendered":"<p>Eimss 31 gadu str\u0101d\u0101ja CIP k\u0101 pretizl\u016bko\u0161anas anal\u012bti\u0137is. Vi\u0146\u0161 kop\u0101 ar sievu Rosario tika noties\u0101ts par to, ka no 1985. l\u012bdz 1993. gadam par vair\u0101k nek\u0101 2,5 miljoniem <a href=\"https:\/\/www.apollo.lv\/term\/555410\/asv\" class=\"topicLink\" target=\"_blank\" rel=\"nofollow noopener\">ASV<\/a> dol\u0101ru p\u0101rdeva valsts nosl\u0113pumus Maskavai, kompromit\u0113jot slepenas misijas. \u0160\u012bs r\u012bc\u012bbas d\u0113\u013c g\u0101ja boj\u0101 apm\u0113ram 10 dubulta\u0123enti.<\/p>\n<p>Eimss bija CIP pretizl\u016bko\u0161anas grupas padomju noda\u013cas vad\u012bt\u0101js un nodeva Kremlim desmitiem <a href=\"https:\/\/www.apollo.lv\/term\/555522\/psrs\" class=\"topicLink\" target=\"_blank\" rel=\"nofollow noopener\">PSRS<\/a> un Krievijas pilso\u0146u v\u0101rdus, kuri spiegoja ASV lab\u0101.<\/p>\n<p>Eimsu p\u0101ris tur\u0113ja naudu \u0160veices banku kontos, brauca ar &#8220;Jagu\u0101ru&#8221; un uzkr\u0101ja kred\u012btkar\u0161u r\u0113\u0137inos l\u012bdz 50 000 dol\u0101ru gad\u0101, l\u012bdz vi\u0146u iz\u0161\u0137\u0113rd\u012bgais dz\u012bvesveids rad\u012bja aizdomas.<\/p>\n<p>Saska\u0146\u0101 ar feder\u0101lo prokuroru teikto Eimss spiegoja Padomju Savien\u012bbas un p\u0113c tam Krievijas lab\u0101, l\u012bdz 1994. gad\u0101 tika atmaskots.<\/p>\n<p>Pa\u013caujoties uz Eimsa viltus inform\u0101ciju, CIP amatpersonas vair\u0101kk\u0101rt dezinform\u0113ja ASV prezidentus Ronaldu Reiganu un D\u017eord\u017eu Bu\u0161u vec\u0101ko, k\u0101 ar citas augst\u0101k\u0101s amatpersonas par PSRS milit\u0101raj\u0101m sp\u0113j\u0101m un cit\u0101m strat\u0113\u0123isk\u0101m deta\u013c\u0101m.<\/p>\n<p>Eimsa ties\u0101\u0161ana uzkurin\u0101ja sasp\u012bl\u0113jumu starp Va\u0161ingtonu un Maskavu. Eimsa skand\u0101la d\u0113\u013c atk\u0101p\u0101s no amata toreiz\u0113jais CIP direktors D\u017eeimss V\u016blsijs, kur\u0161 bija atteicies atlaist vai pazemin\u0101t amatos savus kol\u0113\u0123us saist\u012bb\u0101 ar \u0161o skand\u0101lu.<\/p>\n<p>Toreiz\u0113jais ASV prezidents Bils Klintons nosauca Eimsa lietu par &#8220;\u013coti nopietnu&#8221; un pie\u013c\u0101va iesp\u0113ju, ka t\u0101 var kait\u0113t attiec\u012bb\u0101m ar Krieviju. Kremlis cent\u0101s par\u0101d\u012bt \u0161o incidentu k\u0101 mazsvar\u012bgu, un k\u0101ds Krievijas diplom\u0101ts nosauca amerik\u0101\u0146us par &#8220;gal\u0113ji emocion\u0101liem&#8221;.<\/p>\n<p>Baltais nams izraid\u012bja Krievijas diplom\u0101tu Aleksandru Lisenko, kur\u0161 tika aps\u016bdz\u0113ts sakaros ar Eimsu, bet kuru <a href=\"https:\/\/www.apollo.lv\/term\/555452\/krievija\" class=\"topicLink\" target=\"_blank\" rel=\"nofollow noopener\">Krievija<\/a> atteic\u0101s atsaukt.<\/p>\n","protected":false},"excerpt":{"rendered":"Eimss 31 gadu str\u0101d\u0101ja CIP k\u0101 pretizl\u016bko\u0161anas anal\u012bti\u0137is. Vi\u0146\u0161 kop\u0101 ar sievu Rosario tika noties\u0101ts par to, ka&hellip;\n","protected":false},"author":2,"featured_media":98508,"comment_status":"","ping_status":"","sticky":false,"template":"","format":"standard","meta":{"footnotes":""},"categories":[14],"tags":[23,57,292,28,29,32,33,22,234,30,31,35,39,38,36,37,34,40,20,26,27,12135,24177,3109,9811,24,25,54,55,56,21,58],"class_list":{"0":"post-98507","1":"post","2":"type-post","3":"status-publish","4":"format-standard","5":"has-post-thumbnail","7":"category-zinas-no-arvalstim","8":"tag-aktualitates","9":"tag-arvalstim","10":"tag-asv","11":"tag-breaking-news","12":"tag-breakingnews","13":"tag-featured-news","14":"tag-featurednews","15":"tag-headlines","16":"tag-krievija","17":"tag-latest-news","18":"tag-latestnews","19":"tag-latvia","20":"tag-latvian","21":"tag-latviesu","22":"tag-latviesu-valoda","23":"tag-latviesuvaloda","24":"tag-latvija","25":"tag-lv","26":"tag-news","27":"tag-popularakas-zinas","28":"tag-popularakaszinas","29":"tag-psrs","30":"tag-spiegi","31":"tag-spiegosana","32":"tag-spiegs","33":"tag-top-stories","34":"tag-topstories","35":"tag-world","36":"tag-world-news","37":"tag-worldnews","38":"tag-zinas","39":"tag-zinas-no-arvalstim"},"share_on_mastodon":{"url":"https:\/\/pubeurope.com\/@lv\/115860426184719333","error":""},"_links":{"self":[{"href":"https:\/\/www.europesays.com\/lv\/wp-json\/wp\/v2\/posts\/98507","targetHints":{"allow":["GET"]}}],"collection":[{"href":"https:\/\/www.europesays.com\/lv\/wp-json\/wp\/v2\/posts"}],"about":[{"href":"https:\/\/www.europesays.com\/lv\/wp-json\/wp\/v2\/types\/post"}],"author":[{"embeddable":true,"href":"https:\/\/www.europesays.com\/lv\/wp-json\/wp\/v2\/users\/2"}],"replies":[{"embeddable":true,"href":"https:\/\/www.europesays.com\/lv\/wp-json\/wp\/v2\/comments?post=98507"}],"version-history":[{"count":0,"href":"https:\/\/www.europesays.com\/lv\/wp-json\/wp\/v2\/posts\/98507\/revisions"}],"wp:featuredmedia":[{"embeddable":true,"href":"https:\/\/www.europesays.com\/lv\/wp-json\/wp\/v2\/media\/98508"}],"wp:attachment":[{"href":"https:\/\/www.europesays.com\/lv\/wp-json\/wp\/v2\/media?parent=98507"}],"wp:term":[{"taxonomy":"category","embeddable":true,"href":"https:\/\/www.europesays.com\/lv\/wp-json\/wp\/v2\/categories?post=98507"},{"taxonomy":"post_tag","embeddable":true,"href":"https:\/\/www.europesays.com\/lv\/wp-json\/wp\/v2\/tags?post=98507"}],"curies":[{"name":"wp","href":"https:\/\/api.w.org\/{rel}","templated":true}]}}