{"id":98525,"date":"2026-01-08T16:47:11","date_gmt":"2026-01-08T16:47:11","guid":{"rendered":"https:\/\/www.europesays.com\/lv\/98525\/"},"modified":"2026-01-08T16:47:11","modified_gmt":"2026-01-08T16:47:11","slug":"vizni-daugava-atkal-rada-bazas-par-pludiem-jekabpils-novada-raksts","status":"publish","type":"post","link":"https:\/\/www.europesays.com\/lv\/98525\/","title":{"rendered":"Vi\u017e\u0146i Daugav\u0101 atkal rada ba\u017eas par pl\u016bdiem J\u0113kabpils novad\u0101 \/ Raksts"},"content":{"rendered":"<p>\u0160oned\u0113\u013c Daugav\u0101 pie J\u0113kabpils vi\u017e\u0146u sabl\u012bv\u0113\u0161an\u0101s rad\u012bja strauju \u016bdensl\u012bme\u0146a cel\u0161anos. Sala ietekm\u0113 vi\u017e\u0146u kust\u012bba ir apst\u0101jusies, bet iedz\u012bvot\u0101ji ar ba\u017e\u0101m gaida atkusni.\u00a0Ar\u012b hidrologi prognoz\u0113, ka \u0161ogad up\u0113 veidosies bieza ledus k\u0101rta, t\u0101d\u0113\u013c strauja siltuma ien\u0101k\u0161ana var\u0113tu rad\u012bt pl\u016bdus. Pa\u0161vald\u012bb\u0101 nor\u0101da, ka atbild\u012bgie speci\u0101listi ir gatavi ar\u012b kr\u012bzes situ\u0101cij\u0101m.<\/p>\n<p>                Diennakts laik\u0101 \u016bdens l\u012bmenis pieauga par metru<\/p>\n<p>P\u0113c tam, kad vienas diennakts laik\u0101 Daugav\u0101 pie J\u0113kabpils \u016bdens l\u012bmenis paaugstin\u0101j\u0101s par vair\u0101k nek\u0101 vienu metru, novada pa\u0161vald\u012bba s\u0101ka pastiprin\u0101ti monitor\u0113t situ\u0101ciju.<\/p>\n<p>&#8220;S\u0101k\u0101m sarunas ar iedz\u012bvot\u0101jiem, kas visbie\u017e\u0101k appl\u016bst vai kas pirmie appl\u016bst, ar tiem s\u0101k\u0101m p\u0101rrunas un sekot situ\u0101cijai l\u012bdzi. Uz \u0161o br\u012bdi ir realiz\u0113jies t\u0101ds vislab\u0101kais scen\u0101rijs \u2013 vi\u017e\u0146u ie\u0161ana ir p\u0101rtraukta, vi\u017e\u0146i ir sasalu\u0161i,&#8221; st\u0101st\u012bja\u00a0J\u0113kabpils novada civil\u0101s aizsardz\u012bbas in\u017eenieris\u00a0Ilm\u0101rs Luksts.<\/p>\n<p>\u016adens l\u012bmenis Daugav\u0101<\/p>\n<p>J\u0113kabpils nov\u0113rojumu stacijas dati \u2013 \u016bdens l\u012bmenis virs stacijas nulles atz\u012bmes<\/p>\n<p>5. janv\u0101ris \u2013 2,75 metri<\/p>\n<p>6. janv\u0101ris \u2013 3,93 metri<\/p>\n<p>7. janv\u0101ris \u2013 3,70 metri<\/p>\n<p>8. janv\u0101ris \u2013 3,56 metri<\/p>\n<p>dzelten\u0101 br\u012bdin\u0101juma l\u012bmenis \u2013 6 metri<\/p>\n<p>Avots: LV\u0122MC<\/p>\n<p>Sals veicin\u0101ja \u016bdens l\u012bme\u0146a pak\u0101penisku kri\u0161anos, un ceturtdien Daugav\u0101 pie J\u0113kabpils l\u012bmenis virs stacijas nulles atz\u012bmes sasniedza 3,56 metrus. Tas ir vair\u0101k nek\u0101 divus metrus zem dzelten\u0101 br\u012bdin\u0101juma l\u012bme\u0146a pils\u0113t\u0101. Hidrologi prognoz\u0113ja, ka tuv\u0101kaj\u0101 laik\u0101 saglab\u0101sies sals un situ\u0101cija up\u0113 b\u016bs mier\u012bga, bet probl\u0113mas var\u0113tu rasties sp\u0113c\u012bga atku\u0161\u0146a gad\u012bjum\u0101.<\/p>\n<p>&#8220;Aizsal\u0161anas laik\u0101 Daugav\u0101 ir \u013coti daudz sabl\u012bv\u0113jumu veidoju\u0161ies, un ledus b\u016bs biezs. Vai agr\u0101k\u0101, vai v\u0113l\u0101k\u0101 pavasar\u012b, visdr\u012bz\u0101k, b\u016bs iesp\u0113jami atkal ledus sastr\u0113gumi un \u016bdens l\u012bme\u0146a cel\u0161an\u0101s, bet \u0161obr\u012bd par to ir p\u0101ragri run\u0101t. Parasti straujie procesi izraisa liel\u0101kus, nopietn\u0101kus pl\u016bdus,&#8221; skaidroja\u00a0Latvijas vides, \u0123eolo\u0123ijas un meteorolo\u0123ijas centra (LV\u0122MC) hidrolo\u0123e L\u012bga Klints.<\/p>\n<p>Pils\u0113tu sarg\u0101 atjaunotais dambis, pl\u016bdu draudi blakus teritorij\u0101m<\/p>\n<p>Pils\u0113tu no pl\u016bdiem sarg\u0101 atjaunotais Daugavas aizsargdambis, bet pagastu iedz\u012bvot\u0101ji aug\u0161pus un lejpus J\u0113kabpils, kur dambja nav, j\u016btas nedro\u0161\u0101ki. \u0100be\u013cu ciem\u0101 joproj\u0101m atceras pl\u016bdus pirms trim gadiem.<\/p>\n<p>&#8220;Saimniec\u012bbas \u0113kas, kas ir, \u2013 t\u0101s visas bija \u016bden\u012b, pagrabi \u016bden\u012b, bites \u016bden\u012b. M\u016bs diezgan nopietni tas viss ietekm\u0113ja. Bites boj\u0101 neaizg\u0101ja, jo pasp\u0113ja no \u016bdens izvilkt lauk\u0101 p\u0113d\u0113j\u0101 br\u012bd\u012b. Visu laiku sekojam l\u012bdzi, k\u0101 Daugava uzvedas, k\u0101ds ir \u016bdens l\u012bmenis,&#8221; atcer\u0113j\u0101s Gita.<\/p>\n<p>Pa\u0161vald\u012bbas civil\u0101s aizsardz\u012bbas speci\u0101listiem ir zin\u0101mi r\u012bc\u012bbas pl\u0101ni pl\u016bdu gad\u012bjum\u0101. Viena no darb\u012bb\u0101m ir pretpl\u016bdu l\u012bdzek\u013cu izvieto\u0161ana. Savuk\u0101rt<\/p>\n<blockquote>\n<p>spridzin\u0101\u0161anas variantu vietvar\u0101 neapsver.<\/p>\n<\/blockquote>\n<p>&#8220;Tur ir j\u0101sakr\u012bt \u013coti daudz da\u017e\u0101diem apst\u0101k\u013ciem, lai tas b\u016btu efekt\u012bvi. L\u012bdz \u0161im t\u0101s spridzin\u0101\u0161anas, cik m\u0113s esam redz\u0113ju\u0161i, piedz\u012bvoju\u0161i, ar\u012b v\u0113stures materi\u0101lus skat\u012bju\u0161ies, vi\u0146a nav bijusi efekt\u012bva,&#8221; teica Luksts.<\/p>\n<p>Lai v\u0113l vair\u0101k mazin\u0101tu pl\u016bdu riskus, pa\u0161vald\u012bba pl\u0101no piesaist\u012bt finans\u0113jumu, lai pagarin\u0101tu upes kreis\u0101 un lab\u0101 krasta aizsargdambi J\u0113kabpil\u012b, paaugstin\u0101tu \u010detrus ielu posmus un veiktu citus pretpl\u016bdu sist\u0113mas uzlabojumus. Ja finans\u0113jums tiks pie\u0161\u0137irts, b\u016bvdarbus pl\u0101nots s\u0101kt 2027. gad\u0101.<\/p>\n<p><img decoding=\"async\" src=\"https:\/\/www.europesays.com\/lv\/wp-content\/uploads\/2026\/01\/seqa.jpg\" alt=\"\"\/><\/p>\n<p>Foto: Vidusdaugavas telev\u012bzija<\/p>\n<p><img decoding=\"async\" src=\"https:\/\/www.europesays.com\/lv\/wp-content\/uploads\/2026\/01\/seqb.jpg\" alt=\"\"\/><\/p>\n<p>Foto: Vidusdaugavas telev\u012bzija<\/p>\n<p><img decoding=\"async\" src=\"https:\/\/www.europesays.com\/lv\/wp-content\/uploads\/2026\/01\/seqc.jpg\" alt=\"\"\/><\/p>\n<p>Foto: Vidusdaugavas telev\u012bzija<\/p>\n<\/p>\n<p>KONTEKSTS:<\/p>\n<p>J\u0113kabpil\u012b 2025. gada ruden\u012b p\u0113c divus gadus ilgiem darbiem pabeidza d\u0101rg\u0101ko b\u016bvniec\u012bbas projektu pils\u0113tas v\u0113stur\u0113 \u2013 Daugavas aizsargdambja p\u0101rb\u016bvi. Ieguldot teju 17 miljonus eiro, veikta dambja stiprin\u0101\u0161ana, pretpl\u016bdu sist\u0113mas izb\u016bve, k\u0101 ar\u012b teritorijas labiek\u0101rto\u0161ana.<\/p>\n<p>Iedz\u012bvot\u0101jiem joproj\u0101m ir svaig\u0101 atmi\u0146\u0101 pirms nepilniem trim gadiem piedz\u012bvotie pl\u016bdi, t\u0101d\u0113\u013c vi\u0146i cer, ka atjaunotais dambis pasarg\u0101s pils\u0113tu. Tikm\u0113r Eiropas Prokurat\u016bra joproj\u0101m izmekl\u0113 iesp\u0113jamos p\u0101rk\u0101pumus dambja projekt\u0101.<\/p>\n<p>                    Valodas k\u013c\u016bda rakst\u0101?<\/p>\n<p class=\"d-none d-md-block\">Iez\u012bm\u0113jiet tekstu un spiediet Ctrl+Enter, lai nos\u016bt\u012btu labojamo teksta fragmentu redaktoram! Par faktu k\u013c\u016bd\u0101m l\u016bdzam zi\u0146ot e-past\u0101 <a href=\"https:\/\/www.lsm.lv\/cdn-cgi\/l\/email-protection\" class=\"__cf_email__\" data-cfemail=\"423027262329212b2823022e312f6c2e34\" rel=\"nofollow noopener\" target=\"_blank\">[email\u00a0protected]<\/a>.<\/p>\n<p class=\"d-md-none\">Iez\u012bm\u0113jiet tekstu un spiediet uz Zi\u0146ot par k\u013c\u016bdu pogas, lai nos\u016bt\u012btu labojamo teksta fragmentu redaktoram!<\/p>\n<p>\n                    Zi\u0146ot par k\u013c\u016bdu\n                <\/p>\n","protected":false},"excerpt":{"rendered":"\u0160oned\u0113\u013c Daugav\u0101 pie J\u0113kabpils vi\u017e\u0146u sabl\u012bv\u0113\u0161an\u0101s rad\u012bja strauju \u016bdensl\u012bme\u0146a cel\u0161anos. Sala ietekm\u0113 vi\u017e\u0146u kust\u012bba ir apst\u0101jusies, bet iedz\u012bvot\u0101ji&hellip;\n","protected":false},"author":2,"featured_media":98526,"comment_status":"","ping_status":"","sticky":false,"template":"","format":"standard","meta":{"footnotes":""},"categories":[12],"tags":[23,28,29,32,33,22,30,31,35,39,38,36,37,34,40,20,26,27,24,25,21],"class_list":{"0":"post-98525","1":"post","2":"type-post","3":"status-publish","4":"format-standard","5":"has-post-thumbnail","7":"category-latvija","8":"tag-aktualitates","9":"tag-breaking-news","10":"tag-breakingnews","11":"tag-featured-news","12":"tag-featurednews","13":"tag-headlines","14":"tag-latest-news","15":"tag-latestnews","16":"tag-latvia","17":"tag-latvian","18":"tag-latviesu","19":"tag-latviesu-valoda","20":"tag-latviesuvaloda","21":"tag-latvija","22":"tag-lv","23":"tag-news","24":"tag-popularakas-zinas","25":"tag-popularakaszinas","26":"tag-top-stories","27":"tag-topstories","28":"tag-zinas"},"share_on_mastodon":{"url":"https:\/\/pubeurope.com\/@lv\/115860501075884947","error":""},"_links":{"self":[{"href":"https:\/\/www.europesays.com\/lv\/wp-json\/wp\/v2\/posts\/98525","targetHints":{"allow":["GET"]}}],"collection":[{"href":"https:\/\/www.europesays.com\/lv\/wp-json\/wp\/v2\/posts"}],"about":[{"href":"https:\/\/www.europesays.com\/lv\/wp-json\/wp\/v2\/types\/post"}],"author":[{"embeddable":true,"href":"https:\/\/www.europesays.com\/lv\/wp-json\/wp\/v2\/users\/2"}],"replies":[{"embeddable":true,"href":"https:\/\/www.europesays.com\/lv\/wp-json\/wp\/v2\/comments?post=98525"}],"version-history":[{"count":0,"href":"https:\/\/www.europesays.com\/lv\/wp-json\/wp\/v2\/posts\/98525\/revisions"}],"wp:featuredmedia":[{"embeddable":true,"href":"https:\/\/www.europesays.com\/lv\/wp-json\/wp\/v2\/media\/98526"}],"wp:attachment":[{"href":"https:\/\/www.europesays.com\/lv\/wp-json\/wp\/v2\/media?parent=98525"}],"wp:term":[{"taxonomy":"category","embeddable":true,"href":"https:\/\/www.europesays.com\/lv\/wp-json\/wp\/v2\/categories?post=98525"},{"taxonomy":"post_tag","embeddable":true,"href":"https:\/\/www.europesays.com\/lv\/wp-json\/wp\/v2\/tags?post=98525"}],"curies":[{"name":"wp","href":"https:\/\/api.w.org\/{rel}","templated":true}]}}