{"id":98589,"date":"2026-01-08T18:06:16","date_gmt":"2026-01-08T18:06:16","guid":{"rendered":"https:\/\/www.europesays.com\/lv\/98589\/"},"modified":"2026-01-08T18:06:16","modified_gmt":"2026-01-08T18:06:16","slug":"muziba-devusies-izcila-basketboliste-uljana-semjonova","status":"publish","type":"post","link":"https:\/\/www.europesays.com\/lv\/98589\/","title":{"rendered":"M\u016b\u017e\u012bb\u0101 devusies izcil\u0101 basketboliste U\u013cjana Semjonova"},"content":{"rendered":"<p>Ceturtdien 73 gadu vecum\u0101 mirusi Latvijas izcil\u0101 basketboliste U\u013cjana Semjonova, v\u0113sta Latvijas Basketbola savien\u012bba (LBS).<\/p>\n<p>Savu dz\u012bves moto U\u013cjana Semjonova savulaik formul\u0113ja \u0161\u0101diem v\u0101rdiem: &#8220;Tagad br\u012b\u017eos, kad vesel\u012bba sa\u0161\u0137ob\u0101s, reiz\u0113m izn\u0101k papr\u0101tot: vai bija v\u0113rts visu apzin\u012bgo m\u016b\u017eu ziedot sevi piln\u012bb\u0101? Ta\u010du es laikam esmu maksim\u0101liste, izdaru visu, ko vien sp\u0113ju; ar maz\u0101k man nepietiek. Mazotn\u0113 man \u0123imene m\u0101c\u012bja katru ies\u0101kto darbu paveikt god\u012bgi, ar pilnu atdevi un l\u012bdz galam. Basketbols s\u0101kum\u0101 man lik\u0101s t\u0101da k\u0101 vieglpr\u0101t\u012bba \u2014 l\u012bdz to iem\u012bl\u0113ju caur TTT un komandas lieliskaj\u0101m meiten\u0113m.<\/p>\n<p class=\"m-0\">Seko &#8220;Delfi&#8221; ar\u012b  <a target=\"_blank\" href=\"https:\/\/www.instagram.com\/delfi.lv\/\" rel=\"nofollow noopener\">Instagram<\/a>  un <a target=\"_blank\" href=\"https:\/\/www.youtube.com\/channel\/UCw5foWtcJvAbUm64rv7jwUQ\" rel=\"nofollow noopener\">YouTube<\/a>  profil\u0101 \u2013 pievienojies, lai uzzin\u0101tu svar\u012bg\u0101ko un interesant\u0101ko pirmais!<\/p>\n<p>Publik\u0101cijas saturs vai t\u0101s jebk\u0101da apjoma da\u013ca ir aizsarg\u0101ts autorties\u012bbu objekts Autorties\u012bbu likuma izpratn\u0113, un t\u0101 izmanto\u0161ana bez izdev\u0113ja at\u013caujas ir aizliegta. Vair\u0101k lasi  <a target=\"_blank\" href=\"https:\/\/www.delfi.lv\/noteikumi#autortiesibas\" rel=\"nofollow noopener\">\u0161eit<\/a><script async src=\"\/\/www.instagram.com\/embed.js\"><\/script><\/p>\n","protected":false},"excerpt":{"rendered":"Ceturtdien 73 gadu vecum\u0101 mirusi Latvijas izcil\u0101 basketboliste U\u013cjana Semjonova, v\u0113sta Latvijas Basketbola savien\u012bba (LBS). Savu dz\u012bves moto&hellip;\n","protected":false},"author":2,"featured_media":98590,"comment_status":"","ping_status":"","sticky":false,"template":"","format":"standard","meta":{"footnotes":""},"categories":[5],"tags":[23,28,29,32,33,22,30,31,35,39,38,36,37,34,7194,40,20,26,27,24,25,11634,21],"class_list":{"0":"post-98589","1":"post","2":"type-post","3":"status-publish","4":"format-standard","5":"has-post-thumbnail","7":"category-aktualitates","8":"tag-aktualitates","9":"tag-breaking-news","10":"tag-breakingnews","11":"tag-featured-news","12":"tag-featurednews","13":"tag-headlines","14":"tag-latest-news","15":"tag-latestnews","16":"tag-latvia","17":"tag-latvian","18":"tag-latviesu","19":"tag-latviesu-valoda","20":"tag-latviesuvaloda","21":"tag-latvija","22":"tag-latvijas-basketbola-savieniba","23":"tag-lv","24":"tag-news","25":"tag-popularakas-zinas","26":"tag-popularakaszinas","27":"tag-top-stories","28":"tag-topstories","29":"tag-uljana-semjonova","30":"tag-zinas"},"share_on_mastodon":{"url":"https:\/\/pubeurope.com\/@lv\/115860811442085653","error":""},"_links":{"self":[{"href":"https:\/\/www.europesays.com\/lv\/wp-json\/wp\/v2\/posts\/98589","targetHints":{"allow":["GET"]}}],"collection":[{"href":"https:\/\/www.europesays.com\/lv\/wp-json\/wp\/v2\/posts"}],"about":[{"href":"https:\/\/www.europesays.com\/lv\/wp-json\/wp\/v2\/types\/post"}],"author":[{"embeddable":true,"href":"https:\/\/www.europesays.com\/lv\/wp-json\/wp\/v2\/users\/2"}],"replies":[{"embeddable":true,"href":"https:\/\/www.europesays.com\/lv\/wp-json\/wp\/v2\/comments?post=98589"}],"version-history":[{"count":0,"href":"https:\/\/www.europesays.com\/lv\/wp-json\/wp\/v2\/posts\/98589\/revisions"}],"wp:featuredmedia":[{"embeddable":true,"href":"https:\/\/www.europesays.com\/lv\/wp-json\/wp\/v2\/media\/98590"}],"wp:attachment":[{"href":"https:\/\/www.europesays.com\/lv\/wp-json\/wp\/v2\/media?parent=98589"}],"wp:term":[{"taxonomy":"category","embeddable":true,"href":"https:\/\/www.europesays.com\/lv\/wp-json\/wp\/v2\/categories?post=98589"},{"taxonomy":"post_tag","embeddable":true,"href":"https:\/\/www.europesays.com\/lv\/wp-json\/wp\/v2\/tags?post=98589"}],"curies":[{"name":"wp","href":"https:\/\/api.w.org\/{rel}","templated":true}]}}