{"id":98600,"date":"2026-01-08T18:16:11","date_gmt":"2026-01-08T18:16:11","guid":{"rendered":"https:\/\/www.europesays.com\/lv\/98600\/"},"modified":"2026-01-08T18:16:11","modified_gmt":"2026-01-08T18:16:11","slug":"venecuelas-nelaimju-celonis-nafta-un-socialisms","status":"publish","type":"post","link":"https:\/\/www.europesays.com\/lv\/98600\/","title":{"rendered":"Venecu\u0113las nelaimju c\u0113lonis \u2014 nafta un soci\u0101lisms"},"content":{"rendered":"<p>&#8220;Gada laik\u0101 valsts ien\u0101kumi tr\u012bsk\u0101r\u0161oj\u0101s. Pirmaj\u0101 br\u012bd\u012b \u0161\u012b nauda \u0161\u0137ita k\u0101 manna no debes\u012bm, bet ilgtermi\u0146\u0101, manupr\u0101t, t\u0101 Venecu\u0113lu sagr\u0101va,&#8221; t\u0101 sav\u0101 2017. gad\u0101 izdotaj\u0101 gr\u0101mat\u0101 &#8220;P\u0113tera peripetijas&#8221; rakst\u012bjis P\u0113teris Bol\u0161aitis (1937\u20132021), latvie\u0161u zin\u0101tnieks un mecen\u0101ts, kura iev\u0113rojama dz\u012bves da\u013ca saist\u012bta tie\u0161i ar \u0161o Dienvidamerikas zemi.\u00a0<\/p>\n<p>P\u0113c tam kad \u0161ogad 3. janv\u0101r\u012b ASV \u012bstenot\u0101s milit\u0101r\u0101s oper\u0101cijas rezult\u0101t\u0101 tika sag\u016bst\u012bts diktators Nikolass Maduro, Venecu\u0113la atkal non\u0101kusi glob\u0101l\u0101s uzman\u012bbas centr\u0101. Notiku\u0161ajam ir tik daudz aspektu, ka katrs, protams, var izcelt sev v\u0113lamo, lai pozicion\u0113tos. Ta\u010du skaidrs, ka tam ir diezgan gara priek\u0161v\u0113sture, kas labi izskaidro, k\u0101p\u0113c, k\u0101 izskat\u0101s, pa\u0161i venecu\u0113lie\u0161i Maduro g\u0101\u0161anu uztver ar atvieglojumu, bet da\u013ca \u2013 pat k\u0101 iemeslu l\u012bksmot.<\/p>\n<p>Sav\u0101 gr\u0101mat\u0101 P. Bol\u0161aitis Venecu\u0113las likstu s\u0101kumu saista ar vair\u0101k nek\u0101 50 gadu senu pag\u0101tni, proti, 1973. gada ar\u0101bu\u2013Izra\u0113las karu, kad ar\u0101bu valstis, iebilstot pret ASV atbalstu Izra\u0113lai, noteica naftas tirdzniec\u012bbas boikotu amerik\u0101\u0146iem. Tirg\u016b negaid\u012bti rad\u0101s defic\u012bts, piepras\u012bjums p\u0113c Venecu\u0113las naftas strauji pieauga, vienlaikus ar\u012b t\u0101s cena. &#8220;P\u0113k\u0161\u0146ais naudas iepl\u016bdums, kas ilga vair\u0101kus gadus, bija k\u0101 azartsp\u0113l\u0113 novinn\u0113ts, rad\u012bja atkar\u012bbu un beigu beig\u0101s noveda pie kraha. Atceros, ka toreiz\u0113jais valsts prezidents Karloss Anderss Peress prognoz\u0113ja, ka naftas cenas v\u0113lreiz tr\u012bsk\u0101r\u0161osies, bet Venecu\u0113la k\u013c\u016bs par pasaules lielvaru,&#8221; gr\u0101mat\u0101 atminas latvie\u0161u \u0137\u012bmi\u0137is, kur\u0161 tie\u0161i tolaik, p\u0113c izgl\u012bt\u012bbas ieg\u016b\u0161anas un zin\u0101tnisk\u0101s darb\u012bbas ASV, bija sa\u0146\u0113mis vilino\u0161u darba pied\u0101v\u0101jumu Venecu\u0113l\u0101.\u00a0<\/p>\n","protected":false},"excerpt":{"rendered":"&#8220;Gada laik\u0101 valsts ien\u0101kumi tr\u012bsk\u0101r\u0161oj\u0101s. Pirmaj\u0101 br\u012bd\u012b \u0161\u012b nauda \u0161\u0137ita k\u0101 manna no debes\u012bm, bet ilgtermi\u0146\u0101, manupr\u0101t, t\u0101&hellip;\n","protected":false},"author":2,"featured_media":98601,"comment_status":"","ping_status":"","sticky":false,"template":"","format":"standard","meta":{"footnotes":""},"categories":[14],"tags":[23,57,28,29,32,33,22,30,31,35,39,38,36,37,34,40,20,26,27,24,25,54,55,56,21,58],"class_list":{"0":"post-98600","1":"post","2":"type-post","3":"status-publish","4":"format-standard","5":"has-post-thumbnail","7":"category-zinas-no-arvalstim","8":"tag-aktualitates","9":"tag-arvalstim","10":"tag-breaking-news","11":"tag-breakingnews","12":"tag-featured-news","13":"tag-featurednews","14":"tag-headlines","15":"tag-latest-news","16":"tag-latestnews","17":"tag-latvia","18":"tag-latvian","19":"tag-latviesu","20":"tag-latviesu-valoda","21":"tag-latviesuvaloda","22":"tag-latvija","23":"tag-lv","24":"tag-news","25":"tag-popularakas-zinas","26":"tag-popularakaszinas","27":"tag-top-stories","28":"tag-topstories","29":"tag-world","30":"tag-world-news","31":"tag-worldnews","32":"tag-zinas","33":"tag-zinas-no-arvalstim"},"share_on_mastodon":{"url":"https:\/\/pubeurope.com\/@lv\/115860850776400388","error":""},"_links":{"self":[{"href":"https:\/\/www.europesays.com\/lv\/wp-json\/wp\/v2\/posts\/98600","targetHints":{"allow":["GET"]}}],"collection":[{"href":"https:\/\/www.europesays.com\/lv\/wp-json\/wp\/v2\/posts"}],"about":[{"href":"https:\/\/www.europesays.com\/lv\/wp-json\/wp\/v2\/types\/post"}],"author":[{"embeddable":true,"href":"https:\/\/www.europesays.com\/lv\/wp-json\/wp\/v2\/users\/2"}],"replies":[{"embeddable":true,"href":"https:\/\/www.europesays.com\/lv\/wp-json\/wp\/v2\/comments?post=98600"}],"version-history":[{"count":0,"href":"https:\/\/www.europesays.com\/lv\/wp-json\/wp\/v2\/posts\/98600\/revisions"}],"wp:featuredmedia":[{"embeddable":true,"href":"https:\/\/www.europesays.com\/lv\/wp-json\/wp\/v2\/media\/98601"}],"wp:attachment":[{"href":"https:\/\/www.europesays.com\/lv\/wp-json\/wp\/v2\/media?parent=98600"}],"wp:term":[{"taxonomy":"category","embeddable":true,"href":"https:\/\/www.europesays.com\/lv\/wp-json\/wp\/v2\/categories?post=98600"},{"taxonomy":"post_tag","embeddable":true,"href":"https:\/\/www.europesays.com\/lv\/wp-json\/wp\/v2\/tags?post=98600"}],"curies":[{"name":"wp","href":"https:\/\/api.w.org\/{rel}","templated":true}]}}