{"id":98621,"date":"2026-01-08T18:49:06","date_gmt":"2026-01-08T18:49:06","guid":{"rendered":"https:\/\/www.europesays.com\/lv\/98621\/"},"modified":"2026-01-08T18:49:06","modified_gmt":"2026-01-08T18:49:06","slug":"video-straumes-rezisors-socialajos-tiklos-atrada-savu-jauno-miluli-1188-lv","status":"publish","type":"post","link":"https:\/\/www.europesays.com\/lv\/98621\/","title":{"rendered":"VIDEO: &quot;Straumes&quot; re\u017eisors soci\u0101lajos t\u012bklos atr\u0101da savu jauno m\u012bluli &#8211; 1188.lv"},"content":{"rendered":"<ol>\n<li><a href=\"https:\/\/news.google.com\/rss\/articles\/CBMinwFBVV95cUxQczlSd2h6WHdZZzkyc1dHMWNrTTdZMWxBLTRDWkh3LWp0bG01VFhGMGptM2RHVUpyRkgzUXJoSnBLcThjcjhmSjFoU2RDdGQ5NE1zdFo4UmhSZTRJRmU3VWxER1FkNkhYRTNwTVRXRTAtT2hOSG9nd2EtSjJHcmlNMTA3cWZINDJkaHlvQnF0Sk1sazhJUnU3djZ6U3hrVUU?oc=5\" target=\"_blank\" rel=\"nofollow noopener\">VIDEO: &#8220;Straumes&#8221; re\u017eisors soci\u0101lajos t\u012bklos atr\u0101da savu jauno m\u012bluli<\/a>&nbsp;&nbsp;1188.lv<\/li>\n<li><a href=\"https:\/\/news.google.com\/rss\/articles\/CBMikgFBVV95cUxNS1pwcnRZd2U1YXpVQUxyNEdhTFlfb1d4MlFLUzNLOWNQTGw1dGs2RjlHX0t1TEZIQ09NSjY5ZzZtSTVoYnFxYWlUc3Y2RXpHYTRlMDg5dV9yVXZoamF2MTBCNnNjVFpzaWFIU0lralBoTjIzQWFnREs3RTJERDh5c2JtRUVjZGpiT3FITWlrSkdKZw?oc=5\" target=\"_blank\" rel=\"nofollow noopener\">VIDEO \u27e9 Gints Zilbalodis ticis pats pie sava &#8220;Straumes&#8221; ka\u0137\u0113na<\/a>&nbsp;&nbsp;Apollo.lv<\/li>\n<li><a href=\"https:\/\/news.google.com\/rss\/articles\/CBMitgFBVV95cUxPZDRyWjhXenFXT3NpMmkwVE8xR3dDSlhWOHIwdEdFUnpZallnZzA1SVpFYW5NRlM0bmQyT3A1eW5CT3Q2M0p2bEFOUDFOeW91aV9ZdXg1bnhjRW5YZEM4eFZvMFF2NGtPaTI2bE52UkxWdWFkRzY5amVjZDF4bEtkOWR3LVIzQjBOS09ZZENzOGQ1dzJxaXdPV1lPU0FZNXFGT0FuTnBMenEyX3l3amItbGh0djJ2dw?oc=5\" target=\"_blank\" rel=\"nofollow noopener\">Ginta Zilbalo\u017ea \u0123imen\u0113 ien\u0101cis jauns m\u0101jdz\u012bvnieks \u2013 ka\u0137\u0113ns Kino<\/a>&nbsp;&nbsp;Delfi<\/li>\n<li><a href=\"https:\/\/news.google.com\/rss\/articles\/CBMirAFBVV95cUxQWjNhNGN0S0FWOW92N1lfVWJxbmEyQnpIOUJJU3FZM25MOTZVME9oTzZGeDNSdW45Z2swdGoydlNQYnBidWtIbm40RmxpblNfazdfZ1l4Z3VHU3hTa1BrS3M1Z1lWZ3k5WUMtQkcwMlRUckdtRzE5UV9tUkdzYUVMUzBYbE42QmJHUF9POFN3VWRJX0FVZmo0MDRtckZ5UDhVVVFEeVZ2SFMySnBt?oc=5\" target=\"_blank\" rel=\"nofollow noopener\">Re\u017eisors Gints Zilbalodis k\u013cuvis par ka\u0137\u0113na saimnieku<\/a>&nbsp;&nbsp;tv3.lv<\/li>\n<li><a href=\"https:\/\/news.google.com\/rss\/articles\/CBMilgFBVV95cUxQZjB2OHJYblg5NWlubUFXQVdfTmdDQjhycVp0azhRVGhTOGc2NVVVaVN2N2RVcVVDbHRkYjZadXdTWllhYlRvcVBiOGpQMi1fdHFGczB3dXlKbmtWMVJBZDRMMjRzZjcxa2cwNHdDbkNzZnlLY2ZKQTRtN2hzMnFNRHgyUDhhejduajVFTm14endTVGR1V3c?oc=5\" target=\"_blank\" rel=\"nofollow noopener\">Gints Zilbalodis beidzot ticis pats pie sava &#8220;Straumes&#8221; ka\u0137\u0113na<\/a>&nbsp;&nbsp;Sejas.lv<\/li>\n<\/ol>\n","protected":false},"excerpt":{"rendered":"VIDEO: &#8220;Straumes&#8221; re\u017eisors soci\u0101lajos t\u012bklos atr\u0101da savu jauno m\u012bluli&nbsp;&nbsp;1188.lv VIDEO \u27e9 Gints Zilbalodis ticis pats pie sava &#8220;Straumes&#8221;&hellip;\n","protected":false},"author":2,"featured_media":98622,"comment_status":"","ping_status":"","sticky":false,"template":"","format":"standard","meta":{"footnotes":""},"categories":[19],"tags":[129,1773,2242,24196,6036,89,90,35,39,38,36,37,34,40,6037,2243,24197,1774,6038,2244,24198,1775],"class_list":{"0":"post-98621","1":"post","2":"type-post","3":"status-publish","4":"format-standard","5":"has-post-thumbnail","7":"category-izklaide","8":"tag-__typenameadvicekeyword","9":"tag-id1061","10":"tag-id1406","11":"tag-id1420","12":"tag-id740","13":"tag-entertainment","14":"tag-izklaide","15":"tag-latvia","16":"tag-latvian","17":"tag-latviesu","18":"tag-latviesu-valoda","19":"tag-latviesuvaloda","20":"tag-latvija","21":"tag-lv","22":"tag-slugdzivnieki","23":"tag-slugfilma-straume","24":"tag-sluggints-zilbalodis","25":"tag-slugslavenibas","26":"tag-titledzivnieki","27":"tag-titlefilma-straume","28":"tag-titlegints-zilbalodis","29":"tag-titleslavenibas"},"share_on_mastodon":{"url":"https:\/\/pubeurope.com\/@lv\/115860980620263304","error":""},"_links":{"self":[{"href":"https:\/\/www.europesays.com\/lv\/wp-json\/wp\/v2\/posts\/98621","targetHints":{"allow":["GET"]}}],"collection":[{"href":"https:\/\/www.europesays.com\/lv\/wp-json\/wp\/v2\/posts"}],"about":[{"href":"https:\/\/www.europesays.com\/lv\/wp-json\/wp\/v2\/types\/post"}],"author":[{"embeddable":true,"href":"https:\/\/www.europesays.com\/lv\/wp-json\/wp\/v2\/users\/2"}],"replies":[{"embeddable":true,"href":"https:\/\/www.europesays.com\/lv\/wp-json\/wp\/v2\/comments?post=98621"}],"version-history":[{"count":0,"href":"https:\/\/www.europesays.com\/lv\/wp-json\/wp\/v2\/posts\/98621\/revisions"}],"wp:featuredmedia":[{"embeddable":true,"href":"https:\/\/www.europesays.com\/lv\/wp-json\/wp\/v2\/media\/98622"}],"wp:attachment":[{"href":"https:\/\/www.europesays.com\/lv\/wp-json\/wp\/v2\/media?parent=98621"}],"wp:term":[{"taxonomy":"category","embeddable":true,"href":"https:\/\/www.europesays.com\/lv\/wp-json\/wp\/v2\/categories?post=98621"},{"taxonomy":"post_tag","embeddable":true,"href":"https:\/\/www.europesays.com\/lv\/wp-json\/wp\/v2\/tags?post=98621"}],"curies":[{"name":"wp","href":"https:\/\/api.w.org\/{rel}","templated":true}]}}