{"id":98627,"date":"2026-01-08T18:58:06","date_gmt":"2026-01-08T18:58:06","guid":{"rendered":"https:\/\/www.europesays.com\/lv\/98627\/"},"modified":"2026-01-08T18:58:06","modified_gmt":"2026-01-08T18:58:06","slug":"asv-senata-republikani-nostajas-pret-trampu-velas-ierobezot-militaru-ricibu-venecuela","status":"publish","type":"post","link":"https:\/\/www.europesays.com\/lv\/98627\/","title":{"rendered":"ASV Sen\u0101t\u0101 republik\u0101\u0146i nost\u0101jas pret Trampu: v\u0113las ierobe\u017eot milit\u0101ru r\u012bc\u012bbu Venecu\u0113l\u0101"},"content":{"rendered":"<p>Pilns balsojums par dokumenta pie\u0146em\u0161anu Sen\u0101t\u0101 gaid\u0101ms n\u0101kamned\u0113\u013c, un tam b\u016bs nepiecie\u0161amas vismaz 51 balss. Vienlaikus l\u012bdz\u012bga rezol\u016bcija v\u0113l\u0101k \u0161om\u0113nes tiks izskat\u012bta ar\u012b P\u0101rst\u0101vju pal\u0101t\u0101, ko inici\u0113ju\u0161i demokr\u0101ti. Ja abas pal\u0101tas apstiprin\u0101s savus variantus, t\u0101s b\u016bs j\u0101saska\u0146o un j\u0101nos\u016bta prezidentam Trampam parakst\u012b\u0161anai.<\/p>\n<p>Diskusijas Kongres\u0101 atkl\u0101j dzi\u013c\u0101kas domstarp\u012bbas par prezidenta pilnvaru robe\u017e\u0101m un Kongresa lomu milit\u0101ru oper\u0101ciju apstiprin\u0101\u0161an\u0101 \u0101rvalst\u012bs. P\u0113d\u0113jo m\u0113ne\u0161u laik\u0101 Trampa administr\u0101cija ir pastiprin\u0101jusi milit\u0101ro kl\u0101tb\u016btni Dienvidamerik\u0101, raisot jaut\u0101jumus par turpm\u0101kiem so\u013ciem \u2013 tostarp iesp\u0113jamu r\u012bc\u012bbu Kub\u0101, Kolumbij\u0101 vai pat Grenland\u0113.<\/p>\n<p>Republik\u0101\u0146u senators Rends Pols uzsv\u0113ra, ka balsojums nav v\u0113rt\u0113jums par Maduro person\u012bbu, bet gan par konstitucion\u0101lo varas sadal\u012bjumu: \u201c\u0160\u012bs debates paties\u012bb\u0101 nav par labo vai \u013cauno. Pasaul\u0113 ir daudz \u013caunuma. Jaut\u0101jums ir par to, kam ir ties\u012bbas vest valsti kar\u0101,\u201d sac\u012bja Pols.<\/p>\n<p>Vi\u0146\u0161 piebilda, ka ASV Konstit\u016bcija skaidri nosaka pilnvaru sadal\u012bjumu: \u201cKonstit\u016bcija \u013coti skaidri sadala kara jaut\u0101jumu div\u0101s da\u013c\u0101s \u2013 kara pasludin\u0101\u0161ana ir Kongresa kompetenc\u0113, savuk\u0101rt kara \u012bsteno\u0161ana ir prezidenta atbild\u012bba.\u201d<\/p>\n<p>Gan Pols, gan demokr\u0101tu senators Tims Keins ap\u0161aub\u012bja Balt\u0101 nama apgalvojumu, ka oper\u0101cija Venecu\u0113l\u0101 bijusi ties\u012bbsarg\u0101jo\u0161a rakstura, nevis milit\u0101ra. \u201cM\u0113s konfisc\u0113jam vi\u0146u naftu. Mums ir milit\u0101ra blok\u0101de,\u201d nor\u0101d\u012bja Keins. \u201cTas nek\u0101d\u0101 zi\u0146\u0101 nav tikai \u201c\u0137irur\u0123isks arests\u201d, un tas noz\u012bm\u0113, ka mums ir skaidri j\u0101pasaka, kur m\u0113s atrodamies.\u201d<\/p>\n<p class=\"ad-desc ad-desc-main\">Saturs turpin\u0101s p\u0113c rekl\u0101mas<\/p>\n<p class=\"ad-desc ad-desc-sec\">Rekl\u0101ma<\/p>\n<p>Keins atzina, ka cer\u012bbas uz pla\u0161u republik\u0101\u0146u atbalstu ir piesardz\u012bgas, ta\u010du uzsv\u0113ra, ka p\u0113c Maduro g\u0101\u0161anas situ\u0101cija vairs nav uzskat\u0101ma par priek\u0161laic\u012bgu reakciju.<\/p>\n<p>Baltais nams un republik\u0101\u0146u l\u012bderi, tostarp P\u0101rst\u0101vju pal\u0101tas sp\u012bkers Maiks D\u017eonsons, l\u012bdz \u0161im paudu\u0161i viedokli, ka Tramps r\u012bkojies savu pilnvaru ietvaros, tom\u0113r \u0161is balsojums liecina par augo\u0161u neapmierin\u0101t\u012bbu pat prezidenta partijas rind\u0101s.<\/p>\n<p class=\"tv3-fw-500\">Zi\u0146o par k\u013c\u016bdu rakst\u0101<\/p>\n<p class=\"d-md-block d-none\">Iez\u012bm\u0113 k\u013c\u016bdaino tekstu un spied Ctrl+Enter.<\/p>\n<p class=\"d-md-none d-block\">Iez\u012bm\u0113 k\u013c\u016bdaino tekstu un zi\u0146o par to!<\/p>\n","protected":false},"excerpt":{"rendered":"Pilns balsojums par dokumenta pie\u0146em\u0161anu Sen\u0101t\u0101 gaid\u0101ms n\u0101kamned\u0113\u013c, un tam b\u016bs nepiecie\u0161amas vismaz 51 balss. Vienlaikus l\u012bdz\u012bga rezol\u016bcija&hellip;\n","protected":false},"author":2,"featured_media":98628,"comment_status":"","ping_status":"","sticky":false,"template":"","format":"standard","meta":{"footnotes":""},"categories":[14],"tags":[23,57,24199,28,29,32,33,22,30,31,35,39,38,36,37,34,40,20,26,27,24,25,54,55,56,21,58],"class_list":{"0":"post-98627","1":"post","2":"type-post","3":"status-publish","4":"format-standard","5":"has-post-thumbnail","7":"category-zinas-no-arvalstim","8":"tag-aktualitates","9":"tag-arvalstim","10":"tag-asvasv-senatsdonalds-trampsnikolass-madurovenecuela","11":"tag-breaking-news","12":"tag-breakingnews","13":"tag-featured-news","14":"tag-featurednews","15":"tag-headlines","16":"tag-latest-news","17":"tag-latestnews","18":"tag-latvia","19":"tag-latvian","20":"tag-latviesu","21":"tag-latviesu-valoda","22":"tag-latviesuvaloda","23":"tag-latvija","24":"tag-lv","25":"tag-news","26":"tag-popularakas-zinas","27":"tag-popularakaszinas","28":"tag-top-stories","29":"tag-topstories","30":"tag-world","31":"tag-world-news","32":"tag-worldnews","33":"tag-zinas","34":"tag-zinas-no-arvalstim"},"share_on_mastodon":{"url":"https:\/\/pubeurope.com\/@lv\/115861015890122102","error":""},"_links":{"self":[{"href":"https:\/\/www.europesays.com\/lv\/wp-json\/wp\/v2\/posts\/98627","targetHints":{"allow":["GET"]}}],"collection":[{"href":"https:\/\/www.europesays.com\/lv\/wp-json\/wp\/v2\/posts"}],"about":[{"href":"https:\/\/www.europesays.com\/lv\/wp-json\/wp\/v2\/types\/post"}],"author":[{"embeddable":true,"href":"https:\/\/www.europesays.com\/lv\/wp-json\/wp\/v2\/users\/2"}],"replies":[{"embeddable":true,"href":"https:\/\/www.europesays.com\/lv\/wp-json\/wp\/v2\/comments?post=98627"}],"version-history":[{"count":0,"href":"https:\/\/www.europesays.com\/lv\/wp-json\/wp\/v2\/posts\/98627\/revisions"}],"wp:featuredmedia":[{"embeddable":true,"href":"https:\/\/www.europesays.com\/lv\/wp-json\/wp\/v2\/media\/98628"}],"wp:attachment":[{"href":"https:\/\/www.europesays.com\/lv\/wp-json\/wp\/v2\/media?parent=98627"}],"wp:term":[{"taxonomy":"category","embeddable":true,"href":"https:\/\/www.europesays.com\/lv\/wp-json\/wp\/v2\/categories?post=98627"},{"taxonomy":"post_tag","embeddable":true,"href":"https:\/\/www.europesays.com\/lv\/wp-json\/wp\/v2\/tags?post=98627"}],"curies":[{"name":"wp","href":"https:\/\/api.w.org\/{rel}","templated":true}]}}