{"id":98633,"date":"2026-01-08T19:04:07","date_gmt":"2026-01-08T19:04:07","guid":{"rendered":"https:\/\/www.europesays.com\/lv\/98633\/"},"modified":"2026-01-08T19:04:07","modified_gmt":"2026-01-08T19:04:07","slug":"foto-nakamajam-karalim-jasarkst-no-kauna-mazais-princis-publiski-parada-britiem-kurs-majas-ir-istais-boss","status":"publish","type":"post","link":"https:\/\/www.europesays.com\/lv\/98633\/","title":{"rendered":"FOTO. N\u0101kamajam karalim j\u0101sarkst no kauna \u2013 mazais princis publiski par\u0101da britiem, kur\u0161 m\u0101j\u0101s ir \u012bstais \u201cboss\u201d"},"content":{"rendered":"<p>    <img decoding=\"async\" src=\"https:\/\/www.europesays.com\/lv\/wp-content\/uploads\/2026\/01\/6a628740-cfec-4462-872b-f343794d0b72-1024x683.jpg\" alt=\"&#10;\"\/><\/p>\n<p>Foto. Scanpix\/LETA\n<\/p>\n<p>Princis Luiss aizvad\u012bt\u0101jos Ziemassv\u0113tku dien\u0101 v\u0113lreiz pier\u0101d\u012bja, ka ir viens no spilgt\u0101kajiem un dz\u012bv\u0101kajiem britu karalisk\u0101s \u0123imenes locek\u013ciem. Septi\u0146us gadus vecais princis kop\u0101 ar vec\u0101kiem, princi Viljamu un princesi Ketr\u012bnu, piedal\u012bj\u0101s tradicion\u0101laj\u0101 Ziemassv\u0113tku pastaig\u0101 Sandringem\u0101, kur z\u0113na uzved\u012bba nepalika nepaman\u012bta ne faniem, ne karaliskajiem ekspertiem.<\/p>\n<p>        Las\u012bt\u0101kie<br \/>\n        <a data-imagesrc=\"{&quot;300&quot;:&quot;https:\\\/\\\/lastatic.ams3.cdn.digitaloceanspaces.com\\\/2025\\\/08\\\/trump_putin_22681-300x200.jpg&quot;,&quot;1024&quot;:&quot;https:\\\/\\\/lastatic.ams3.cdn.digitaloceanspaces.com\\\/2025\\\/08\\\/trump_putin_22681-1024x683.jpg&quot;,&quot;768&quot;:&quot;https:\\\/\\\/lastatic.ams3.cdn.digitaloceanspaces.com\\\/2025\\\/08\\\/trump_putin_22681-768x512.jpg&quot;,&quot;1536&quot;:&quot;https:\\\/\\\/lastatic.ams3.cdn.digitaloceanspaces.com\\\/2025\\\/08\\\/trump_putin_22681-1536x1024.jpg&quot;,&quot;2048&quot;:&quot;https:\\\/\\\/lastatic.ams3.cdn.digitaloceanspaces.com\\\/2025\\\/08\\\/trump_putin_22681-2048x1366.jpg&quot;,&quot;200&quot;:&quot;https:\\\/\\\/lastatic.ams3.cdn.digitaloceanspaces.com\\\/2025\\\/08\\\/trump_putin_22681-200x133.jpg&quot;,&quot;400&quot;:&quot;https:\\\/\\\/lastatic.ams3.cdn.digitaloceanspaces.com\\\/2025\\\/08\\\/trump_putin_22681-400x267.jpg&quot;,&quot;500&quot;:&quot;https:\\\/\\\/lastatic.ams3.cdn.digitaloceanspaces.com\\\/2025\\\/08\\\/trump_putin_22681-500x333.jpg&quot;,&quot;800&quot;:&quot;https:\\\/\\\/lastatic.ams3.cdn.digitaloceanspaces.com\\\/2025\\\/08\\\/trump_putin_22681-800x533.jpg&quot;,&quot;1000&quot;:&quot;https:\\\/\\\/lastatic.ams3.cdn.digitaloceanspaces.com\\\/2025\\\/08\\\/trump_putin_22681-1000x667.jpg&quot;,&quot;2275&quot;:&quot;https:\\\/\\\/lastatic.ams3.cdn.digitaloceanspaces.com\\\/2025\\\/08\\\/trump_putin_22681.jpg&quot;}\" data-focuspoint=\"&quot;&quot;\" data-p=\"2489548\" href=\"https:\/\/www.la.lv\/tramps-tikko-aicinaja-savus-cilvekus-pamest-krieviju-tas-norada-ka-iespejams-vins-gatavojas-realam-darbibam-atklaj-slaidins\" class=\"content-item lazy-load\" wp_automatic_readability=\"29\" rel=\"nofollow noopener\" target=\"_blank\"><\/p>\n<p>                                <img decoding=\"async\" src=\"\" alt=\"\" style=\"\" data-imageid=\"\"\/><\/p>\n<p>                                TV24<\/p>\n<p>                                            \u201cTramps tikko aicin\u0101ja savus cilv\u0113kus pamest Krieviju, tas nor\u0101da, ka, iesp\u0113jams, vi\u0146\u0161 gatavojas re\u0101l\u0101m darb\u012bb\u0101m,\u201d atkl\u0101j Slaidi\u0146\u0161<\/p>\n<p><\/a><a data-imagesrc=\"{&quot;300&quot;:&quot;https:\\\/\\\/lastatic.ams3.cdn.digitaloceanspaces.com\\\/2025\\\/01\\\/pexels-pavel-danilyuk-6667766-300x200.jpg&quot;,&quot;1024&quot;:&quot;https:\\\/\\\/lastatic.ams3.cdn.digitaloceanspaces.com\\\/2025\\\/01\\\/pexels-pavel-danilyuk-6667766-1024x684.jpg&quot;,&quot;768&quot;:&quot;https:\\\/\\\/lastatic.ams3.cdn.digitaloceanspaces.com\\\/2025\\\/01\\\/pexels-pavel-danilyuk-6667766-768x513.jpg&quot;,&quot;1536&quot;:&quot;https:\\\/\\\/lastatic.ams3.cdn.digitaloceanspaces.com\\\/2025\\\/01\\\/pexels-pavel-danilyuk-6667766-1536x1025.jpg&quot;,&quot;2048&quot;:&quot;https:\\\/\\\/lastatic.ams3.cdn.digitaloceanspaces.com\\\/2025\\\/01\\\/pexels-pavel-danilyuk-6667766-2048x1367.jpg&quot;,&quot;200&quot;:&quot;https:\\\/\\\/lastatic.ams3.cdn.digitaloceanspaces.com\\\/2025\\\/01\\\/pexels-pavel-danilyuk-6667766-200x134.jpg&quot;,&quot;400&quot;:&quot;https:\\\/\\\/lastatic.ams3.cdn.digitaloceanspaces.com\\\/2025\\\/01\\\/pexels-pavel-danilyuk-6667766-400x267.jpg&quot;,&quot;500&quot;:&quot;https:\\\/\\\/lastatic.ams3.cdn.digitaloceanspaces.com\\\/2025\\\/01\\\/pexels-pavel-danilyuk-6667766-500x334.jpg&quot;,&quot;800&quot;:&quot;https:\\\/\\\/lastatic.ams3.cdn.digitaloceanspaces.com\\\/2025\\\/01\\\/pexels-pavel-danilyuk-6667766-800x534.jpg&quot;,&quot;1000&quot;:&quot;https:\\\/\\\/lastatic.ams3.cdn.digitaloceanspaces.com\\\/2025\\\/01\\\/pexels-pavel-danilyuk-6667766-1000x668.jpg&quot;,&quot;2560&quot;:&quot;https:\\\/\\\/lastatic.ams3.cdn.digitaloceanspaces.com\\\/2025\\\/01\\\/pexels-pavel-danilyuk-6667766-scaled.jpg&quot;}\" data-focuspoint=\"&quot;&quot;\" data-p=\"2490914\" href=\"https:\/\/www.la.lv\/astrologi-sarindojusi-zodiaka-zimes-pec-romantiskuma-pirmas-vietas-karaliene-zivis-bet-pedeja\" class=\"content-item lazy-load\" wp_automatic_readability=\"27\" rel=\"nofollow noopener\" target=\"_blank\"><\/p>\n<p>                                <img decoding=\"async\" src=\"\" alt=\"\" style=\"\" data-imageid=\"\"\/><\/p>\n<p>                                Kokteilis<\/p>\n<p>\n                                                Astrologi sarindoju\u0161i zodiaka z\u012bmes p\u0113c romantiskuma: pirm\u0101s vietas karaliene \u2013 Zivis, bet p\u0113d\u0113j\u0101\u2026\n                            <\/p>\n<p><\/a><a data-imagesrc=\"{&quot;300&quot;:&quot;https:\\\/\\\/lastatic.ams3.cdn.digitaloceanspaces.com\\\/2014\\\/08\\\/seniori1-300x197.jpg&quot;,&quot;80&quot;:&quot;https:\\\/\\\/lastatic.ams3.cdn.digitaloceanspaces.com\\\/2014\\\/08\\\/seniori1-80x48.jpg&quot;,&quot;112&quot;:&quot;https:\\\/\\\/lastatic.ams3.cdn.digitaloceanspaces.com\\\/2014\\\/08\\\/seniori1-112x64.jpg&quot;,&quot;664&quot;:&quot;https:\\\/\\\/lastatic.ams3.cdn.digitaloceanspaces.com\\\/2014\\\/08\\\/seniori1-664x436.jpg&quot;,&quot;243&quot;:&quot;https:\\\/\\\/lastatic.ams3.cdn.digitaloceanspaces.com\\\/2014\\\/08\\\/seniori1-243x160.jpg&quot;,&quot;263&quot;:&quot;https:\\\/\\\/lastatic.ams3.cdn.digitaloceanspaces.com\\\/2014\\\/08\\\/seniori1-263x172.jpg&quot;,&quot;513&quot;:&quot;https:\\\/\\\/lastatic.ams3.cdn.digitaloceanspaces.com\\\/2014\\\/08\\\/seniori1-513x338.jpg&quot;,&quot;118&quot;:&quot;https:\\\/\\\/lastatic.ams3.cdn.digitaloceanspaces.com\\\/2014\\\/08\\\/seniori1-118x70.jpg&quot;,&quot;348&quot;:&quot;https:\\\/\\\/lastatic.ams3.cdn.digitaloceanspaces.com\\\/2014\\\/08\\\/seniori1-348x225.jpg&quot;,&quot;90&quot;:&quot;https:\\\/\\\/lastatic.ams3.cdn.digitaloceanspaces.com\\\/2014\\\/08\\\/seniori1-90x58.jpg&quot;,&quot;900&quot;:&quot;https:\\\/\\\/lastatic.ams3.cdn.digitaloceanspaces.com\\\/2014\\\/08\\\/seniori1.jpg&quot;}\" data-focuspoint=\"&quot;&quot;\" data-p=\"2489850\" href=\"https:\/\/www.la.lv\/ari-maizi-ko-est-lai-nodzivotu-lidz-100-gadiem-uztura-specialisti-nosauc-8-ilgmuzibas-partikas-produktus\" class=\"content-item lazy-load\" wp_automatic_readability=\"27\" rel=\"nofollow noopener\" target=\"_blank\"><\/p>\n<p>                                <img decoding=\"async\" src=\"\" alt=\"\" style=\"\" data-imageid=\"\"\/><\/p>\n<p>                                Veselam<\/p>\n<p>\n                                                Ar\u012b maizi?!? Ko \u0113st, lai nodz\u012bvotu l\u012bdz 100 gadiem: uztura speci\u0101listi nosauc 8 ilgm\u016b\u017e\u012bbas p\u0101rtikas produktus\n                            <\/p>\n<p><\/a><br \/>\n        <a class=\"read-more\" href=\"https:\/\/www.la.lv\/top\" rel=\"nofollow noopener\" target=\"_blank\">Las\u012bt citas zi\u0146as<\/a><\/p>\n<p>Lai gan parasti Luisa jautr\u0101 daba visbie\u017e\u0101k izpau\u017eas lielos pas\u0101kumos, piem\u0113ram, uz Bekingemas pils balkona, \u0161oreiz tie\u0161i Ziemassv\u0113tku pastaiga k\u013cuva par br\u012bdi, kad n\u0101kam\u0101 kara\u013ca jaun\u0101kais d\u0113ls par\u0101d\u012bja savu raksturu. Ar vienu z\u012bm\u012bgu \u017eestu Luiss lika noprast, ka vi\u0146\u0161 nekautr\u0113jas b\u016bt pats ar\u012b stingr\u0101 protokola apst\u0101k\u013cos.<\/p>\n<p>Bijus\u012b BBC karalisk\u0101s \u0123imenes korespondente D\u017eenija Bonda intervij\u0101 laikrakstam The Mirror nor\u0101d\u012bja, ka Luiss \u0161aj\u0101 pastaig\u0101 izskat\u012bjies p\u0101rliecin\u0101ts un pat mazliet valdon\u012bgs. <\/p>\n<p>    CITI \u0160OBR\u012aD LASA<\/p>\n<p>Vi\u0146aspr\u0101t, \u012bpa\u0161i uzkr\u012bto\u0161s bijis br\u012bdis, kad z\u0113ns atteicies uzvilkt vilnas cepuri, kuru k\u0101ds no kl\u0101teso\u0161ajiem bija uzd\u0101vin\u0101jis princim Viljamam, t\u0101dej\u0101di skaidri par\u0101dot, kur\u0161 \u0161aj\u0101 situ\u0101cij\u0101 ir \u201cboss\u201d.<\/p>\n<p>V\u0113l viens moments, kas izrais\u012bja smaidu kl\u0101teso\u0161ajos, notika, kad Viljamam tika pasniegta d\u0101van\u0101 \u0161okol\u0101de. Lai gan d\u0101vin\u0101t\u0101js ar\u012b teica, ka saldums paredz\u0113ts Luisam, jaunais princis ne mirkli nevilcin\u0101j\u0101s \u2013 vi\u0146\u0161 izr\u0101va \u0161okol\u0101di t\u0113vam no rok\u0101m un piespieda to pie kr\u016bt\u012bm, skaidri pau\u017eot savu saj\u016bsmu. \u0160is br\u012bdis tika nofilm\u0113ts un strauji izplat\u012bj\u0101s soci\u0101lajos t\u012bklos, kur fani Luisa spontanit\u0101ti nod\u0113v\u0113ja par burv\u012bgu un patiesu.<\/p>\n<p>Ziemassv\u0113tkus Velsas \u0123imene pavad\u012bja Sandringemas nam\u0101 kop\u0101 ar karali \u010c\u0101rlzu un citiem karalisk\u0101s \u0123imenes locek\u013ciem. P\u0113c sv\u0113tkiem vi\u0146i, visticam\u0101k, atgriez\u0101s sav\u0101s m\u0101j\u0101s Norfolk\u0101. Tiek ar\u012b uzskat\u012bts, ka sv\u0113tku laik\u0101 b\u0113rni \u2013 Luiss, princis D\u017eord\u017es un princese \u0160arlote \u2013 pavad\u012bja laiku kop\u0101 ar princeses Ketr\u012bnas vec\u0101kiem, Kerolu un Maiklu Midltoniem, ar kuriem vi\u0146iem ir \u012bpa\u0161i tuvas attiec\u012bbas.<\/p>\n<p>T\u0113mas<\/p>\n<p>    SAIST\u012aTIE RAKSTI<\/p>\n","protected":false},"excerpt":{"rendered":"Foto. Scanpix\/LETA Princis Luiss aizvad\u012bt\u0101jos Ziemassv\u0113tku dien\u0101 v\u0113lreiz pier\u0101d\u012bja, ka ir viens no spilgt\u0101kajiem un dz\u012bv\u0101kajiem britu karalisk\u0101s&hellip;\n","protected":false},"author":2,"featured_media":98634,"comment_status":"","ping_status":"","sticky":false,"template":"","format":"standard","meta":{"footnotes":""},"categories":[14],"tags":[23,57,28,29,32,33,22,30,31,35,39,38,36,37,34,40,20,26,27,24,25,54,55,56,21,58],"class_list":{"0":"post-98633","1":"post","2":"type-post","3":"status-publish","4":"format-standard","5":"has-post-thumbnail","7":"category-zinas-no-arvalstim","8":"tag-aktualitates","9":"tag-arvalstim","10":"tag-breaking-news","11":"tag-breakingnews","12":"tag-featured-news","13":"tag-featurednews","14":"tag-headlines","15":"tag-latest-news","16":"tag-latestnews","17":"tag-latvia","18":"tag-latvian","19":"tag-latviesu","20":"tag-latviesu-valoda","21":"tag-latviesuvaloda","22":"tag-latvija","23":"tag-lv","24":"tag-news","25":"tag-popularakas-zinas","26":"tag-popularakaszinas","27":"tag-top-stories","28":"tag-topstories","29":"tag-world","30":"tag-world-news","31":"tag-worldnews","32":"tag-zinas","33":"tag-zinas-no-arvalstim"},"share_on_mastodon":{"url":"https:\/\/pubeurope.com\/@lv\/115861039532094728","error":""},"_links":{"self":[{"href":"https:\/\/www.europesays.com\/lv\/wp-json\/wp\/v2\/posts\/98633","targetHints":{"allow":["GET"]}}],"collection":[{"href":"https:\/\/www.europesays.com\/lv\/wp-json\/wp\/v2\/posts"}],"about":[{"href":"https:\/\/www.europesays.com\/lv\/wp-json\/wp\/v2\/types\/post"}],"author":[{"embeddable":true,"href":"https:\/\/www.europesays.com\/lv\/wp-json\/wp\/v2\/users\/2"}],"replies":[{"embeddable":true,"href":"https:\/\/www.europesays.com\/lv\/wp-json\/wp\/v2\/comments?post=98633"}],"version-history":[{"count":0,"href":"https:\/\/www.europesays.com\/lv\/wp-json\/wp\/v2\/posts\/98633\/revisions"}],"wp:featuredmedia":[{"embeddable":true,"href":"https:\/\/www.europesays.com\/lv\/wp-json\/wp\/v2\/media\/98634"}],"wp:attachment":[{"href":"https:\/\/www.europesays.com\/lv\/wp-json\/wp\/v2\/media?parent=98633"}],"wp:term":[{"taxonomy":"category","embeddable":true,"href":"https:\/\/www.europesays.com\/lv\/wp-json\/wp\/v2\/categories?post=98633"},{"taxonomy":"post_tag","embeddable":true,"href":"https:\/\/www.europesays.com\/lv\/wp-json\/wp\/v2\/tags?post=98633"}],"curies":[{"name":"wp","href":"https:\/\/api.w.org\/{rel}","templated":true}]}}