{"id":98639,"date":"2026-01-08T19:16:08","date_gmt":"2026-01-08T19:16:08","guid":{"rendered":"https:\/\/www.europesays.com\/lv\/98639\/"},"modified":"2026-01-08T19:16:08","modified_gmt":"2026-01-08T19:16:08","slug":"asv-senats-apstiprinajis-rezoluciju-kas-aizliedz-trampam-turpinat-karadarbibu-venecuela-bez-kongresa-piekrisanas","status":"publish","type":"post","link":"https:\/\/www.europesays.com\/lv\/98639\/","title":{"rendered":"ASV Sen\u0101ts apstiprin\u0101jis rezol\u016bciju, kas aizliedz Trampam turpin\u0101t karadarb\u012bbu Venecu\u0113l\u0101 bez Kongresa piekri\u0161anas"},"content":{"rendered":"<p>Rezol\u016bcija tika pie\u0146emta ar 52 bals\u012bm pret 47 \u2013 demokr\u0101tiem pievienoj\u0101s pieci republik\u0101\u0146i, atbalstot dokumentu. \u0160is balsojums bija pirm\u0101 reize Donalda Trampa otr\u0101 pilnvaru termi\u0146a laik\u0101, kad Kongress nobalsoja par prezidenta bru\u0146oto sp\u0113ku izmanto\u0161anas ierobe\u017eo\u0161anu.<\/p>\n<p>\u201cIlgsto\u0161a kampa\u0146a Venecu\u0113l\u0101, kur\u0101 iesaist\u012bti <a href=\"https:\/\/www.tvnet.lv\/term\/555410\/asv\" class=\"topicLink\" target=\"_blank\" rel=\"nofollow noopener\">ASV<\/a> milit\u0101rie sp\u0113ki, pat ja t\u0101 neb\u016btu t\u012b\u0161i uzs\u0101kta, b\u016btu pretrun\u0101 prezidenta Trampa m\u0113r\u0137im izbeigt konfliktus \u0101rvalst\u012bs,\u201d pazi\u0146ojum\u0101 sac\u012bja republik\u0101\u0146u senators Tods Jangs.<\/p>\n<p>Iepriek\u0161 Tramps pie\u013c\u0101va turpm\u0101ku milit\u0101ru agresiju pret Venecu\u0113lu, ja jaun\u0101 Venecu\u0113las vald\u012bba nedos Amerikas Savienotaj\u0101m Valst\u012bm piek\u013cuvi naftas atradn\u0113m valst\u012b.<\/p>\n","protected":false},"excerpt":{"rendered":"Rezol\u016bcija tika pie\u0146emta ar 52 bals\u012bm pret 47 \u2013 demokr\u0101tiem pievienoj\u0101s pieci republik\u0101\u0146i, atbalstot dokumentu. \u0160is balsojums bija&hellip;\n","protected":false},"author":2,"featured_media":98640,"comment_status":"","ping_status":"","sticky":false,"template":"","format":"standard","meta":{"footnotes":""},"categories":[14],"tags":[23,57,292,28,29,32,33,22,30,31,35,39,38,36,37,34,40,20,26,27,5972,24,25,358,54,55,56,21,58],"class_list":{"0":"post-98639","1":"post","2":"type-post","3":"status-publish","4":"format-standard","5":"has-post-thumbnail","7":"category-zinas-no-arvalstim","8":"tag-aktualitates","9":"tag-arvalstim","10":"tag-asv","11":"tag-breaking-news","12":"tag-breakingnews","13":"tag-featured-news","14":"tag-featurednews","15":"tag-headlines","16":"tag-latest-news","17":"tag-latestnews","18":"tag-latvia","19":"tag-latvian","20":"tag-latviesu","21":"tag-latviesu-valoda","22":"tag-latviesuvaloda","23":"tag-latvija","24":"tag-lv","25":"tag-news","26":"tag-popularakas-zinas","27":"tag-popularakaszinas","28":"tag-senats","29":"tag-top-stories","30":"tag-topstories","31":"tag-venecuela","32":"tag-world","33":"tag-world-news","34":"tag-worldnews","35":"tag-zinas","36":"tag-zinas-no-arvalstim"},"share_on_mastodon":{"url":"https:\/\/pubeurope.com\/@lv\/115861086738958043","error":""},"_links":{"self":[{"href":"https:\/\/www.europesays.com\/lv\/wp-json\/wp\/v2\/posts\/98639","targetHints":{"allow":["GET"]}}],"collection":[{"href":"https:\/\/www.europesays.com\/lv\/wp-json\/wp\/v2\/posts"}],"about":[{"href":"https:\/\/www.europesays.com\/lv\/wp-json\/wp\/v2\/types\/post"}],"author":[{"embeddable":true,"href":"https:\/\/www.europesays.com\/lv\/wp-json\/wp\/v2\/users\/2"}],"replies":[{"embeddable":true,"href":"https:\/\/www.europesays.com\/lv\/wp-json\/wp\/v2\/comments?post=98639"}],"version-history":[{"count":0,"href":"https:\/\/www.europesays.com\/lv\/wp-json\/wp\/v2\/posts\/98639\/revisions"}],"wp:featuredmedia":[{"embeddable":true,"href":"https:\/\/www.europesays.com\/lv\/wp-json\/wp\/v2\/media\/98640"}],"wp:attachment":[{"href":"https:\/\/www.europesays.com\/lv\/wp-json\/wp\/v2\/media?parent=98639"}],"wp:term":[{"taxonomy":"category","embeddable":true,"href":"https:\/\/www.europesays.com\/lv\/wp-json\/wp\/v2\/categories?post=98639"},{"taxonomy":"post_tag","embeddable":true,"href":"https:\/\/www.europesays.com\/lv\/wp-json\/wp\/v2\/tags?post=98639"}],"curies":[{"name":"wp","href":"https:\/\/api.w.org\/{rel}","templated":true}]}}