{"id":98661,"date":"2026-01-08T20:27:06","date_gmt":"2026-01-08T20:27:06","guid":{"rendered":"https:\/\/www.europesays.com\/lv\/98661\/"},"modified":"2026-01-08T20:27:06","modified_gmt":"2026-01-08T20:27:06","slug":"vacija-strauji-pieaudzis-lielo-uznemumu-maksatnespejas-gadijumu-skaits-lente-lv","status":"publish","type":"post","link":"https:\/\/www.europesays.com\/lv\/98661\/","title":{"rendered":"V\u0101cij\u0101 strauji pieaudzis lielo uz\u0146\u0113mumu maks\u0101tnesp\u0113jas gad\u012bjumu skaits\u00a0\u2014\u00a0Lente.lv"},"content":{"rendered":"<p>B\u0113d\u012bg\u0101 statistika<\/p>\n<p>P\u0113rn V\u0101cij\u0101 b\u016btiski pieaudzis maks\u0101tnesp\u0113jas gad\u012bjumu skaits lielo uz\u0146\u0113mumu vid\u016b. Konsult\u0101ciju firmas &#8220;Falkensteg&#8221; p\u0113t\u012bjums liecina, ka uz\u0146\u0113mumi ar vair\u0101k nek\u0101 10 miljonu eiro apgroz\u012bjumu, kas pieteiku\u0161i bankrotu, p\u0113rn palielin\u0101ju\u0161ies par aptuveni ceturto da\u013cu, sasniedzot 471 gad\u012bjumu. Sal\u012bdzin\u0101jum\u0101 ar 2021. gadu \u0161is skaitlis ir gandr\u012bz tr\u012bsk\u0101r\u0161ojies.<\/p>\n<p>Ekonomikas &#8220;drudzis&#8221;<\/p>\n<p>K\u0101 p\u0113t\u012bjuma autors JONASS EKHARTS (JONAS ECKHARDT) laikrakstam &#8220;Welt&#8221; nor\u0101d\u012bjis, V\u0101cijas ekonomika &#8220;nevis izj\u016bt galvass\u0101pes, bet gan drudzi&#8221;. Vi\u0146\u0161 piebildis: &#8220;Daudziem vid\u0113jiem uz\u0146\u0113mumiem \u0161is vairs nav vienk\u0101r\u0161i \u012bslaic\u012bgs ekonomikas kritums, bet gan jaut\u0101jums par izdz\u012bvo\u0161anu. Cikliskais kritums p\u0101rv\u0113r\u0161as par struktur\u0101lu kolapsu.&#8221;<\/p>\n<p>Kr\u012bzi veicino\u0161ie faktori<\/p>\n<p>P\u0113t\u012bjum\u0101 uz\u0146\u0113mumu maks\u0101tnesp\u0113jas pieaugums skaidrots ar vair\u0101ku faktoru kopumu. To vid\u016b ir struktur\u0101l\u0101 kr\u012bze auto un ma\u0161\u012bnb\u016bves nozar\u0113s, pat\u0113ri\u0146a kritums un \u0123eopolitisk\u0101 nenoteikt\u012bba. \u0160obr\u012bd gandr\u012bz nav j\u016btama pozit\u012bv\u0101 ietekme no V\u0101cijas izsludin\u0101taj\u0101m valsts invest\u012bciju programm\u0101m, ko finans\u0113 ar rekordlielu par\u0101da v\u0113rtspap\u012bru emit\u0113\u0161anu.<\/p>\n<p>Visvair\u0101k skart\u0101s nozares<\/p>\n<p>Visliel\u0101kais skaits re\u0123istr\u0113to maks\u0101tnesp\u0113jas gad\u012bjumu 2025. gad\u0101 bijis met\u0101lizstr\u0101d\u0101jumu ra\u017eot\u0101ju vid\u016b \u2013 65 gad\u012bjumi, kas ir par vair\u0101k nek\u0101 tre\u0161da\u013cu vair\u0101k nek\u0101 2024. gad\u0101. Ar\u012b auto r\u016bpniec\u012bbas pieg\u0101d\u0101t\u0101ji ir iev\u0113rojami cietu\u0161i, piedz\u012bvojot 59 bankrotus. Visstrauj\u0101kais pieaugums nov\u0113rots elektrotehnikas sektor\u0101, kur maks\u0101tnesp\u0113jas gad\u012bjumu skaits pieaudzis gandr\u012bz par 77 procentiem, sasniedzot 53 gad\u012bjumus.<\/p>\n","protected":false},"excerpt":{"rendered":"B\u0113d\u012bg\u0101 statistika P\u0113rn V\u0101cij\u0101 b\u016btiski pieaudzis maks\u0101tnesp\u0113jas gad\u012bjumu skaits lielo uz\u0146\u0113mumu vid\u016b. Konsult\u0101ciju firmas &#8220;Falkensteg&#8221; p\u0113t\u012bjums liecina, ka&hellip;\n","protected":false},"author":2,"featured_media":98662,"comment_status":"","ping_status":"","sticky":false,"template":"","format":"standard","meta":{"footnotes":""},"categories":[16],"tags":[24203,77,76,24204,35,39,38,36,37,34,40,24205,24202,2324],"class_list":{"0":"post-98661","1":"post","2":"type-post","3":"status-publish","4":"format-standard","5":"has-post-thumbnail","7":"category-bizness","8":"tag-bankroti","9":"tag-bizness","10":"tag-business","11":"tag-ekonomikas-krize","12":"tag-latvia","13":"tag-latvian","14":"tag-latviesu","15":"tag-latviesu-valoda","16":"tag-latviesuvaloda","17":"tag-latvija","18":"tag-lv","19":"tag-nozares","20":"tag-uznemumu-maksatnespeja","21":"tag-vacijas-ekonomika"},"share_on_mastodon":{"url":"https:\/\/pubeurope.com\/@lv\/115861365926699648","error":""},"_links":{"self":[{"href":"https:\/\/www.europesays.com\/lv\/wp-json\/wp\/v2\/posts\/98661","targetHints":{"allow":["GET"]}}],"collection":[{"href":"https:\/\/www.europesays.com\/lv\/wp-json\/wp\/v2\/posts"}],"about":[{"href":"https:\/\/www.europesays.com\/lv\/wp-json\/wp\/v2\/types\/post"}],"author":[{"embeddable":true,"href":"https:\/\/www.europesays.com\/lv\/wp-json\/wp\/v2\/users\/2"}],"replies":[{"embeddable":true,"href":"https:\/\/www.europesays.com\/lv\/wp-json\/wp\/v2\/comments?post=98661"}],"version-history":[{"count":0,"href":"https:\/\/www.europesays.com\/lv\/wp-json\/wp\/v2\/posts\/98661\/revisions"}],"wp:featuredmedia":[{"embeddable":true,"href":"https:\/\/www.europesays.com\/lv\/wp-json\/wp\/v2\/media\/98662"}],"wp:attachment":[{"href":"https:\/\/www.europesays.com\/lv\/wp-json\/wp\/v2\/media?parent=98661"}],"wp:term":[{"taxonomy":"category","embeddable":true,"href":"https:\/\/www.europesays.com\/lv\/wp-json\/wp\/v2\/categories?post=98661"},{"taxonomy":"post_tag","embeddable":true,"href":"https:\/\/www.europesays.com\/lv\/wp-json\/wp\/v2\/tags?post=98661"}],"curies":[{"name":"wp","href":"https:\/\/api.w.org\/{rel}","templated":true}]}}