{"id":98665,"date":"2026-01-08T20:39:19","date_gmt":"2026-01-08T20:39:19","guid":{"rendered":"https:\/\/www.europesays.com\/lv\/98665\/"},"modified":"2026-01-08T20:39:19","modified_gmt":"2026-01-08T20:39:19","slug":"pirmo-reizi-5-gadu-laika-ces-izstades-ietvaros-netiks-izzinotas-jaunas-nvidia-videokartes","status":"publish","type":"post","link":"https:\/\/www.europesays.com\/lv\/98665\/","title":{"rendered":"Pirmo reizi 5 gadu laik\u0101 \u201cCES\u201d izst\u0101des ietvaros netiks izzi\u0146otas jaunas \u201cNvidia\u201d videokartes"},"content":{"rendered":"<p>Jau iepriek\u0161 tika baumots par Nvidia sp\u0113ku koncentr\u0113\u0161anu teju tikai uz m\u0101ksl\u012bg\u0101 intelekta darbin\u0101\u0161anai nepiecie\u0161amajiem dzel\u017eiem, kas gan neb\u016btu nek\u0101ds p\u0101rsteigums, jo \u0161\u0101das serveru deta\u013cas p\u0113rk ar lielu prieku un par me\u017eon\u012bg\u0101m cen\u0101m. DRAM cenu k\u0101pums un nepieejam\u012bba var\u0113tu b\u016bt v\u0113l viens iemesls, kas licis Nvidia nov\u0113rsties no m\u0101jas lietot\u0101ju videokar\u0161u izveides.\n<\/p>\n<p>X platform\u0101 Nvidia pazi\u0146ojusi, ka CES 2026 ietvaros visi var mier\u012bgi s\u0113d\u0113t un negaid\u012bt nek\u0101dus jaunumus no GeForce videokart\u0113m. V\u0113l bija cer\u012bba, ka tiks izzi\u0146otas GeForce RTX 50 s\u0113rijas SUPER videokartes, bet nu \u0161\u012bs cer\u012bbas ir nocirstas sakn\u0113. Tas pats attiecas uz kl\u0113pjdatoriem \u2013 ar\u012b te neko jaunu CES 2026 negaidi.\n<\/p>\n<p>Situ\u0101cija pat esot tik slikta, ka baumu l\u012bmen\u012b Nvidia it k\u0101 esot gatava atjaunot RTX 3060 ra\u017eo\u0161anu, jo \u0161\u012bs videokartes izmanto viegl\u0101k un l\u0113t\u0101k sara\u017eojamo GDDR6 atmi\u0146u, kas tiek veidota Samsung 8 nm tehnolo\u0123ij\u0101. Skaidrs, ka Nvidia nevar sol\u012bt jaunas GDDR7 videokartes, ja DRAM ra\u017eot\u0101ji (\u0161\u012bs atmi\u0146as sp\u0113j sara\u017eot tikai Micron, SK Hynix un Samsung) nesp\u0113j nodro\u0161in\u0101t to pieg\u0101des.<\/p>\n","protected":false},"excerpt":{"rendered":"Jau iepriek\u0161 tika baumots par Nvidia sp\u0113ku koncentr\u0113\u0161anu teju tikai uz m\u0101ksl\u012bg\u0101 intelekta darbin\u0101\u0161anai nepiecie\u0161amajiem dzel\u017eiem, kas gan&hellip;\n","protected":false},"author":2,"featured_media":98666,"comment_status":"","ping_status":"","sticky":false,"template":"","format":"standard","meta":{"footnotes":""},"categories":[16],"tags":[77,76,35,39,38,36,37,34,40],"class_list":{"0":"post-98665","1":"post","2":"type-post","3":"status-publish","4":"format-standard","5":"has-post-thumbnail","7":"category-bizness","8":"tag-bizness","9":"tag-business","10":"tag-latvia","11":"tag-latvian","12":"tag-latviesu","13":"tag-latviesu-valoda","14":"tag-latviesuvaloda","15":"tag-latvija","16":"tag-lv"},"share_on_mastodon":{"url":"https:\/\/pubeurope.com\/@lv\/115861413080536013","error":""},"_links":{"self":[{"href":"https:\/\/www.europesays.com\/lv\/wp-json\/wp\/v2\/posts\/98665","targetHints":{"allow":["GET"]}}],"collection":[{"href":"https:\/\/www.europesays.com\/lv\/wp-json\/wp\/v2\/posts"}],"about":[{"href":"https:\/\/www.europesays.com\/lv\/wp-json\/wp\/v2\/types\/post"}],"author":[{"embeddable":true,"href":"https:\/\/www.europesays.com\/lv\/wp-json\/wp\/v2\/users\/2"}],"replies":[{"embeddable":true,"href":"https:\/\/www.europesays.com\/lv\/wp-json\/wp\/v2\/comments?post=98665"}],"version-history":[{"count":0,"href":"https:\/\/www.europesays.com\/lv\/wp-json\/wp\/v2\/posts\/98665\/revisions"}],"wp:featuredmedia":[{"embeddable":true,"href":"https:\/\/www.europesays.com\/lv\/wp-json\/wp\/v2\/media\/98666"}],"wp:attachment":[{"href":"https:\/\/www.europesays.com\/lv\/wp-json\/wp\/v2\/media?parent=98665"}],"wp:term":[{"taxonomy":"category","embeddable":true,"href":"https:\/\/www.europesays.com\/lv\/wp-json\/wp\/v2\/categories?post=98665"},{"taxonomy":"post_tag","embeddable":true,"href":"https:\/\/www.europesays.com\/lv\/wp-json\/wp\/v2\/tags?post=98665"}],"curies":[{"name":"wp","href":"https:\/\/api.w.org\/{rel}","templated":true}]}}