{"id":98676,"date":"2026-01-08T21:01:25","date_gmt":"2026-01-08T21:01:25","guid":{"rendered":"https:\/\/www.europesays.com\/lv\/98676\/"},"modified":"2026-01-08T21:01:25","modified_gmt":"2026-01-08T21:01:25","slug":"latvijas-radio-3-klasika-svin-30-gadadienu-ar-greznu-koncertu-latvijas-nacionalaja-opera-lente-lv","status":"publish","type":"post","link":"https:\/\/www.europesays.com\/lv\/98676\/","title":{"rendered":"Latvijas Radio 3 \u2013 Klasika svin 30. gadadienu ar greznu koncertu Latvijas Nacion\u0101laj\u0101 oper\u0101\u00a0\u2014\u00a0Lente.lv"},"content":{"rendered":"<p>Simtgades nogrieznis ar izcil\u012bbu: Latvijas Radio 3 \u2013 Klasika atz\u012bm\u0113 30. gadadienu<\/p>\n<p>Latvijas Radio 3 \u2013 Klasika, vien\u012bg\u0101 klasisk\u0101s m\u016bzikas raidstacija Latvij\u0101, 8. janv\u0101r\u012b atz\u012bm\u0113 savu 30. gadadienu ar v\u0113rien\u012bgu un greznu koncertu Latvijas Nacion\u0101laj\u0101 oper\u0101 un balet\u0101. K\u0101 inform\u0113 port\u0101ls NRA, jubilejas pas\u0101kum\u0101 uz skatuves k\u0101ps radiostacijas rezidences m\u0101kslinieki un citi ilggad\u0113jie sadarb\u012bbas partneri. Koncerts tiks transl\u0113ts tie\u0161raid\u0113 plkst. 19:00 Latvijas Radio 3 \u2013 Klasika \u0113ter\u0101, port\u0101l\u0101 LSM.lv un REplay.lv, savuk\u0101rt plkst. 21:10 to var\u0113s skat\u012bt LTV1 kan\u0101l\u0101.<\/p>\n<p>Radiostacija ir k\u013cuvusi par noz\u012bm\u012bgu kult\u016bras kan\u0101lu Latvijas mediju vid\u0113, pied\u0101v\u0101jot pla\u0161u ieskatu ne tikai klasiskaj\u0101 m\u016bzik\u0101, bet ar\u012b d\u017eez\u0101, kino, te\u0101tr\u012b, literat\u016br\u0101 un vizu\u0101laj\u0101 m\u0101ksl\u0101. \u201cKlasika\u201d ir saglab\u0101jusi simtiem stundu m\u016bzikas un raid\u012bjumu, kas dokument\u0113 Latvijas m\u016bzikas izcil\u012bbas un akt\u012bvi seko l\u012bdzi m\u016bsu m\u016bzi\u0137u pan\u0101kumiem pasaul\u0113. \u201cKlasika ir gandr\u012bz tre\u0161\u0101 da\u013ca no Latvijas Radio simtgades nogrie\u017e\u0146a, kas ir patie\u0161\u0101m daudz,\u201d nor\u0101da Latvijas Radio 3 \u2013 Klasika direktore Gunda Vaivode. \u201cJa stund\u0101s p\u0101rv\u0113rstu ieska\u0146oto m\u016bziku un raid\u012bjumus, san\u0101ktu iev\u0113rojama da\u013ca Latvijas kult\u016brv\u0113stures.\u201d<\/p>\n<p>V\u0113rien\u012bgs koncerts ar Latvijas un pasaules zvaigzn\u0113m<\/p>\n<p>Koncerta pirmaj\u0101 da\u013c\u0101 skan\u0113s latvie\u0161u un starptautisks klasiskais repertu\u0101rs, ko atska\u0146os Latvijas Nacion\u0101lais simfoniskais or\u0137estris diri\u0123enta J\u0101\u0146a Liepi\u0146a vad\u012bb\u0101. Uz skatuves k\u0101ps ar\u012b Latvijas Radio koris, pianists Reinis Zari\u0146\u0161 un saksofonists Aigars Raumanis. Solo partijas izpild\u012bs pasaulslaven\u0101 mecosopr\u0101ns El\u012bna Garan\u010da, sopr\u0101ns Annija Kristi\u0101na \u0100damsone un bass Edgars O\u0161leja.<\/p>\n<p>Otr\u0101 da\u013ca pied\u0101v\u0101s Latvijas Radio bigbenda K\u0101r\u013ca Vanaga vad\u012bb\u0101 uzst\u0101\u0161anos kop\u0101 ar \u201cSinfonietta R\u012bga\u201d st\u012bgu grupu, atkl\u0101jot pasaules un latvie\u0161u neakad\u0113misk\u0101s m\u016bzikas spilgt\u0101k\u0101s lappuses. Koncertu kuplin\u0101s vijolnieks Daniils Bulajevs, folkm\u016bzikas grupa \u201cBille\u201d un Maestro Raimonds Pauls. Klaus\u012bt\u0101ji var\u0113s baud\u012bt ska\u0146darbus no t\u0101diem komponistiem k\u0101 J\u0101nis Medi\u0146\u0161, Raimonds Pauls, Rihards \u0160trauss, Volfgangs Amadejs Mocarts, Linda Leimane, P\u0113teris Vasks, Fransua Borna, Hektors Berliozs un Alfr\u0113ds Kalni\u0146\u0161.<\/p>\n<p>Valsts prezidenta atzin\u012bba un radiostacijas noz\u012bme<\/p>\n<p>Par godu radiostacijas 30. jubilejai, Valsts prezidents Edgars Rink\u0113vi\u010ds pasniedza Latvijas Radio 3 \u201cKlasika\u201d redakcijai Valsts prezidenta apbalvojumu \u2013 goda pl\u0101ksni. Prezidents uzsv\u0113ra, ka programma \u201cKlasika\u201d ir k\u013cuvusi par neat\u0146emamu daudzu Latvijas un pasaules klaus\u012bt\u0101ju ikdienas ce\u013cabiedru un m\u016bzikas izv\u0113li. Vi\u0146\u0161 atzin\u012bgi nov\u0113rt\u0113ja radiostacijas sp\u0113ju veidot daudzpus\u012bgi ori\u0123in\u0101lu saturu un saglab\u0101t savu noz\u012bmi laikam mainoties. Uz Valsts prezidenta plaketes grav\u0113ts uzraksts: \u201cMode main\u0101s. Programma \u201eKlasika\u201d paliek un svin 30 gadu jubileju!\u201d<\/p>\n<p>Koncerta vad\u012bt\u0101ji un rado\u0161\u0101 komanda<\/p>\n<p>Vakaru vad\u012bs Latvijas Radio 3 \u2013 Klasika person\u012bbas Gunda Vaivode un Orests Silabriedis, Signe Lagzdi\u0146a un Edgars Raginskis. Koncerta re\u017eisors ir Aiks Karapetjans, skatuvi iek\u0101rtos scenogr\u0101fs M\u0101rti\u0146\u0161 Vilk\u0101rsis, videom\u0101kslinieks Artis Dz\u0113rve un gaismu m\u0101kslinieks Oskars Pauli\u0146\u0161.<\/p>\n","protected":false},"excerpt":{"rendered":"Simtgades nogrieznis ar izcil\u012bbu: Latvijas Radio 3 \u2013 Klasika atz\u012bm\u0113 30. gadadienu Latvijas Radio 3 \u2013 Klasika, vien\u012bg\u0101&hellip;\n","protected":false},"author":2,"featured_media":98677,"comment_status":"","ping_status":"","sticky":false,"template":"","format":"standard","meta":{"footnotes":""},"categories":[19],"tags":[24208,89,90,193,2527,35,39,38,36,37,34,2950,18362,40],"class_list":{"0":"post-98676","1":"post","2":"type-post","3":"status-publish","4":"format-standard","5":"has-post-thumbnail","7":"category-izklaide","8":"tag-30-gadadiena","9":"tag-entertainment","10":"tag-izklaide","11":"tag-jubilejas-koncerts","12":"tag-klasiska-muzika","13":"tag-latvia","14":"tag-latvian","15":"tag-latviesu","16":"tag-latviesu-valoda","17":"tag-latviesuvaloda","18":"tag-latvija","19":"tag-latvijas-nacionala-opera","20":"tag-latvijas-radio-3-klasika","21":"tag-lv"},"share_on_mastodon":{"url":"https:\/\/pubeurope.com\/@lv\/115861499601755350","error":""},"_links":{"self":[{"href":"https:\/\/www.europesays.com\/lv\/wp-json\/wp\/v2\/posts\/98676","targetHints":{"allow":["GET"]}}],"collection":[{"href":"https:\/\/www.europesays.com\/lv\/wp-json\/wp\/v2\/posts"}],"about":[{"href":"https:\/\/www.europesays.com\/lv\/wp-json\/wp\/v2\/types\/post"}],"author":[{"embeddable":true,"href":"https:\/\/www.europesays.com\/lv\/wp-json\/wp\/v2\/users\/2"}],"replies":[{"embeddable":true,"href":"https:\/\/www.europesays.com\/lv\/wp-json\/wp\/v2\/comments?post=98676"}],"version-history":[{"count":0,"href":"https:\/\/www.europesays.com\/lv\/wp-json\/wp\/v2\/posts\/98676\/revisions"}],"wp:featuredmedia":[{"embeddable":true,"href":"https:\/\/www.europesays.com\/lv\/wp-json\/wp\/v2\/media\/98677"}],"wp:attachment":[{"href":"https:\/\/www.europesays.com\/lv\/wp-json\/wp\/v2\/media?parent=98676"}],"wp:term":[{"taxonomy":"category","embeddable":true,"href":"https:\/\/www.europesays.com\/lv\/wp-json\/wp\/v2\/categories?post=98676"},{"taxonomy":"post_tag","embeddable":true,"href":"https:\/\/www.europesays.com\/lv\/wp-json\/wp\/v2\/tags?post=98676"}],"curies":[{"name":"wp","href":"https:\/\/api.w.org\/{rel}","templated":true}]}}