{"id":98678,"date":"2026-01-08T21:08:15","date_gmt":"2026-01-08T21:08:15","guid":{"rendered":"https:\/\/www.europesays.com\/lv\/98678\/"},"modified":"2026-01-08T21:08:15","modified_gmt":"2026-01-08T21:08:15","slug":"video-%e2%9f%a9-latvijas-un-zviedrijas-skeletona-izlases-riko-protesta-akciju-iglsa-ibsf-draud-ar-policiju","status":"publish","type":"post","link":"https:\/\/www.europesays.com\/lv\/98678\/","title":{"rendered":"VIDEO \u27e9 Latvijas un Zviedrijas skeletona izlases r\u012bko protesta akciju \u012agls\u0101; IBSF draud ar policiju"},"content":{"rendered":"<p>\u0160teinberga sagatavotaj\u0101 plak\u0101t\u0101 bija nor\u0101d\u012bts, ka Krievija nogalina Ukrainas civiliedz\u012bvot\u0101jus, ko vi\u0146\u0161 uzskata par visp\u0101rzin\u0101mu faktu, nevis politisku v\u0113st\u012bjumu.<\/p>\n<p>Neilgi p\u0113c protesta Latvijas Bobsleja un skeletona feder\u0101cija sa\u0146\u0113musi ofici\u0101lu br\u012bdin\u0101jumu no IBSF \u0123ener\u0101lsekret\u0101res, kur\u0101 izteikts ofici\u0101ls br\u012bdin\u0101jums \u0160teinbergam. Taj\u0101 nor\u0101d\u012bts, ka, turpinoties \u0161\u0101dai r\u012bc\u012bbai, vi\u0146am var\u0113tu tikt liegta piek\u013cuve sacens\u012bbu norises vietai \u012agls\u0101 un, iesp\u0113jams, ar\u012b cit\u0101s tras\u0113s.<\/p>\n<p>Vienlaikus treneris uzsv\u0113ra, ka pret sportistiem sankcijas nav piem\u0113rotas un dal\u012bba sacens\u012bb\u0101s vi\u0146iem netika liegta. Br\u012bdin\u0101jums attiecin\u0101ts tikai uz vi\u0146u k\u0101 treneri.<\/p>\n<p>Latvijas komanda, p\u0113c \u0160teinberga teikt\u0101, turpin\u0101s koordin\u0113t savu r\u012bc\u012bbu ar Ukrainas sportistiem, lai ar\u012b turpm\u0101k aktualiz\u0113tu \u0161o jaut\u0101jumu starptautiskaj\u0101 sporta vid\u0113, ta\u010du patlaban jaunas individu\u0101las protesta akcijas netiek pl\u0101notas.<\/p>\n<blockquote class=\"quote ck-widget\" contenteditable=\"false\">\n<p>&#8220;M\u0113s b\u016bsim saska\u0146\u0101 ar ukrai\u0146iem &#8211; ja ukrai\u0146i t\u0101das pl\u0101nos, tad m\u0113s ar vi\u0146iem izrun\u0101sim un sniegsim savu atbalstu, cik varam,&#8221; vi\u0146\u0161 uzsv\u0113ra.<\/p>\n<\/blockquote>\n","protected":false},"excerpt":{"rendered":"\u0160teinberga sagatavotaj\u0101 plak\u0101t\u0101 bija nor\u0101d\u012bts, ka Krievija nogalina Ukrainas civiliedz\u012bvot\u0101jus, ko vi\u0146\u0161 uzskata par visp\u0101rzin\u0101mu faktu, nevis politisku&hellip;\n","protected":false},"author":2,"featured_media":98679,"comment_status":"","ping_status":"","sticky":false,"template":"","format":"standard","meta":{"footnotes":""},"categories":[17],"tags":[35,39,38,36,37,34,40,11526,67],"class_list":{"0":"post-98678","1":"post","2":"type-post","3":"status-publish","4":"format-standard","5":"has-post-thumbnail","7":"category-sports","8":"tag-latvia","9":"tag-latvian","10":"tag-latviesu","11":"tag-latviesu-valoda","12":"tag-latviesuvaloda","13":"tag-latvija","14":"tag-lv","15":"tag-skeletons","16":"tag-sports"},"share_on_mastodon":{"url":"https:\/\/pubeurope.com\/@lv\/115861527162712186","error":""},"_links":{"self":[{"href":"https:\/\/www.europesays.com\/lv\/wp-json\/wp\/v2\/posts\/98678","targetHints":{"allow":["GET"]}}],"collection":[{"href":"https:\/\/www.europesays.com\/lv\/wp-json\/wp\/v2\/posts"}],"about":[{"href":"https:\/\/www.europesays.com\/lv\/wp-json\/wp\/v2\/types\/post"}],"author":[{"embeddable":true,"href":"https:\/\/www.europesays.com\/lv\/wp-json\/wp\/v2\/users\/2"}],"replies":[{"embeddable":true,"href":"https:\/\/www.europesays.com\/lv\/wp-json\/wp\/v2\/comments?post=98678"}],"version-history":[{"count":0,"href":"https:\/\/www.europesays.com\/lv\/wp-json\/wp\/v2\/posts\/98678\/revisions"}],"wp:featuredmedia":[{"embeddable":true,"href":"https:\/\/www.europesays.com\/lv\/wp-json\/wp\/v2\/media\/98679"}],"wp:attachment":[{"href":"https:\/\/www.europesays.com\/lv\/wp-json\/wp\/v2\/media?parent=98678"}],"wp:term":[{"taxonomy":"category","embeddable":true,"href":"https:\/\/www.europesays.com\/lv\/wp-json\/wp\/v2\/categories?post=98678"},{"taxonomy":"post_tag","embeddable":true,"href":"https:\/\/www.europesays.com\/lv\/wp-json\/wp\/v2\/tags?post=98678"}],"curies":[{"name":"wp","href":"https:\/\/api.w.org\/{rel}","templated":true}]}}