{"id":98691,"date":"2026-01-08T21:26:30","date_gmt":"2026-01-08T21:26:30","guid":{"rendered":"https:\/\/www.europesays.com\/lv\/98691\/"},"modified":"2026-01-08T21:26:30","modified_gmt":"2026-01-08T21:26:30","slug":"latvijas-bobsleja-komanda-ar-grutibam-nokomplekte-sastavu-pasaules-kausa-posmam-vinterberga-lente-lv","status":"publish","type":"post","link":"https:\/\/www.europesays.com\/lv\/98691\/","title":{"rendered":"Latvijas bobsleja komanda ar gr\u016bt\u012bb\u0101m nokomplekt\u0113 sast\u0101vu Pasaules kausa posmam Vinterberg\u0101\u00a0\u2014\u00a0Lente.lv"},"content":{"rendered":"<p>Gr\u016bt\u012bbas ar sast\u0101va komplekt\u0113\u0161anu<\/p>\n<p>Latvijas bobsleja komanda sask\u0101rusies ar vesel\u012bbas probl\u0113m\u0101m un sagatavo\u0161an\u0101s posm\u0101 pirms IBSF Pasaules kausa izc\u012b\u0146as piekt\u0101 posma Vinterberg\u0101, V\u0101cij\u0101, ne bez gr\u016bt\u012bb\u0101m nokomplekt\u0113jusi pilnv\u0113rt\u012bgu sast\u0101vu. S\u0101kotn\u0113ji uz posmu nen\u0101ca Arnis Bebri\u0161s, kur\u0161 bija saslimis, bet pirmajos treni\u0146braucienos traumu guva st\u016bm\u0113js Mat\u012bss Miknis. V\u0113l\u0101k, jau Vinterberg\u0101, saslima ar\u012b Lauris Kaufmanis, radot papildu izaicin\u0101jumus komandas komplekt\u0113\u0161anai.<\/p>\n<p>\u0100rsta un trenera pal\u012bdz\u012bba<\/p>\n<p>Situ\u0101cija uzlaboj\u0101s p\u0113c sazi\u0146as ar komandas \u0101rstu J\u0101ni Kaupi. Arnis Bebri\u0161s ir izvese\u013cojies un jau pievienojies komandai, lai piedal\u012btos sacens\u012bb\u0101s. Ar\u012b Lauris Kaufmanis j\u016bt\u0101s lab\u0101k un ir gatavs start\u0113t sv\u0113tdien \u010detrinieku sacens\u012bb\u0101s. Diem\u017e\u0113l Mat\u012bss Miknis, kur\u0161 guvis nelielu traumu, prognoz\u0113ts, ka atgriez\u012bsies tras\u0113 p\u0113c div\u0101m ned\u0113\u013c\u0101m.<\/p>\n<p>Sacens\u012bbu norise un laikapst\u0101k\u013cu ietekme<\/p>\n<p>Pasaules kausa 5. posms Vinterberg\u0101 notiek sestdien un sv\u0113tdien. Lai gan s\u0101kotn\u0113ji treni\u0146braucieni norisin\u0101j\u0101s labos laika apst\u0101k\u013cos, sacens\u012bbu dien\u0101s tiek prognoz\u0113ti nokri\u0161\u0146i un sniegputenis, kas var rad\u012bt izmai\u0146as sacens\u012bbu noris\u0113. Jau piektdien tika atceltas skeletona sacens\u012bbas v\u012brie\u0161iem un jaukto p\u0101ru sacens\u012bbas, kas apliecina sare\u017e\u0123\u012btos apst\u0101k\u013cus.<\/p>\n<p>Starta vietu izloze un sacens\u012bbu laiki<\/p>\n<p>Divnieku sacens\u012bb\u0101s sestdien plkst. 16:30 start\u0113s J\u0113kabs Kalenda ar st\u016bm\u0113ju D\u0101vi Kaufmani (13. numurs) un Ren\u0101rs Granti\u0146\u0161 ar Edgaru Unguru (23. numurs). \u010cetrinieku sacens\u012bbas sv\u0113tdien plkst. 16:00 notiks ar 18. numuru J\u0113kabam Kalendam un vi\u0146a komandai (Arnis Bebri\u0161s, D\u0101vis Kaufmanis, Lauris Kaufmanis), bet Ren\u0101rs Granti\u0146\u0161 ar savu ekip\u0101\u017eu (Edgars Ungurs, Edgars Nemme, Mairis K\u013cava) start\u0113s ar 19. numuru.<\/p>\n<p>Pasaules kausa kopv\u0113rt\u0113jums un olimpisk\u0101s sp\u0113les<\/p>\n<p>\u0160\u012b sezona ir noz\u012bm\u012bga, jo sportisti c\u012bn\u0101s par ce\u013caz\u012bm\u0113m uz 2026. gada olimpiskaj\u0101m sp\u0113l\u0113m. P\u0113c Vinterbergas posma J\u0113kabs Kalenda Pasaules kausa kopv\u0113rt\u0113jum\u0101 ie\u0146em 12. vietu, bet Ren\u0101rs Granti\u0146\u0161 \u2013 17. vietu. Sacens\u012bbas turpin\u0101sies Sanktmoric\u0101 un Altenberg\u0101.<\/p>\n","protected":false},"excerpt":{"rendered":"Gr\u016bt\u012bbas ar sast\u0101va komplekt\u0113\u0161anu Latvijas bobsleja komanda sask\u0101rusies ar vesel\u012bbas probl\u0113m\u0101m un sagatavo\u0161an\u0101s posm\u0101 pirms IBSF Pasaules kausa&hellip;\n","protected":false},"author":2,"featured_media":98692,"comment_status":"","ping_status":"","sticky":false,"template":"","format":"standard","meta":{"footnotes":""},"categories":[17],"tags":[2158,35,39,38,36,37,34,8711,40,2560,67,5583,17763],"class_list":{"0":"post-98691","1":"post","2":"type-post","3":"status-publish","4":"format-standard","5":"has-post-thumbnail","7":"category-sports","8":"tag-bobslejs","9":"tag-latvia","10":"tag-latvian","11":"tag-latviesu","12":"tag-latviesu-valoda","13":"tag-latviesuvaloda","14":"tag-latvija","15":"tag-latvijas-komanda","16":"tag-lv","17":"tag-pasaules-kauss","18":"tag-sports","19":"tag-trauma","20":"tag-vinterberga"},"share_on_mastodon":{"url":"https:\/\/pubeurope.com\/@lv\/115861597882433832","error":""},"_links":{"self":[{"href":"https:\/\/www.europesays.com\/lv\/wp-json\/wp\/v2\/posts\/98691","targetHints":{"allow":["GET"]}}],"collection":[{"href":"https:\/\/www.europesays.com\/lv\/wp-json\/wp\/v2\/posts"}],"about":[{"href":"https:\/\/www.europesays.com\/lv\/wp-json\/wp\/v2\/types\/post"}],"author":[{"embeddable":true,"href":"https:\/\/www.europesays.com\/lv\/wp-json\/wp\/v2\/users\/2"}],"replies":[{"embeddable":true,"href":"https:\/\/www.europesays.com\/lv\/wp-json\/wp\/v2\/comments?post=98691"}],"version-history":[{"count":0,"href":"https:\/\/www.europesays.com\/lv\/wp-json\/wp\/v2\/posts\/98691\/revisions"}],"wp:featuredmedia":[{"embeddable":true,"href":"https:\/\/www.europesays.com\/lv\/wp-json\/wp\/v2\/media\/98692"}],"wp:attachment":[{"href":"https:\/\/www.europesays.com\/lv\/wp-json\/wp\/v2\/media?parent=98691"}],"wp:term":[{"taxonomy":"category","embeddable":true,"href":"https:\/\/www.europesays.com\/lv\/wp-json\/wp\/v2\/categories?post=98691"},{"taxonomy":"post_tag","embeddable":true,"href":"https:\/\/www.europesays.com\/lv\/wp-json\/wp\/v2\/tags?post=98691"}],"curies":[{"name":"wp","href":"https:\/\/api.w.org\/{rel}","templated":true}]}}