{"id":98714,"date":"2026-01-08T22:19:07","date_gmt":"2026-01-08T22:19:07","guid":{"rendered":"https:\/\/www.europesays.com\/lv\/98714\/"},"modified":"2026-01-08T22:19:07","modified_gmt":"2026-01-08T22:19:07","slug":"attiecibas-bez-liekas-publicitates-bet-ar-skalu-izskanu-samantas-tinas-milestibas-cels-un-liktenigie-viriesi-sejas-lv","status":"publish","type":"post","link":"https:\/\/www.europesays.com\/lv\/98714\/","title":{"rendered":"Attiec\u012bbas bez liekas publicit\u0101tes, bet ar ska\u013cu izska\u0146u: Samantas T\u012bnas m\u012blest\u012bbas ce\u013c\u0161 un likten\u012bgie v\u012brie\u0161i &#8211; Sejas.lv"},"content":{"rendered":"<ol>\n<li><a href=\"https:\/\/news.google.com\/rss\/articles\/CBMi1gFBVV95cUxOR3JSV0gxNGlqVjR2SDdHRjQ3cjFUN1o4U0xjNXJqaXlNejgyWmxoVU9JVlZjNk9ybXpzRmlqU2tUaVhIWW5lUHRUNHVvZzg2cmlEYnhaalRlRk5tSi1JRWVRY3E0dVVQTHFyM3hOcm1WUzVKcmhTLXhJSEkxUUZtbjEwUDlvcDNwczJWNW5sblBiOHlDYmFWZWp3THVkQzNUTncyTnRGUG43bG1lN0I5VXhLSTZTWkdvakEwaHVpTnNsWVp6YVZWUmpoUkRQYzJXNmF4SjF3?oc=5\" target=\"_blank\" rel=\"nofollow noopener\">Attiec\u012bbas bez liekas publicit\u0101tes, bet ar ska\u013cu izska\u0146u: Samantas T\u012bnas m\u012blest\u012bbas ce\u013c\u0161 un likten\u012bgie v\u012brie\u0161i<\/a>&nbsp;&nbsp;Sejas.lv<\/li>\n<li><a href=\"https:\/\/news.google.com\/rss\/articles\/CBMiiwFBVV95cUxNTGV2bF9ZX2lfSnU1TmdBR3F1T3Q3eXY0RGI0eFg5UTdOSWV2eVVuVW9DSXRwRVJwSUl4VkZUdS1lcFNxOFZ2ZHQ3U0x6MnBvNWJHNXNwbWU0MnUyRlZ6S2RGMHgwVG80bnI3cVJvRWV5VUZod3BwQW12TnVoRktTekVwMG1TdDFFMTNv?oc=5\" target=\"_blank\" rel=\"nofollow noopener\">\u201cPateik\u0161u tikai to\u2026\u201d Samantas T\u012bnas v\u012brs koment\u0113 m\u012blas st\u0101sta beigas<\/a>&nbsp;&nbsp;LA.LV<\/li>\n<li><a href=\"https:\/\/news.google.com\/rss\/articles\/CBMiwgFBVV95cUxNUmVQc2o4UFc3Ry1ZdVV1Z0NkM2RVUTRfcXVYekh0bTFYbmU4T1luNDRPQXRwZXo0MmVrUFNVLUhUaF9EdDJsQ1N4X1NmcnNuQkdfZ2lveGlJTTNqcmxJa3labGxnNW11cG9BUlJTTEY1S0FRemJNN3JoOHFHMWhHVVBPQWNQb0lsMlF1Tmd6YmVHbUdxdHdkYnRaXzB4MkF0ZlBqbmh4WkswdTlQUkluWkRaclVUdThzUVRqSkpsbk1DUQ?oc=5\" target=\"_blank\" rel=\"nofollow noopener\">Uz\u0146\u0113m\u0113js Art\u016brs Brunavs apstiprina, ka laul\u012bba ar Samantu T\u012bnu ir gal\u0101<\/a>&nbsp;&nbsp;tv3.lv<\/li>\n<li><a href=\"https:\/\/news.google.com\/rss\/articles\/CBMiugFBVV95cUxQWHowdDBSTGFneFUxV0pVZ0pqR0hrY0ZlUDlUMGUzN0N5V19SVWJrSDhmUk9kODVRdml4UWRxMXVkblRMVno2cGF4X1ZkTS1jRWhVcVl5Y1FFZW9tMFBKN0E3Sm9MRy11dnhjX0RxcWRNOG1iLVVzUXgyclByWGxUMWRjTWxrX0V0YXZ3bk5TdXlzMndjbi1VR1QwSlZrZWhhUlBJdnA3WWxKTXREUUczS1RhRGhjQVJwOEE?oc=5\" target=\"_blank\" rel=\"nofollow noopener\">Samantas T\u012bnas biju\u0161ais v\u012brs koment\u0113 iesp\u0113jamo agresiju izjuku\u0161aj\u0101s laul\u012bb\u0101s<\/a>&nbsp;&nbsp;Lasi.lv<\/li>\n<li><a href=\"https:\/\/news.google.com\/rss\/articles\/CBMimAFBVV95cUxPVVNsZmpLTDhqdi1kbW9HTUlhWG9ucDhsNVFRbjZJMlBRWDlCVEd0NDhXQmVNWnBLVndva2xobjd1N2xKZEs2OVJfRWgtUlZGcjlteXpvZnVTSW1BWThzODM3UmVkczFJS3VCV0xaUWdWN1FOT3ZoY2lpcDFkWmFVbHpXYXExQ1dMczZaZVBzQlV6a1YwZGlUWQ?oc=5\" target=\"_blank\" rel=\"nofollow noopener\">&#8220;Paldies par visu skaisto!&#8221; Dzied\u0101t\u0101ja Samanta T\u012bna \u0161\u0137iras no v\u012bra<\/a>&nbsp;&nbsp;Apollo.lv<\/li>\n<\/ol>\n","protected":false},"excerpt":{"rendered":"Attiec\u012bbas bez liekas publicit\u0101tes, bet ar ska\u013cu izska\u0146u: Samantas T\u012bnas m\u012blest\u012bbas ce\u013c\u0161 un likten\u012bgie v\u012brie\u0161i&nbsp;&nbsp;Sejas.lv \u201cPateik\u0161u tikai to\u2026\u201d&hellip;\n","protected":false},"author":2,"featured_media":98715,"comment_status":"","ping_status":"","sticky":false,"template":"","format":"standard","meta":{"footnotes":""},"categories":[19],"tags":[262,89,90,35,39,38,36,37,34,40,7222,3434,758],"class_list":{"0":"post-98714","1":"post","2":"type-post","3":"status-publish","4":"format-standard","5":"has-post-thumbnail","7":"category-izklaide","8":"tag-attiecibas","9":"tag-entertainment","10":"tag-izklaide","11":"tag-latvia","12":"tag-latvian","13":"tag-latviesu","14":"tag-latviesu-valoda","15":"tag-latviesuvaloda","16":"tag-latvija","17":"tag-lv","18":"tag-samanta-tina","19":"tag-skirsanas","20":"tag-tvnet-sejas"},"share_on_mastodon":{"url":"https:\/\/pubeurope.com\/@lv\/115861806314374070","error":""},"_links":{"self":[{"href":"https:\/\/www.europesays.com\/lv\/wp-json\/wp\/v2\/posts\/98714","targetHints":{"allow":["GET"]}}],"collection":[{"href":"https:\/\/www.europesays.com\/lv\/wp-json\/wp\/v2\/posts"}],"about":[{"href":"https:\/\/www.europesays.com\/lv\/wp-json\/wp\/v2\/types\/post"}],"author":[{"embeddable":true,"href":"https:\/\/www.europesays.com\/lv\/wp-json\/wp\/v2\/users\/2"}],"replies":[{"embeddable":true,"href":"https:\/\/www.europesays.com\/lv\/wp-json\/wp\/v2\/comments?post=98714"}],"version-history":[{"count":0,"href":"https:\/\/www.europesays.com\/lv\/wp-json\/wp\/v2\/posts\/98714\/revisions"}],"wp:featuredmedia":[{"embeddable":true,"href":"https:\/\/www.europesays.com\/lv\/wp-json\/wp\/v2\/media\/98715"}],"wp:attachment":[{"href":"https:\/\/www.europesays.com\/lv\/wp-json\/wp\/v2\/media?parent=98714"}],"wp:term":[{"taxonomy":"category","embeddable":true,"href":"https:\/\/www.europesays.com\/lv\/wp-json\/wp\/v2\/categories?post=98714"},{"taxonomy":"post_tag","embeddable":true,"href":"https:\/\/www.europesays.com\/lv\/wp-json\/wp\/v2\/tags?post=98714"}],"curies":[{"name":"wp","href":"https:\/\/api.w.org\/{rel}","templated":true}]}}