{"id":98737,"date":"2026-01-08T23:00:10","date_gmt":"2026-01-08T23:00:10","guid":{"rendered":"https:\/\/www.europesays.com\/lv\/98737\/"},"modified":"2026-01-08T23:00:10","modified_gmt":"2026-01-08T23:00:10","slug":"lai-izskaustu-dzemdes-kakla-vezi-specialisti-mudina-vakcineties-pret-papilomas-virusu-lr1-latvijas-radio","status":"publish","type":"post","link":"https:\/\/www.europesays.com\/lv\/98737\/","title":{"rendered":"Lai izskaustu dzemdes kakla v\u0113zi, speci\u0101listi mudina vakcin\u0113ties pret papilomas v\u012brusu \/ LR1 \/ \/ Latvijas Radio"},"content":{"rendered":"<p><a href=\"https:\/\/mapp.latvijasradio.lv\/shared-broadcast?b=134&amp;url=http:\/\/latvijasradio.lsm.lv\/lv\/lr1\/raidijumi\/ka-labak-dziivot\/\" target=\"_blank\" rel=\"nofollow noopener\"><img decoding=\"async\" alt=\"Latvijas Radio lietotnes logo\" src=\"https:\/\/www.europesays.com\/lv\/wp-content\/uploads\/2026\/01\/1767913210_863_LR_pod poga.png\" style=\"width: 140px; height: 38px;\"\/><\/a><\/p>\n<p>Raid\u012bjuma skan\u0113\u0161anas laik\u0101 varat sazin\u0101ties, zvanot uz t\u0101lru\u0146a numuriem 67222888, 67225599, k\u0101 ar\u012b aicin\u0101m s\u016bt\u012bt Whatsapp zi\u0146as uz numuru 25660440.<\/p>\n<p>Janv\u0101r\u012b \u012bpa\u0161a v\u0113r\u012bba tiek piev\u0113rsta dzemdes kakla v\u0113zim, jo izmai\u0146as skr\u012bninga veik\u0161an\u0101 un da\u017ei citi \u0101rstu aktualiz\u0113ti aspekti ir t\u0101 v\u0113rti, lai par tiem parun\u0101tu vair\u0101k un padar\u012btu c\u012b\u0146u ar dzemdes kakla v\u0113zi efekt\u012bv\u0101ku. Pla\u0161\u0101k st\u0101sta Latvijas dzemdes kakla v\u0113\u017ea izgl\u012bt\u012bbas fonda vad\u012bt\u0101ja, ginekolo\u0123e Krist\u012bne P\u010dolkina,\u00a0R\u012bgas Stradi\u0146a universit\u0101tes Dzemdniec\u012bbas un ginekolo\u0123ijas katedras doc\u0113t\u0101ja, asoci\u0113t\u0101 profesore, ginekolo\u0123e Jana \u017dod\u017eika un\u00a0Austrumu slimn\u012bcas Onko\u0137irur\u0123ijas kl\u012bnikas Galvas un kakla \u0137irur\u0123ijas noda\u013cas vad\u012bt\u0101js, otolaringologs Ren\u0101rs Deksnis.<\/p>\n<p>Speci\u0101listi nor\u0101da, ka Latvij\u0101 cilv\u0113ki neizmanto iesp\u0113ju jaunie\u0161iem vakcin\u0113ties pret papilomas v\u012brusu, lai n\u0101kotn\u0113 izvair\u012btos no saslim\u0161anas ar dzemdes kakla v\u0113zi, k\u0101 ar\u012b cit\u0101m \u013caundab\u012bg\u0101m saslim\u0161an\u0101m. K\u0101 piem\u0113ru vi\u0146i min Zviedriju, kura l\u012bdz ar cit\u0101m\u00a0Skandin\u0101vijas valst\u012bm ir zeme, kur\u0101 \u013coti veiksm\u012bgi uzs\u0101kta vakcin\u0101cija skolu vecuma jaunie\u0161iem. Tas notika 2009. \/ 2010. gad\u0101, kad ar\u012b Latvija uzs\u0101ka vakcin\u0101ciju.<\/p>\n<p>&#8220;Tas noz\u012bm\u0113, ka sieviet\u0113m, kas sasniedz 25 gadus \u0161aj\u0101 period\u0101, dzemdes kakla v\u0113zis vairs nav. Zviedrij\u0101 tas tie\u0161\u0101m ar\u012b nav. Tas noz\u012bm\u0113, ka ar\u012b citi v\u0113\u017ea veidi &#8211; r\u012bkles, dzimumlocek\u013ca, vi\u0146iem nav. Bet m\u0113s joproj\u0101m esam tie\u0161i t\u0101d\u0101 pa\u0161\u0101 situ\u0101cij\u0101, jo vakcin\u0101cija ir pamatu pamats. Man \u013coti \u017e\u0113l, ka nesp\u0113jam sasniegt tos pa\u0161us rezult\u0101tus,&#8221; atz\u012bst Jana \u017dod\u017eika. &#8220;Valsts sniedz \u0161\u012bs iesp\u0113jas. Tas ir katra cilv\u0113ka &#8211; sievietes, vec\u0101ku &#8211; l\u0113mums veikt vakcin\u0101ciju. Ja to neveic, faktiski vi\u0146a uz\u0146emas atbild\u012bbu par b\u0113rna vesel\u012bbu vis\u0101 dz\u012bves garum\u0101.&#8221;<\/p>\n<p>&#8220;Vakc\u012bna ir dro\u0161a. T\u0101 nav jauna, un neredzam m\u0113s nek\u0101das nopietnas sekas un probl\u0113mas, nemaz nerun\u0101jot par miljoniem cilv\u0113ku, kas ir pasaul\u0113 vakcin\u0113ti. Bet diem\u017e\u0113l m\u012bti, nepareizi uzskati joproj\u0101m ce\u013co,&#8221; turpina Jana \u017dod\u017eika.<\/p>\n<blockquote><p>&#13;<\/p>\n<p>&#8220;Es saprotu, ka ir sabiedr\u012bbas da\u013ca, kas kas grib dz\u012bvot \u013coti dabiski, tai skait\u0101 atsak\u0101s no vakcin\u0101cijas. Bet ir sabiedr\u012bbas da\u013ca, kas varb\u016bt \u0161aub\u0101s.\u00a0Es gribu aicin\u0101t un apliecin\u0101t, ka tas ir dro\u0161i un tas ir \u013coti efekt\u012bvi. Diem\u017e\u0113l j\u0101saka, ka ir ar\u012b \u0123imenes \u0101rsti, kas joproj\u0101m \u0161aub\u0101s man nezin\u0101mu iemeslu p\u0113c. Vai t\u0101 ir neinform\u0113t\u012bba vai nev\u0113l\u0113\u0161an\u0101s, man gr\u016bti pateikt.&#8221;<\/p>\n<p>&#13;\n<\/p><\/blockquote>\n<p>Speci\u0101liste mudina izmantot iesp\u0113ju vakcin\u0113ties jau\u00a0pusaud\u017eu vecum\u0101. \u0160obr\u012bd iesp\u0113jam vakcin\u0113ties ir l\u012bdz 26 gadu vecumam, bet nevajadz\u0113tu atlikt uz p\u0113d\u0113jo br\u012bdi.\u00a0Tas neb\u016bs vairs tikai efekt\u012bvi.\u00a0Dr\u012bkst vakcin\u0113ties ar\u012b liel\u0101k\u0101 vecum\u0101,\u00a0bet j\u0101atceras, ka vakc\u012bna ne\u0101rst\u0113 eso\u0161os eso\u0161os v\u012brusus, bet pasarg\u0101 no jauniem tipiem, un tas var b\u016bt zin\u0101m\u0101s situ\u0101cij\u0101s svar\u012bgi.\u00a0<\/p>\n<p style=\"display: inline;\">\n<p>    Latvijas Radio aicina izteikt savu viedokli par raid\u012bjum\u0101 dzird\u0113to un atbalsta diskusijas klaus\u012bt\u0101ju starp\u0101, tom\u0113r patur ties\u012bbas dz\u0113st koment\u0101rus, kas p\u0101rk\u0101pj cie\u0146pilnas attieksmes un \u0113tiskas r\u012bc\u012bbas robe\u017eas.<\/p>\n","protected":false},"excerpt":{"rendered":"Raid\u012bjuma skan\u0113\u0161anas laik\u0101 varat sazin\u0101ties, zvanot uz t\u0101lru\u0146a numuriem 67222888, 67225599, k\u0101 ar\u012b aicin\u0101m s\u016bt\u012bt Whatsapp zi\u0146as uz&hellip;\n","protected":false},"author":2,"featured_media":98738,"comment_status":"","ping_status":"","sticky":false,"template":"","format":"standard","meta":{"footnotes":""},"categories":[5],"tags":[23,28,29,32,33,22,30,31,35,39,38,36,37,34,40,20,26,27,24,25,21],"class_list":{"0":"post-98737","1":"post","2":"type-post","3":"status-publish","4":"format-standard","5":"has-post-thumbnail","7":"category-aktualitates","8":"tag-aktualitates","9":"tag-breaking-news","10":"tag-breakingnews","11":"tag-featured-news","12":"tag-featurednews","13":"tag-headlines","14":"tag-latest-news","15":"tag-latestnews","16":"tag-latvia","17":"tag-latvian","18":"tag-latviesu","19":"tag-latviesu-valoda","20":"tag-latviesuvaloda","21":"tag-latvija","22":"tag-lv","23":"tag-news","24":"tag-popularakas-zinas","25":"tag-popularakaszinas","26":"tag-top-stories","27":"tag-topstories","28":"tag-zinas"},"share_on_mastodon":{"url":"https:\/\/pubeurope.com\/@lv\/115861967540259941","error":""},"_links":{"self":[{"href":"https:\/\/www.europesays.com\/lv\/wp-json\/wp\/v2\/posts\/98737","targetHints":{"allow":["GET"]}}],"collection":[{"href":"https:\/\/www.europesays.com\/lv\/wp-json\/wp\/v2\/posts"}],"about":[{"href":"https:\/\/www.europesays.com\/lv\/wp-json\/wp\/v2\/types\/post"}],"author":[{"embeddable":true,"href":"https:\/\/www.europesays.com\/lv\/wp-json\/wp\/v2\/users\/2"}],"replies":[{"embeddable":true,"href":"https:\/\/www.europesays.com\/lv\/wp-json\/wp\/v2\/comments?post=98737"}],"version-history":[{"count":0,"href":"https:\/\/www.europesays.com\/lv\/wp-json\/wp\/v2\/posts\/98737\/revisions"}],"wp:featuredmedia":[{"embeddable":true,"href":"https:\/\/www.europesays.com\/lv\/wp-json\/wp\/v2\/media\/98738"}],"wp:attachment":[{"href":"https:\/\/www.europesays.com\/lv\/wp-json\/wp\/v2\/media?parent=98737"}],"wp:term":[{"taxonomy":"category","embeddable":true,"href":"https:\/\/www.europesays.com\/lv\/wp-json\/wp\/v2\/categories?post=98737"},{"taxonomy":"post_tag","embeddable":true,"href":"https:\/\/www.europesays.com\/lv\/wp-json\/wp\/v2\/tags?post=98737"}],"curies":[{"name":"wp","href":"https:\/\/api.w.org\/{rel}","templated":true}]}}