{"id":98755,"date":"2026-01-09T00:26:19","date_gmt":"2026-01-09T00:26:19","guid":{"rendered":"https:\/\/www.europesays.com\/lv\/98755\/"},"modified":"2026-01-09T00:26:19","modified_gmt":"2026-01-09T00:26:19","slug":"muziba-aizsaukta-izcila-basketboliste-uljana-semjonova-1188-lv","status":"publish","type":"post","link":"https:\/\/www.europesays.com\/lv\/98755\/","title":{"rendered":"M\u016b\u017e\u012bb\u0101 aizsaukta izcil\u0101 basketboliste U\u013cjana Semjonova &#8211; 1188.lv"},"content":{"rendered":"<ol>\n<li><a href=\"https:\/\/news.google.com\/rss\/articles\/CBMijwFBVV95cUxPOF9mRUFXZjlrSU9oVkowM01BTkkzOFBzai1lVUE1UXZnVlRpVEI5OTNYdnQwNUJyczV3Ym5feVp1SEtmVGxPMnB0XzM5WHFENTBGVjFCV0lMOGlPR0U2OWl4Nlkxb1llamhuaGxvNDRxb0M2dmk5R2t2MG5IYS1HU3AzTHpPbmhlWmtRNzJTYw?oc=5\" target=\"_blank\" rel=\"nofollow noopener\">M\u016b\u017e\u012bb\u0101 aizsaukta izcil\u0101 basketboliste U\u013cjana Semjonova<\/a>&nbsp;&nbsp;1188.lv<\/li>\n<li><a href=\"https:\/\/news.google.com\/rss\/articles\/CBMisAFBVV95cUxOd2Y4YUVuOXRpczZJZW05c1JFQ0UzM1dwX2l0UTB2N0hrbXlYTTB1QkQzcEVGLUtQSzNQVTVkejJ2NXpiTnBsNExvb0RwZU84WUZhUUZuRE40MmpLUVJWc3RHY3pJZ0J5ZGoxUE9GN2pBNjVJZFFvdkhBaVo5bWU4dUJaOFBnV1dCc0ZUZ3ZwT3VOcjNtM0hUci1UVEk4X0ZiaHVJQmNSaGFqcXYxNWdFbw?oc=5\" target=\"_blank\" rel=\"nofollow noopener\">M\u016b\u017e\u012bb\u0101 devusies izcil\u0101 basketboliste U\u013cjana Semjonova<\/a>&nbsp;&nbsp;Delfi<\/li>\n<li><a href=\"https:\/\/news.google.com\/rss\/articles\/CBMisgFBVV95cUxQODFWV0xYVWFJZDlXNVVuaHA2cHZIV0Y0ZC1LcHJ5dHVEdDRpWXIwMEM5WjBtVi1kTUpEdFhoMUQ1YkIwM1YxQ2Mtd0xaU0pJcDNaTVNGaFZNdmZkdWttb0tsNmNiRWdxWl9mR3FBMFJyX3BBYS05UVp1Z1ZjSFFEWW5ZX3owbDZkMzJZZ0lNUF92dldxZ3R3VkZ6VmRvSlVKcW1TOVFKOURFMkVRY0t6RGFn?oc=5\" target=\"_blank\" rel=\"nofollow noopener\">Aizsaul\u0113 devusies Latvijas un pasaules basketbola le\u0123enda U\u013cjana Semjonova<\/a>&nbsp;&nbsp;Jauns.lv<\/li>\n<li><a href=\"https:\/\/news.google.com\/rss\/articles\/CBMif0FVX3lxTE9RUFhXR2pLdGdrR2JuSVVIUUNrS0pBNnZEenZPZGNyQ285eXRLYUVDNnFOSkowOFJwYzZoQ2dMZTRBMzdYekxLZWlTV1VzZFFmaU5lSm1CUm1haHBrWG9NUGRVRjBvdDdYbWROR2pscGdzdU1xcWhiZWY2aW1DTFk?oc=5\" target=\"_blank\" rel=\"nofollow noopener\">Mirusi U\u013cjana Semjonova \u2013 Basketbols<\/a>&nbsp;&nbsp;Sportacentrs.com<\/li>\n<li><a href=\"https:\/\/news.google.com\/rss\/articles\/CBMiqAFBVV95cUxQQ2pudlkyM1RfVk5HdVVSUEVVR2gydjJ4YzAzRWk3V21WZUpjV0JnWEh6TElWWFJhNnJhSm1aSHVyTmhpWXgyV2w1SmJnVGNaTHFLUk9zNjhVLVA0aDRHeEpLVGl3TjAyZHV0dmRDU0hFbjR0QUk5WkplNVFnUlYwdV82czNoTXNUQWx0cTJrenBBVFFiVXJmUkJYM1ZUSFpfZ2I3VUVyWGY?oc=5\" target=\"_blank\" rel=\"nofollow noopener\">Zi\u0146as vieglaj\u0101 valod\u0101 8. janv\u0101r\u012b \/ Raksts<\/a>&nbsp;&nbsp;LSM<\/li>\n<\/ol>\n","protected":false},"excerpt":{"rendered":"M\u016b\u017e\u012bb\u0101 aizsaukta izcil\u0101 basketboliste U\u013cjana Semjonova&nbsp;&nbsp;1188.lv M\u016b\u017e\u012bb\u0101 devusies izcil\u0101 basketboliste U\u013cjana Semjonova&nbsp;&nbsp;Delfi Aizsaul\u0113 devusies Latvijas un pasaules basketbola&hellip;\n","protected":false},"author":2,"featured_media":98756,"comment_status":"","ping_status":"","sticky":false,"template":"","format":"standard","meta":{"footnotes":""},"categories":[17],"tags":[129,4669,35,39,38,36,37,34,40,4670,67,4671],"class_list":{"0":"post-98755","1":"post","2":"type-post","3":"status-publish","4":"format-standard","5":"has-post-thumbnail","7":"category-sports","8":"tag-__typenameadvicekeyword","9":"tag-id1013","10":"tag-latvia","11":"tag-latvian","12":"tag-latviesu","13":"tag-latviesu-valoda","14":"tag-latviesuvaloda","15":"tag-latvija","16":"tag-lv","17":"tag-slugin-memoriam","18":"tag-sports","19":"tag-titlein-memoriam"},"share_on_mastodon":{"url":"https:\/\/pubeurope.com\/@lv\/115862305642274052","error":""},"_links":{"self":[{"href":"https:\/\/www.europesays.com\/lv\/wp-json\/wp\/v2\/posts\/98755","targetHints":{"allow":["GET"]}}],"collection":[{"href":"https:\/\/www.europesays.com\/lv\/wp-json\/wp\/v2\/posts"}],"about":[{"href":"https:\/\/www.europesays.com\/lv\/wp-json\/wp\/v2\/types\/post"}],"author":[{"embeddable":true,"href":"https:\/\/www.europesays.com\/lv\/wp-json\/wp\/v2\/users\/2"}],"replies":[{"embeddable":true,"href":"https:\/\/www.europesays.com\/lv\/wp-json\/wp\/v2\/comments?post=98755"}],"version-history":[{"count":0,"href":"https:\/\/www.europesays.com\/lv\/wp-json\/wp\/v2\/posts\/98755\/revisions"}],"wp:featuredmedia":[{"embeddable":true,"href":"https:\/\/www.europesays.com\/lv\/wp-json\/wp\/v2\/media\/98756"}],"wp:attachment":[{"href":"https:\/\/www.europesays.com\/lv\/wp-json\/wp\/v2\/media?parent=98755"}],"wp:term":[{"taxonomy":"category","embeddable":true,"href":"https:\/\/www.europesays.com\/lv\/wp-json\/wp\/v2\/categories?post=98755"},{"taxonomy":"post_tag","embeddable":true,"href":"https:\/\/www.europesays.com\/lv\/wp-json\/wp\/v2\/tags?post=98755"}],"curies":[{"name":"wp","href":"https:\/\/api.w.org\/{rel}","templated":true}]}}