{"id":98763,"date":"2026-01-09T00:54:07","date_gmt":"2026-01-09T00:54:07","guid":{"rendered":"https:\/\/www.europesays.com\/lv\/98763\/"},"modified":"2026-01-09T00:54:07","modified_gmt":"2026-01-09T00:54:07","slug":"asv-noversas-no-starptautiskajiem-noteikumiem-un-saviem-sabiedrotajiem-raksts","status":"publish","type":"post","link":"https:\/\/www.europesays.com\/lv\/98763\/","title":{"rendered":"ASV nov\u0113r\u0161as no starptautiskajiem noteikumiem un saviem sabiedrotajiem \/ Raksts"},"content":{"rendered":"<p>P\u0113c ASV veikt\u0101s oper\u0101cijas Venecu\u0113l\u0101 un kareiv\u012bg\u0101s nost\u0101jas Grenlandes jaut\u0101jum\u0101 arvien vair\u0101k Eiropas amatpersonu kritiz\u0113 ASV. Francijas prezidents Emanuels Makrons pazi\u0146oja, ka ASV atraujas no starptautiskajiem noteikumiem un pak\u0101peniski nov\u0113r\u0161as no da\u017eiem saviem sabiedrotajiem. Kritiski par ASV izteicies ar\u012b V\u0101cijas prezidents Franks Valters \u0160teinmeiers.<\/p>\n<p>Ceturtdien Makrons sav\u0101 ikgad\u0113j\u0101 run\u0101 Francijas v\u0113stniekiem Elizejas pil\u012b sac\u012bja, ka multilater\u0101l\u0101s instit\u016bcijas darbojas arvien maz\u0101k efekt\u012bvi\u00a0un m\u0113s dz\u012bvojam lielvaru pasaul\u0113 ar re\u0101lu k\u0101rdin\u0101jumu sadal\u012bt pasauli.<\/p>\n<p>\u0160teinmeiera\u00a0ieskat\u0101 glob\u0101lajai demokr\u0101tijai \u0161obr\u012bd tiek uzbrukts k\u0101 v\u0113l nekad iepriek\u0161. Prezidents asi kritiz\u0113jis ASV \u0101rpolitiku prezidenta Donalda Trampa vad\u012bb\u0101, nor\u0101dot, ka ASV izn\u012bcina pasaules k\u0101rt\u012bbu.<\/p>\n<blockquote>\n<p>P\u0113c \u0160teinmeiera dom\u0101m, nedr\u012bkst pie\u013caut, ka pasaule p\u0101rv\u0113r\u0161as par laup\u012bt\u0101ju midzeni, kur negod\u012bg\u0101kie \u0146em visu, ko v\u0113las, kur re\u0123ioni vai veselas valstis tiek uzskat\u012btas par da\u017eu lielvaru \u012bpa\u0161umu.<\/p>\n<\/blockquote>\n<p>Lai gan V\u0101cijas prezidenta loma liel\u0101koties ir ceremoni\u0101la, vi\u0146a v\u0101rdiem ir zin\u0101ms svars, turkl\u0101t\u00a0vi\u0146am ir liel\u0101ka br\u012bv\u012bba paust viedokli nek\u0101 politi\u0137iem.<\/p>\n<p>                    Valodas k\u013c\u016bda rakst\u0101?<\/p>\n<p class=\"d-none d-md-block\">Iez\u012bm\u0113jiet tekstu un spiediet Ctrl+Enter, lai nos\u016bt\u012btu labojamo teksta fragmentu redaktoram! Par faktu k\u013c\u016bd\u0101m l\u016bdzam zi\u0146ot e-past\u0101 <a href=\"https:\/\/www.lsm.lv\/cdn-cgi\/l\/email-protection\" class=\"__cf_email__\" data-cfemail=\"16647372777d757f7c77567a657b387a60\" rel=\"nofollow noopener\" target=\"_blank\">[email\u00a0protected]<\/a>.<\/p>\n<p class=\"d-md-none\">Iez\u012bm\u0113jiet tekstu un spiediet uz Zi\u0146ot par k\u013c\u016bdu pogas, lai nos\u016bt\u012btu labojamo teksta fragmentu redaktoram!<\/p>\n<p>\n                    Zi\u0146ot par k\u013c\u016bdu\n                <\/p>\n","protected":false},"excerpt":{"rendered":"P\u0113c ASV veikt\u0101s oper\u0101cijas Venecu\u0113l\u0101 un kareiv\u012bg\u0101s nost\u0101jas Grenlandes jaut\u0101jum\u0101 arvien vair\u0101k Eiropas amatpersonu kritiz\u0113 ASV. Francijas prezidents&hellip;\n","protected":false},"author":2,"featured_media":98764,"comment_status":"","ping_status":"","sticky":false,"template":"","format":"standard","meta":{"footnotes":""},"categories":[14],"tags":[23,57,28,29,32,33,22,30,31,35,39,38,36,37,34,40,20,26,27,24,25,54,55,56,21,58],"class_list":{"0":"post-98763","1":"post","2":"type-post","3":"status-publish","4":"format-standard","5":"has-post-thumbnail","7":"category-zinas-no-arvalstim","8":"tag-aktualitates","9":"tag-arvalstim","10":"tag-breaking-news","11":"tag-breakingnews","12":"tag-featured-news","13":"tag-featurednews","14":"tag-headlines","15":"tag-latest-news","16":"tag-latestnews","17":"tag-latvia","18":"tag-latvian","19":"tag-latviesu","20":"tag-latviesu-valoda","21":"tag-latviesuvaloda","22":"tag-latvija","23":"tag-lv","24":"tag-news","25":"tag-popularakas-zinas","26":"tag-popularakaszinas","27":"tag-top-stories","28":"tag-topstories","29":"tag-world","30":"tag-world-news","31":"tag-worldnews","32":"tag-zinas","33":"tag-zinas-no-arvalstim"},"share_on_mastodon":{"url":"https:\/\/pubeurope.com\/@lv\/115862415780404340","error":""},"_links":{"self":[{"href":"https:\/\/www.europesays.com\/lv\/wp-json\/wp\/v2\/posts\/98763","targetHints":{"allow":["GET"]}}],"collection":[{"href":"https:\/\/www.europesays.com\/lv\/wp-json\/wp\/v2\/posts"}],"about":[{"href":"https:\/\/www.europesays.com\/lv\/wp-json\/wp\/v2\/types\/post"}],"author":[{"embeddable":true,"href":"https:\/\/www.europesays.com\/lv\/wp-json\/wp\/v2\/users\/2"}],"replies":[{"embeddable":true,"href":"https:\/\/www.europesays.com\/lv\/wp-json\/wp\/v2\/comments?post=98763"}],"version-history":[{"count":0,"href":"https:\/\/www.europesays.com\/lv\/wp-json\/wp\/v2\/posts\/98763\/revisions"}],"wp:featuredmedia":[{"embeddable":true,"href":"https:\/\/www.europesays.com\/lv\/wp-json\/wp\/v2\/media\/98764"}],"wp:attachment":[{"href":"https:\/\/www.europesays.com\/lv\/wp-json\/wp\/v2\/media?parent=98763"}],"wp:term":[{"taxonomy":"category","embeddable":true,"href":"https:\/\/www.europesays.com\/lv\/wp-json\/wp\/v2\/categories?post=98763"},{"taxonomy":"post_tag","embeddable":true,"href":"https:\/\/www.europesays.com\/lv\/wp-json\/wp\/v2\/tags?post=98763"}],"curies":[{"name":"wp","href":"https:\/\/api.w.org\/{rel}","templated":true}]}}