{"id":98767,"date":"2026-01-09T00:58:07","date_gmt":"2026-01-09T00:58:07","guid":{"rendered":"https:\/\/www.europesays.com\/lv\/98767\/"},"modified":"2026-01-09T00:58:07","modified_gmt":"2026-01-09T00:58:07","slug":"milanas-inter-nostiprina-vadibu-a-serija-napoli-uzvar-spraiga-dueli-lente-lv","status":"publish","type":"post","link":"https:\/\/www.europesays.com\/lv\/98767\/","title":{"rendered":"Mil\u0101nas &#8220;Inter&#8221; nostiprina vad\u012bbu A s\u0113rij\u0101; &#8220;Napoli&#8221; uzvar spraig\u0101 duel\u012b\u00a0\u2014\u00a0Lente.lv"},"content":{"rendered":"<p>Inter nostiprina l\u012bderpoz\u012bcijas<\/p>\n<p>Mil\u0101nas &#8220;Inter&#8221; ir atguvis un nostiprin\u0101jis savu pirmo vietu It\u0101lijas A s\u0113rijas turn\u012bra tabul\u0101, sv\u0113tdienas vakar\u0101 sav\u0101 laukum\u0101 ar rezult\u0101tu 3:1 p\u0101rsp\u0113jot &#8220;Bologna&#8221;. \u0160\u012b bija &#8220;Inter&#8221; piekt\u0101 uzvara p\u0113c k\u0101rtas, apliecinot komandas sp\u0113c\u012bgo sniegumu sezonas turpin\u0101jum\u0101.<\/p>\n<p>Par svar\u012bgiem v\u0101rtiem komandas lab\u0101 \u0161aj\u0101 sp\u0113l\u0113 par\u016bp\u0113j\u0101s ar\u012b A s\u0113rijas lab\u0101kais bombardieris Lautaro Martiness, kur\u0161 guva savus desmitos v\u0101rtus \u0161aj\u0101 sezon\u0101. Vi\u0146a sniegums joproj\u0101m ir viens no galvenajiem faktoriem &#8220;Inter&#8221; pan\u0101kumos.<\/p>\n<p>Napoli uzvara spraig\u0101 sp\u0113l\u0113<\/p>\n<p>Tikm\u0113r cit\u0101 A s\u0113rijas sp\u0113l\u0113 &#8220;Napoli&#8221; izc\u012bn\u012bja svar\u012bgu uzvaru pret &#8220;Fiorentina&#8221; ar rezult\u0101tu 3:1. Ma\u010ds bija \u012bpa\u0161i interesants, jo &#8220;Fiorentina&#8221; sp\u0113l\u0113ja ne tikai pretinieku komandu, bet ar\u012b pret trim noraid\u012bjumiem, kas iev\u0113rojami apgr\u016btin\u0101ja vi\u0146u iesp\u0113jas c\u012bn\u012bties par pozit\u012bvu rezult\u0101tu.<\/p>\n<p>&#8220;Napoli&#8221; rind\u0101s rezultat\u012bvi bija Kevins De Breine, kur\u0161 atkl\u0101ja rezult\u0101tu no 11 metru soda sitiena, Rasmus Hojlunds un Beukema, nodro\u0161inot komandai p\u0101rliecino\u0161u uzvaru.<\/p>\n<p>Citas sp\u0113les un sezona kopum\u0101<\/p>\n<p>A s\u0113rijas 2025.\/2026. gada sezona turpin\u0101s ar aizraujo\u0161\u0101m sp\u0113l\u0113m, kur\u0101s komandas c\u012bn\u0101s par katru punktu. Neskatoties uz &#8220;Inter&#8221; p\u0101rliecino\u0161o vad\u012bbu, ar\u012b citas komandas, piem\u0113ram, &#8220;Napoli&#8221;, demonstr\u0113 sp\u0113c\u012bgu sniegumu, cen\u0161oties sekot l\u012bdzi l\u012bderiem.<\/p>\n<p>\u0160\u012b sezona izce\u013cas ar daudzu komandu centieniem uzlabot savas poz\u012bcijas, radot intrigu visas l\u012bgas garum\u0101. &#8220;Inter&#8221; un &#8220;Napoli&#8221; demonstr\u0113 stabilu formu, kas sola aizraujo\u0161u c\u012b\u0146u par titulu.<\/p>\n","protected":false},"excerpt":{"rendered":"Inter nostiprina l\u012bderpoz\u012bcijas Mil\u0101nas &#8220;Inter&#8221; ir atguvis un nostiprin\u0101jis savu pirmo vietu It\u0101lijas A s\u0113rijas turn\u012bra tabul\u0101, sv\u0113tdienas&hellip;\n","protected":false},"author":2,"featured_media":98768,"comment_status":"","ping_status":"","sticky":false,"template":"","format":"standard","meta":{"footnotes":"","_share_on_mastodon":"0"},"categories":[17],"tags":[673,2485,24218,35,39,38,36,37,34,24219,40,9801,67],"class_list":["post-98767","post","type-post","status-publish","format-standard","has-post-thumbnail","category-sports","tag-a-serija","tag-futbola-rezultati","tag-inter","tag-latvia","tag-latvian","tag-latviesu","tag-latviesu-valoda","tag-latviesuvaloda","tag-latvija","tag-lautaro-martinez","tag-lv","tag-napoli","tag-sports"],"share_on_mastodon":{"url":"https:\/\/pubeurope.com\/@lv\/115862431541658222","error":""},"_links":{"self":[{"href":"https:\/\/www.europesays.com\/lv\/wp-json\/wp\/v2\/posts\/98767","targetHints":{"allow":["GET"]}}],"collection":[{"href":"https:\/\/www.europesays.com\/lv\/wp-json\/wp\/v2\/posts"}],"about":[{"href":"https:\/\/www.europesays.com\/lv\/wp-json\/wp\/v2\/types\/post"}],"author":[{"embeddable":true,"href":"https:\/\/www.europesays.com\/lv\/wp-json\/wp\/v2\/users\/2"}],"replies":[{"embeddable":true,"href":"https:\/\/www.europesays.com\/lv\/wp-json\/wp\/v2\/comments?post=98767"}],"version-history":[{"count":0,"href":"https:\/\/www.europesays.com\/lv\/wp-json\/wp\/v2\/posts\/98767\/revisions"}],"wp:featuredmedia":[{"embeddable":true,"href":"https:\/\/www.europesays.com\/lv\/wp-json\/wp\/v2\/media\/98768"}],"wp:attachment":[{"href":"https:\/\/www.europesays.com\/lv\/wp-json\/wp\/v2\/media?parent=98767"}],"wp:term":[{"taxonomy":"category","embeddable":true,"href":"https:\/\/www.europesays.com\/lv\/wp-json\/wp\/v2\/categories?post=98767"},{"taxonomy":"post_tag","embeddable":true,"href":"https:\/\/www.europesays.com\/lv\/wp-json\/wp\/v2\/tags?post=98767"}],"curies":[{"name":"wp","href":"https:\/\/api.w.org\/{rel}","templated":true}]}}