{"id":98773,"date":"2026-01-09T01:06:09","date_gmt":"2026-01-09T01:06:09","guid":{"rendered":"https:\/\/www.europesays.com\/lv\/98773\/"},"modified":"2026-01-09T01:06:09","modified_gmt":"2026-01-09T01:06:09","slug":"asv-noversas-no-sabiedrotajiem-un-starptautiskajam-tiesibam","status":"publish","type":"post","link":"https:\/\/www.europesays.com\/lv\/98773\/","title":{"rendered":"ASV nov\u0113r\u0161as no sabiedrotajiem un starptautiskaj\u0101m ties\u012bb\u0101m"},"content":{"rendered":"<p>&#8220;Savienot\u0101s Valstis ir sevi apliecin\u0101jusi lielvara, ta\u010du t\u0101 pak\u0101peniski nov\u0113r\u0161as no da\u017eiem saviem sabiedrotajiem un atk\u0101pjas no starptautiskaj\u0101m ties\u012bb\u0101m, ko t\u0101 sekm\u0113ja v\u0113l glu\u017ei nesen,&#8221; sac\u012bja prezidents.<\/p>\n<p>&#8220;Daudzpus\u0113j\u0101s instit\u016bcijas darbojas arvien maz\u0101k un maz\u0101k efekt\u012bvi,&#8221; piebilda Makrons. &#8220;M\u0113s dz\u012bvojam pasaul\u0113, kur lielvar\u0101m ir re\u0101ls k\u0101rdin\u0101jums sadal\u012bt pasauli.&#8221;<\/p>\n<p>Eiropai ir j\u0101aizsarg\u0101 savas intereses, sac\u012bja prezidents, mudinot konsolid\u0113t Eiropas regul\u0113jumu tehnolo\u0123iju nozar\u0113.<\/p>\n<p>Vi\u0146\u0161 uzsv\u0113ra, ka ir svar\u012bgi aizsarg\u0101t akad\u0113misko neatkar\u012bbu, un pauda gandar\u012bjumu par &#8220;iesp\u0113ju izveidot kontrol\u0113tu inform\u0101cijas telpu, kur\u0101 viedok\u013cu apmai\u0146a notiek piln\u012bgi br\u012bvi, bet kur\u0101 izv\u0113li neveic da\u017eu cilv\u0113ku algoritmi&#8221;.<\/p>\n<p>Brisele ir pie\u0146\u0113musi sp\u0113c\u012bgu juridisko arsen\u0101lu, kura m\u0113r\u0137is ir ierobe\u017eot tehnolo\u0123iju gigantus, proti, ar Digit\u0101l\u0101 tirgus aktu (DMA), kas attiecas uz konkurenci, un Digit\u0101lo pakalpojumu aktu (DSA) par satura moder\u0113\u0161anu.<\/p>\n<p>Va\u0161ingtona nosod\u012bjusi tehnolo\u0123iju noteikumus k\u0101 m\u0113\u0123in\u0101jumu piespiest amerik\u0101\u0146u soci\u0101lo mediju platformas cenz\u0113t viedok\u013cus.<\/p>\n<p>&#8220;DSA un DMA ir divi regul\u0113jumi, kas ir j\u0101aizst\u0101v,&#8221; sac\u012bja Makrons.<\/p>\n","protected":false},"excerpt":{"rendered":"&#8220;Savienot\u0101s Valstis ir sevi apliecin\u0101jusi lielvara, ta\u010du t\u0101 pak\u0101peniski nov\u0113r\u0161as no da\u017eiem saviem sabiedrotajiem un atk\u0101pjas no starptautiskaj\u0101m&hellip;\n","protected":false},"author":2,"featured_media":98774,"comment_status":"","ping_status":"","sticky":false,"template":"","format":"standard","meta":{"footnotes":""},"categories":[14],"tags":[23,57,292,28,29,1310,32,33,1309,22,30,31,35,39,38,36,37,34,40,20,26,27,24,25,54,55,56,21,58],"class_list":{"0":"post-98773","1":"post","2":"type-post","3":"status-publish","4":"format-standard","5":"has-post-thumbnail","7":"category-zinas-no-arvalstim","8":"tag-aktualitates","9":"tag-arvalstim","10":"tag-asv","11":"tag-breaking-news","12":"tag-breakingnews","13":"tag-emanuels-makrons","14":"tag-featured-news","15":"tag-featurednews","16":"tag-francija","17":"tag-headlines","18":"tag-latest-news","19":"tag-latestnews","20":"tag-latvia","21":"tag-latvian","22":"tag-latviesu","23":"tag-latviesu-valoda","24":"tag-latviesuvaloda","25":"tag-latvija","26":"tag-lv","27":"tag-news","28":"tag-popularakas-zinas","29":"tag-popularakaszinas","30":"tag-top-stories","31":"tag-topstories","32":"tag-world","33":"tag-world-news","34":"tag-worldnews","35":"tag-zinas","36":"tag-zinas-no-arvalstim"},"share_on_mastodon":{"url":"https:\/\/pubeurope.com\/@lv\/115862462994875729","error":""},"_links":{"self":[{"href":"https:\/\/www.europesays.com\/lv\/wp-json\/wp\/v2\/posts\/98773","targetHints":{"allow":["GET"]}}],"collection":[{"href":"https:\/\/www.europesays.com\/lv\/wp-json\/wp\/v2\/posts"}],"about":[{"href":"https:\/\/www.europesays.com\/lv\/wp-json\/wp\/v2\/types\/post"}],"author":[{"embeddable":true,"href":"https:\/\/www.europesays.com\/lv\/wp-json\/wp\/v2\/users\/2"}],"replies":[{"embeddable":true,"href":"https:\/\/www.europesays.com\/lv\/wp-json\/wp\/v2\/comments?post=98773"}],"version-history":[{"count":0,"href":"https:\/\/www.europesays.com\/lv\/wp-json\/wp\/v2\/posts\/98773\/revisions"}],"wp:featuredmedia":[{"embeddable":true,"href":"https:\/\/www.europesays.com\/lv\/wp-json\/wp\/v2\/media\/98774"}],"wp:attachment":[{"href":"https:\/\/www.europesays.com\/lv\/wp-json\/wp\/v2\/media?parent=98773"}],"wp:term":[{"taxonomy":"category","embeddable":true,"href":"https:\/\/www.europesays.com\/lv\/wp-json\/wp\/v2\/categories?post=98773"},{"taxonomy":"post_tag","embeddable":true,"href":"https:\/\/www.europesays.com\/lv\/wp-json\/wp\/v2\/tags?post=98773"}],"curies":[{"name":"wp","href":"https:\/\/api.w.org\/{rel}","templated":true}]}}