{"id":98803,"date":"2026-01-09T04:10:12","date_gmt":"2026-01-09T04:10:12","guid":{"rendered":"https:\/\/www.europesays.com\/lv\/98803\/"},"modified":"2026-01-09T04:10:12","modified_gmt":"2026-01-09T04:10:12","slug":"csdd-izsutis-atgadinajumu-par-transportlidzeklu-ekspluatacijas-nodokla-nomaksas-nepieciesamibu","status":"publish","type":"post","link":"https:\/\/www.europesays.com\/lv\/98803\/","title":{"rendered":"CSDD izs\u016bt\u012bs atg\u0101din\u0101jumu par transportl\u012bdzek\u013cu ekspluat\u0101cijas nodok\u013ca nomaksas nepiecie\u0161am\u012bbu"},"content":{"rendered":"<p>S\u0101kot ar \u0161o gadu, <a rel=\"noopener nofollow\" target=\"_blank\" href=\"https:\/\/www.delfi.lv\/temas\/40628029\/csdd\" tag-id=\"40628029\">CSDD<\/a> izs\u016bt\u012bs informat\u012bvus atg\u0101din\u0101jumus transportl\u012bdzek\u013cu tur\u0113t\u0101jiem (\u012bpa\u0161niekiem) par nepiecie\u0161am\u012bbu nomaks\u0101t transportl\u012bdzek\u013cu ekspluat\u0101cijas nodokli par iepriek\u0161\u0113jiem kalend\u0101rajiem gadiem, par kuriem nodoklis nav nomaks\u0101ts.<\/p>\n<p class=\"MsoNormal\"> T\u0101pat CSDD atg\u0101dina, ka person\u0101m, kur\u0101m saist\u012bb\u0101 ar TEN likuma 7. pantu pien\u0101kas transportl\u012bdzek\u013ca ekspluat\u0101cijas nodok\u013ca atvieglojumi, saska\u0146\u0101 ar likuma 7. panta pirmo, otro, tre\u0161o, ceturto, 4.1 da\u013cu vai piekto da\u013cu, bet, ja nodok\u013ca maks\u0101jums par iepriek\u0161\u0113jo kalend\u0101ro gadu(-iem) nav veikts noteikt\u0101 termi\u0146\u0101 (l\u012bdz 31.janv\u0101rim), tad maks\u0101jot nodokli par iepriek\u0161\u0113jiem kalend\u0101rajiem gadiem, par tiem nodok\u013ca atvieglojumu vairs nevar\u0113s piem\u0113rot.<\/p>\n<p class=\"m-0\">Seko &#8220;Delfi&#8221; ar\u012b  <a target=\"_blank\" href=\"https:\/\/www.instagram.com\/delfi.lv\/\" rel=\"nofollow noopener\">Instagram<\/a>  un <a target=\"_blank\" href=\"https:\/\/www.youtube.com\/channel\/UCw5foWtcJvAbUm64rv7jwUQ\" rel=\"nofollow noopener\">YouTube<\/a>  profil\u0101 \u2013 pievienojies, lai uzzin\u0101tu svar\u012bg\u0101ko un interesant\u0101ko pirmais!<\/p>\n<p>Publik\u0101cijas saturs vai t\u0101s jebk\u0101da apjoma da\u013ca ir aizsarg\u0101ts autorties\u012bbu objekts Autorties\u012bbu likuma izpratn\u0113, un t\u0101 izmanto\u0161ana bez izdev\u0113ja at\u013caujas ir aizliegta. Vair\u0101k lasi  <a target=\"_blank\" href=\"https:\/\/www.delfi.lv\/noteikumi#autortiesibas\" rel=\"nofollow noopener\">\u0161eit<\/a><script async src=\"\/\/www.instagram.com\/embed.js\"><\/script><\/p>\n","protected":false},"excerpt":{"rendered":"S\u0101kot ar \u0161o gadu, CSDD izs\u016bt\u012bs informat\u012bvus atg\u0101din\u0101jumus transportl\u012bdzek\u013cu tur\u0113t\u0101jiem (\u012bpa\u0161niekiem) par nepiecie\u0161am\u012bbu nomaks\u0101t transportl\u012bdzek\u013cu ekspluat\u0101cijas nodokli par&hellip;\n","protected":false},"author":2,"featured_media":98804,"comment_status":"","ping_status":"","sticky":false,"template":"","format":"standard","meta":{"footnotes":""},"categories":[5],"tags":[23,28,29,7163,1145,32,33,22,30,31,35,39,38,36,37,34,40,20,26,27,24,25,21],"class_list":{"0":"post-98803","1":"post","2":"type-post","3":"status-publish","4":"format-standard","5":"has-post-thumbnail","7":"category-aktualitates","8":"tag-aktualitates","9":"tag-breaking-news","10":"tag-breakingnews","11":"tag-celu-satiksmes-drosibas-direkcija","12":"tag-csdd","13":"tag-featured-news","14":"tag-featurednews","15":"tag-headlines","16":"tag-latest-news","17":"tag-latestnews","18":"tag-latvia","19":"tag-latvian","20":"tag-latviesu","21":"tag-latviesu-valoda","22":"tag-latviesuvaloda","23":"tag-latvija","24":"tag-lv","25":"tag-news","26":"tag-popularakas-zinas","27":"tag-popularakaszinas","28":"tag-top-stories","29":"tag-topstories","30":"tag-zinas"},"share_on_mastodon":{"url":"https:\/\/pubeurope.com\/@lv\/115863186489246203","error":""},"_links":{"self":[{"href":"https:\/\/www.europesays.com\/lv\/wp-json\/wp\/v2\/posts\/98803","targetHints":{"allow":["GET"]}}],"collection":[{"href":"https:\/\/www.europesays.com\/lv\/wp-json\/wp\/v2\/posts"}],"about":[{"href":"https:\/\/www.europesays.com\/lv\/wp-json\/wp\/v2\/types\/post"}],"author":[{"embeddable":true,"href":"https:\/\/www.europesays.com\/lv\/wp-json\/wp\/v2\/users\/2"}],"replies":[{"embeddable":true,"href":"https:\/\/www.europesays.com\/lv\/wp-json\/wp\/v2\/comments?post=98803"}],"version-history":[{"count":0,"href":"https:\/\/www.europesays.com\/lv\/wp-json\/wp\/v2\/posts\/98803\/revisions"}],"wp:featuredmedia":[{"embeddable":true,"href":"https:\/\/www.europesays.com\/lv\/wp-json\/wp\/v2\/media\/98804"}],"wp:attachment":[{"href":"https:\/\/www.europesays.com\/lv\/wp-json\/wp\/v2\/media?parent=98803"}],"wp:term":[{"taxonomy":"category","embeddable":true,"href":"https:\/\/www.europesays.com\/lv\/wp-json\/wp\/v2\/categories?post=98803"},{"taxonomy":"post_tag","embeddable":true,"href":"https:\/\/www.europesays.com\/lv\/wp-json\/wp\/v2\/tags?post=98803"}],"curies":[{"name":"wp","href":"https:\/\/api.w.org\/{rel}","templated":true}]}}