{"id":98810,"date":"2026-01-09T04:28:18","date_gmt":"2026-01-09T04:28:18","guid":{"rendered":"https:\/\/www.europesays.com\/lv\/98810\/"},"modified":"2026-01-09T04:28:18","modified_gmt":"2026-01-09T04:28:18","slug":"piektdien-bus-ass-vejs-un-zemais-putenis-raksts","status":"publish","type":"post","link":"https:\/\/www.europesays.com\/lv\/98810\/","title":{"rendered":"Piektdien b\u016bs ass v\u0113j\u0161 un zemais putenis \/ Raksts"},"content":{"rendered":"<p>Piektdien Latvij\u0101 gaid\u0101ms sp\u0113c\u012bgs v\u0113j\u0161, liecina prognozes.<\/p>\n<p>Zieme\u013caustrumu v\u0113ja pastiprin\u0101\u0161an\u0101s s\u0101ksies jau nakt\u012b, bet dien\u0101 tas br\u0101zm\u0101s sasniegs 12\u201317 metrus sekund\u0113, viet\u0101m R\u012bgas l\u012b\u010da piekrast\u0113 Kurzem\u0113 l\u012bdz 20 metriem sekund\u0113.<\/p>\n<p>Nokri\u0161\u0146i nav gaid\u0101mi, bet rad\u012bsies sniegvilksnis jeb zemais putenis \u2013\u00a0v\u0113j\u0161 putin\u0101s jau sasnigu\u0161o sniegu, griez\u012bsies v\u0113rpet\u0113s, veidos kupenas un sniega sanesumus uz ce\u013ciem, l\u012bdz ar to<\/p>\n<blockquote>\n<p>brauk\u0161anas apst\u0101k\u013ci var b\u016bt sare\u017e\u0123\u012bti ne tikai sniega sanesumu, bet sliktas redzam\u012bbas d\u0113\u013c.<\/p>\n<\/blockquote>\n<p>Minim\u0101l\u0101 gaisa temperat\u016bra nakt\u012b b\u016bs -15&#8230;-10 gr\u0101di, daudzviet Kurzem\u0113 -9&#8230;-5 gr\u0101di. Maksim\u0101l\u0101 temperat\u016bra dien\u0101 b\u016bs -13&#8230;-8 gr\u0101di, Kurzem\u0113 l\u012bdz -7&#8230;-3 gr\u0101diem.<\/p>\n<blockquote>\n<p>\u0160\u0101d\u0101 v\u0113j\u0101 un zem\u0101 temperat\u016br\u0101\u00a0nav ieteicams ilgsto\u0161i atrasties \u0101r\u0101, jo palielin\u0101s iesp\u0113ja g\u016bt apsald\u0113jumus.<\/p>\n<\/blockquote>\n<p>R\u012bg\u0101 zieme\u013caustrumu v\u0113ja br\u0101zmas sasniegs 12\u201315 metrus sekund\u0113. Ar\u012b galvaspils\u0113t\u0101 var veidoties sniega sanesumi. Temperat\u016bra gan nakt\u012b, gan dien\u0101 b\u016bs -10&#8230;-8 gr\u0101du robe\u017e\u0101s.<\/p>\n<p>                    Valodas k\u013c\u016bda rakst\u0101?<\/p>\n<p class=\"d-none d-md-block\">Iez\u012bm\u0113jiet tekstu un spiediet Ctrl+Enter, lai nos\u016bt\u012btu labojamo teksta fragmentu redaktoram! Par faktu k\u013c\u016bd\u0101m l\u016bdzam zi\u0146ot e-past\u0101 <a href=\"https:\/\/www.lsm.lv\/cdn-cgi\/l\/email-protection\" class=\"__cf_email__\" data-cfemail=\"31435455505a52585b50715d425c1f5d47\" rel=\"nofollow noopener\" target=\"_blank\">[email\u00a0protected]<\/a>.<\/p>\n<p class=\"d-md-none\">Iez\u012bm\u0113jiet tekstu un spiediet uz Zi\u0146ot par k\u013c\u016bdu pogas, lai nos\u016bt\u012btu labojamo teksta fragmentu redaktoram!<\/p>\n<p>\n                    Zi\u0146ot par k\u013c\u016bdu\n                <\/p>\n","protected":false},"excerpt":{"rendered":"Piektdien Latvij\u0101 gaid\u0101ms sp\u0113c\u012bgs v\u0113j\u0161, liecina prognozes. Zieme\u013caustrumu v\u0113ja pastiprin\u0101\u0161an\u0101s s\u0101ksies jau nakt\u012b, bet dien\u0101 tas br\u0101zm\u0101s sasniegs&hellip;\n","protected":false},"author":2,"featured_media":98811,"comment_status":"","ping_status":"","sticky":false,"template":"","format":"standard","meta":{"footnotes":""},"categories":[5],"tags":[23,28,29,32,33,22,30,31,35,39,38,36,37,34,40,20,26,27,24,25,21],"class_list":{"0":"post-98810","1":"post","2":"type-post","3":"status-publish","4":"format-standard","5":"has-post-thumbnail","7":"category-aktualitates","8":"tag-aktualitates","9":"tag-breaking-news","10":"tag-breakingnews","11":"tag-featured-news","12":"tag-featurednews","13":"tag-headlines","14":"tag-latest-news","15":"tag-latestnews","16":"tag-latvia","17":"tag-latvian","18":"tag-latviesu","19":"tag-latviesu-valoda","20":"tag-latviesuvaloda","21":"tag-latvija","22":"tag-lv","23":"tag-news","24":"tag-popularakas-zinas","25":"tag-popularakaszinas","26":"tag-top-stories","27":"tag-topstories","28":"tag-zinas"},"share_on_mastodon":{"url":"https:\/\/pubeurope.com\/@lv\/115863257232243149","error":""},"_links":{"self":[{"href":"https:\/\/www.europesays.com\/lv\/wp-json\/wp\/v2\/posts\/98810","targetHints":{"allow":["GET"]}}],"collection":[{"href":"https:\/\/www.europesays.com\/lv\/wp-json\/wp\/v2\/posts"}],"about":[{"href":"https:\/\/www.europesays.com\/lv\/wp-json\/wp\/v2\/types\/post"}],"author":[{"embeddable":true,"href":"https:\/\/www.europesays.com\/lv\/wp-json\/wp\/v2\/users\/2"}],"replies":[{"embeddable":true,"href":"https:\/\/www.europesays.com\/lv\/wp-json\/wp\/v2\/comments?post=98810"}],"version-history":[{"count":0,"href":"https:\/\/www.europesays.com\/lv\/wp-json\/wp\/v2\/posts\/98810\/revisions"}],"wp:featuredmedia":[{"embeddable":true,"href":"https:\/\/www.europesays.com\/lv\/wp-json\/wp\/v2\/media\/98811"}],"wp:attachment":[{"href":"https:\/\/www.europesays.com\/lv\/wp-json\/wp\/v2\/media?parent=98810"}],"wp:term":[{"taxonomy":"category","embeddable":true,"href":"https:\/\/www.europesays.com\/lv\/wp-json\/wp\/v2\/categories?post=98810"},{"taxonomy":"post_tag","embeddable":true,"href":"https:\/\/www.europesays.com\/lv\/wp-json\/wp\/v2\/tags?post=98810"}],"curies":[{"name":"wp","href":"https:\/\/api.w.org\/{rel}","templated":true}]}}