{"id":98816,"date":"2026-01-09T04:42:06","date_gmt":"2026-01-09T04:42:06","guid":{"rendered":"https:\/\/www.europesays.com\/lv\/98816\/"},"modified":"2026-01-09T04:42:06","modified_gmt":"2026-01-09T04:42:06","slug":"ostapenko-sei-parspej-kicenoku-un-kicenoku-sasniedzot-brisbenas-finalu-teniss-sportacentrs-com","status":"publish","type":"post","link":"https:\/\/www.europesays.com\/lv\/98816\/","title":{"rendered":"Ostapenko\/\u0160ei p\u0101rsp\u0113j Ki\u010denoku un Ki\u010denoku, sasniedzot Brisbenas fin\u0101lu \u2013 Teniss \u2013 Sportacentrs.com"},"content":{"rendered":"<p>\u2022 K\u0101 zin\u0101ms, A\u013cona un Ludmila daudz sp\u0113l\u0113ju\u0161as kop\u0101, tostarp izc\u012bn\u012bja <a href=\"https:\/\/sportacentrs.com\/teniss\/us_open\/06092024-ostapenko_kicenoka_pirmoreiz_izcina_grand\" target=\"_blank\" rel=\"nofollow noopener\">2024. gada &#8220;US Open&#8221;<\/a> titulu.<\/p>\n<p>\u2022 Pirms sp\u0113les Ki\u010denoku dzimt\u0101 pils\u0113ta D\u0146ipro palika bez elektr\u012bbas (agresorvalsts uzbrukumu d\u0113\u013c).<\/p>\n<p>\u2192 \u0160onakt starta geims nosl\u0113dz\u0101s ar Ki\u010denokas dubultk\u013c\u016bdu, savuk\u0101rt piektaj\u0101 geim\u0101 \u0160ei guva p\u0113d\u0113jos divus punktus (4:1), izc\u012bnot jau divu breiku p\u0101rsvaru. Pirmaj\u0101 set\u0101 uzvara ar 6:2.<\/p>\n<p>\u2022 Sp\u0113les laik\u0101 bija 28 gr\u0101di.<\/p>\n<p>\u2192 \u2192 N\u0101kam\u0101 seta piektaj\u0101 geim\u0101 Latvijas-Taiv\u0101nas tand\u0113ms uzvar\u0113ja vis\u0101s epizod\u0113s pie Ki\u010denokas serves (3:2). \u0160ei geima iz\u0161\u0137iro\u0161aj\u0101 izsp\u0113l\u0113 Ki\u010denoka triumf\u0113ja pie t\u012bkla &#8211; 4:4. Dev\u012btaj\u0101 geim\u0101 Ostapenko fini\u0161\u0113ja ar neatvair\u0101mu raid\u012bjumu (5:4), bet nosl\u0113gum\u0101 aizserv\u0113ja l\u012bdz 6:4.<\/p>\n<p>\u2022 \u0160aj\u0101 ma\u010d\u0101 uzvar\u0113t\u0101jas bija p\u0101r\u0101kas punktos p\u0113c pirm\u0101s serves (61% pret 58), punktos p\u0113c otr\u0101s serves (&#8216;79% pret 39), summ\u0101rajos punktos (61:39) un breikbumbas &#8211; 4\/11 pret 1\/1. Eisu un dubultk\u013c\u016bdu attiec\u012bba: 3-1 pret 0-4.<\/p>\n<p>\u2022 Brisben\u0101 vice\u010dempion\u0113m pien\u0101kas 54 030 ASV dol\u0101ru naudas balva un 195 punkti rangam, savuk\u0101rt \u010dempione nopeln\u012bs attiec\u012bgi 85 530 un 500.<\/p>\n<p>\u2022 Fin\u0101l\u0101 pret\u012b st\u0101sies Austr\u0101lijas-Sp\u0101nijas p\u0101rst\u0101ves Elena Peresa un Kistina Buksa (austr\u0101lieti tagad tren\u0113 speci\u0101lists, kur\u0161 iepriek\u0161 14 gadus str\u0101d\u0101ja ar \u0160ei).<\/p>\n<p>\u2022 K\u0101 jau zi\u0146ots, aizvad\u012btaj\u0101 sezon\u0101 Latvijas-Taiv\u0101nas tand\u0113ms A\u013cona Ostapenko un Suvei \u0160ei c\u012bn\u012bj\u0101s ar\u012b divos &#8220;Grand Slam&#8221; fin\u0101los un sp\u0113l\u0113ja WTA fin\u0101lturn\u012bra pusfin\u0101l\u0101.<\/p>\n<p>Izmantotie resursi:<br \/>wtatennis.com<\/p>\n","protected":false},"excerpt":{"rendered":"\u2022 K\u0101 zin\u0101ms, A\u013cona un Ludmila daudz sp\u0113l\u0113ju\u0161as kop\u0101, tostarp izc\u012bn\u012bja 2024. gada &#8220;US Open&#8221; titulu. \u2022 Pirms&hellip;\n","protected":false},"author":2,"featured_media":98817,"comment_status":"","ping_status":"","sticky":false,"template":"","format":"standard","meta":{"footnotes":""},"categories":[17],"tags":[35,39,38,36,37,34,40,67,683],"class_list":{"0":"post-98816","1":"post","2":"type-post","3":"status-publish","4":"format-standard","5":"has-post-thumbnail","7":"category-sports","8":"tag-latvia","9":"tag-latvian","10":"tag-latviesu","11":"tag-latviesu-valoda","12":"tag-latviesuvaloda","13":"tag-latvija","14":"tag-lv","15":"tag-sports","16":"tag-teniss"},"share_on_mastodon":{"url":"https:\/\/pubeurope.com\/@lv\/115863312320196673","error":""},"_links":{"self":[{"href":"https:\/\/www.europesays.com\/lv\/wp-json\/wp\/v2\/posts\/98816","targetHints":{"allow":["GET"]}}],"collection":[{"href":"https:\/\/www.europesays.com\/lv\/wp-json\/wp\/v2\/posts"}],"about":[{"href":"https:\/\/www.europesays.com\/lv\/wp-json\/wp\/v2\/types\/post"}],"author":[{"embeddable":true,"href":"https:\/\/www.europesays.com\/lv\/wp-json\/wp\/v2\/users\/2"}],"replies":[{"embeddable":true,"href":"https:\/\/www.europesays.com\/lv\/wp-json\/wp\/v2\/comments?post=98816"}],"version-history":[{"count":0,"href":"https:\/\/www.europesays.com\/lv\/wp-json\/wp\/v2\/posts\/98816\/revisions"}],"wp:featuredmedia":[{"embeddable":true,"href":"https:\/\/www.europesays.com\/lv\/wp-json\/wp\/v2\/media\/98817"}],"wp:attachment":[{"href":"https:\/\/www.europesays.com\/lv\/wp-json\/wp\/v2\/media?parent=98816"}],"wp:term":[{"taxonomy":"category","embeddable":true,"href":"https:\/\/www.europesays.com\/lv\/wp-json\/wp\/v2\/categories?post=98816"},{"taxonomy":"post_tag","embeddable":true,"href":"https:\/\/www.europesays.com\/lv\/wp-json\/wp\/v2\/tags?post=98816"}],"curies":[{"name":"wp","href":"https:\/\/api.w.org\/{rel}","templated":true}]}}