{"id":98832,"date":"2026-01-09T05:08:07","date_gmt":"2026-01-09T05:08:07","guid":{"rendered":"https:\/\/www.europesays.com\/lv\/98832\/"},"modified":"2026-01-09T05:08:07","modified_gmt":"2026-01-09T05:08:07","slug":"krievu-armija-terorize-ukrainu-masveida-nakts-uzbrukumos-ir-vairaki-nogalinatie","status":"publish","type":"post","link":"https:\/\/www.europesays.com\/lv\/98832\/","title":{"rendered":"Krievu armija teroriz\u0113 Ukrainu \u2013 masveida nakts uzbrukumos ir vair\u0101ki nogalin\u0101tie"},"content":{"rendered":"<p>Uzbrukumi sk\u0101ru\u0161i ar\u012b Rietumu pils\u0113tu \u013bvivu, kur, visticam\u0101k, ar \u201cOre\u0161\u0146ik\u201d ra\u0137eti tr\u0101p\u012bts pa kritisk\u0101s infrastrukt\u016bras objektu.<\/p>\n<p>Gaisa trauksme skan\u0113ja daudzviet Ukrain\u0101 un \u0161\u012bs valsts pretgaisa aizsardz\u012bba darboj\u0101s visu nakti. Krievijai, turpinot ziemas triecienus pa ener\u0123\u0113tikas sist\u0113m\u0101m, daudzi Ukrainas re\u0123ioni \u0161ajos aukstajos ziemas apst\u0101k\u013cos, kad tiek sol\u012bts sals ar\u012b sasniedzot m\u012bnus -20 gr\u0101du atz\u012bmi, ir atst\u0101ju\u0161i cilv\u0113kus bez apkures, \u016bdens un elektr\u012bbas.<\/p>\n<p>Video: Krievu okupanti nogalina, izvaro, izn\u012bcina un zog \u2013 <a href=\"https:\/\/tv3.lv\/zinas\/arvalstis\/krievu-okupanti-nogalina-izvaro-iznicina-un-zog-ukrainas-karavirs-tv3-uzsver-ka-donbasu-neatdos\/\" rel=\"nofollow noopener\" target=\"_blank\">Ukrainas karav\u012brs TV3 uzsver, ka Donbasu neatdos<\/a><\/p>\n<p>ASV v\u0113stniec\u012bba Kijiv\u0101 ceturtdien br\u012bdin\u0101ja, ka \u201cpotenci\u0101li noz\u012bm\u012bgs gaisa uzbrukums\u201d var notikt jebkur\u0101 laik\u0101 tuv\u0101kaj\u0101s dien\u0101s. Par to br\u012bdin\u0101ja ar\u012b Ukrainas prezidents Volodimirs Zelenskis sav\u0101 vakara uzrun\u0101.<\/p>\n<p>Da\u017eas stundas pirms \u0161\u012b uzbrukuma Krievija ceturtdien kritiz\u0113ja pl\u0101nu par Eiropas miera uztur\u0113t\u0101ju disloc\u0113\u0161anu Ukrain\u0101 un nosauca Kijivu ar sabiedrotajiem par \u201ckara asi\u201d.<\/p>\n<p class=\"tv3-fw-500\">Zi\u0146o par k\u013c\u016bdu rakst\u0101<\/p>\n<p class=\"d-md-block d-none\">Iez\u012bm\u0113 k\u013c\u016bdaino tekstu un spied Ctrl+Enter.<\/p>\n<p class=\"d-md-none d-block\">Iez\u012bm\u0113 k\u013c\u016bdaino tekstu un zi\u0146o par to!<\/p>\n","protected":false},"excerpt":{"rendered":"Uzbrukumi sk\u0101ru\u0161i ar\u012b Rietumu pils\u0113tu \u013bvivu, kur, visticam\u0101k, ar \u201cOre\u0161\u0146ik\u201d ra\u0137eti tr\u0101p\u012bts pa kritisk\u0101s infrastrukt\u016bras objektu. Gaisa trauksme&hellip;\n","protected":false},"author":2,"featured_media":98833,"comment_status":"","ping_status":"","sticky":false,"template":"","format":"standard","meta":{"footnotes":""},"categories":[14],"tags":[23,57,28,29,32,33,22,24239,30,31,35,39,38,36,37,34,40,20,26,27,24,25,54,55,56,21,58],"class_list":{"0":"post-98832","1":"post","2":"type-post","3":"status-publish","4":"format-standard","5":"has-post-thumbnail","7":"category-zinas-no-arvalstim","8":"tag-aktualitates","9":"tag-arvalstim","10":"tag-breaking-news","11":"tag-breakingnews","12":"tag-featured-news","13":"tag-featurednews","14":"tag-headlines","15":"tag-kars-ukrainakijiva","16":"tag-latest-news","17":"tag-latestnews","18":"tag-latvia","19":"tag-latvian","20":"tag-latviesu","21":"tag-latviesu-valoda","22":"tag-latviesuvaloda","23":"tag-latvija","24":"tag-lv","25":"tag-news","26":"tag-popularakas-zinas","27":"tag-popularakaszinas","28":"tag-top-stories","29":"tag-topstories","30":"tag-world","31":"tag-world-news","32":"tag-worldnews","33":"tag-zinas","34":"tag-zinas-no-arvalstim"},"share_on_mastodon":{"url":"https:\/\/pubeurope.com\/@lv\/115863414583724561","error":""},"_links":{"self":[{"href":"https:\/\/www.europesays.com\/lv\/wp-json\/wp\/v2\/posts\/98832","targetHints":{"allow":["GET"]}}],"collection":[{"href":"https:\/\/www.europesays.com\/lv\/wp-json\/wp\/v2\/posts"}],"about":[{"href":"https:\/\/www.europesays.com\/lv\/wp-json\/wp\/v2\/types\/post"}],"author":[{"embeddable":true,"href":"https:\/\/www.europesays.com\/lv\/wp-json\/wp\/v2\/users\/2"}],"replies":[{"embeddable":true,"href":"https:\/\/www.europesays.com\/lv\/wp-json\/wp\/v2\/comments?post=98832"}],"version-history":[{"count":0,"href":"https:\/\/www.europesays.com\/lv\/wp-json\/wp\/v2\/posts\/98832\/revisions"}],"wp:featuredmedia":[{"embeddable":true,"href":"https:\/\/www.europesays.com\/lv\/wp-json\/wp\/v2\/media\/98833"}],"wp:attachment":[{"href":"https:\/\/www.europesays.com\/lv\/wp-json\/wp\/v2\/media?parent=98832"}],"wp:term":[{"taxonomy":"category","embeddable":true,"href":"https:\/\/www.europesays.com\/lv\/wp-json\/wp\/v2\/categories?post=98832"},{"taxonomy":"post_tag","embeddable":true,"href":"https:\/\/www.europesays.com\/lv\/wp-json\/wp\/v2\/tags?post=98832"}],"curies":[{"name":"wp","href":"https:\/\/api.w.org\/{rel}","templated":true}]}}