{"id":98840,"date":"2026-01-09T05:14:07","date_gmt":"2026-01-09T05:14:07","guid":{"rendered":"https:\/\/www.europesays.com\/lv\/98840\/"},"modified":"2026-01-09T05:14:07","modified_gmt":"2026-01-09T05:14:07","slug":"francija-balsos-pret-es-un-mercosur-noligumu-pazino-makrons","status":"publish","type":"post","link":"https:\/\/www.europesays.com\/lv\/98840\/","title":{"rendered":"Francija balsos pret ES un &#8220;Mercosur&#8221; nol\u012bgumu, pazi\u0146o Makrons"},"content":{"rendered":"<p><a rel=\"noopener nofollow\" target=\"_blank\" href=\"https:\/\/www.delfi.lv\/temas\/36204770\/francija\" tag-id=\"36204770\">Francijas<\/a> prezidents <a rel=\"noopener nofollow\" target=\"_blank\" href=\"https:\/\/www.delfi.lv\/temas\/48587205\/emanuels-makrons\" tag-id=\"48587205\">Emanuels Makrons<\/a> ceturtdien pazi\u0146oja, ka vi\u0146a valsts balsos pret Eiropas Savien\u012bbas (ES) un vair\u0101ku Dienvidamerikas valstu kop\u0113j\u0101 tirgus &#8220;Mercosur&#8221; br\u012bv\u0101s tirdzniec\u012bbas nol\u012bgumu, p\u0113c lauksaimnieku protestiem Par\u012bz\u0113 pret \u0161o nol\u012bgumu.<\/p>\n<p>&#8220;Francija balsos pret nol\u012bguma parakst\u012b\u0161anu,&#8221; Makrons rakst\u012bja platform\u0101 &#8220;X&#8221; dienu pirms tam, kad bloka dal\u012bbvalstis balsos par vai pret 25 gadus gatavoto l\u012bgumu starp ES un Braz\u012bliju, Argent\u012bnu, Urugvaju un Paragvaju.<\/p>\n<p>Ar \u0161o nol\u012bgumu tiktu izveidota viena no pasaul\u0113 liel\u0101kaj\u0101m br\u012bv\u0101s tirdzniec\u012bbas zon\u0101m, un tas \u013cautu ES eksport\u0113t vair\u0101k automa\u0161\u012bnu, tehnikas un alkoholisko dz\u0113rienu uz Lat\u012b\u0146ameriku.<\/p>\n<p>Francijas lauksaimniekus uztrauc l\u0113t\u0101ku pre\u010du piepl\u016bdums no lauksaimniec\u012bbas mil\u017ea <a rel=\"noopener nofollow\" target=\"_blank\" href=\"https:\/\/www.delfi.lv\/temas\/36026822\/brazilija\" tag-id=\"36026822\">Braz\u012blijas<\/a> un t\u0101s kaimi\u0146valst\u012bm.<\/p>\n<p>Desmitiem traktoru ceturtdien ierad\u0101s Par\u012bz\u0113 un brauca caur pils\u0113tu, da\u017eiem apst\u0101joties pie Eife\u013ca tor\u0146a vai Triumfa arkas, l\u012bdz s\u0101k\u0101s lauksaimnieku protests pie parlamenta apak\u0161pal\u0101tas \u0113kas. Uz viena no traktoriem bija uzraksts &#8220;N\u0113 &#8220;Mercosur&#8221;&#8221;.<\/p>\n<p>Pl\u0101ni parakst\u012bt \u0161o nol\u012bgumu decembr\u012b Braz\u012blij\u0101 izg\u0101z\u0101s, jo It\u0101lija un Francija piepras\u012bja atlikt parakst\u012b\u0161anu sakar\u0101 ar ba\u017e\u0101m, ka tas rad\u012btu negat\u012bvas sekas lauksaimniec\u012bbas sektoram. ES atlika nol\u012bguma parakst\u012b\u0161anu l\u012bdz janv\u0101rim.<\/p>\n<p>Makrons sac\u012bja, ka ES pan\u0101kusi &#8220;nenoliedzamu progresu&#8221; nol\u012bguma deta\u013cu izstr\u0101d\u0113, tom\u0113r Francija balsos pret p\u0113c \u0161\u012b nol\u012bguma &#8220;vienpr\u0101t\u012bgas politiskas noraid\u012b\u0161anas&#8221; parlament\u0101.<\/p>\n<p>Ir gaid\u0101ms, ka piektdien nol\u012bguma gal\u012bgo tekstu atbalst\u012bs vairums ES dal\u012bbvalstu, nodro\u0161inot ofici\u0101lu parakst\u012b\u0161anu n\u0101kamned\u0113\u013c.<\/p>\n<p>&#8220;Parakst\u012b\u0161anas stadija nenoz\u012bm\u0113 st\u0101sta beigas,&#8221; sac\u012bja Makrons. &#8220;Es turpin\u0101\u0161u c\u012bn\u012bties, lai tiktu piln\u012bgi un konkr\u0113ti \u012bstenotas saist\u012bbas, kas pan\u0101ktas no Eiropas Komisijas, un lai aizsarg\u0101tu m\u016bsu lauksaimniekus.&#8221;<\/p>\n<p>Arodbiedr\u012bbas ir aicin\u0101ju\u0161as r\u012bkot jaunus protestus 20. janv\u0101r\u012b pie ES Parlamenta \u0113kas Strasb\u016br\u0101, ja \u0161is nol\u012bgums tiks parakst\u012bts.<\/p>\n<p>Iek\u0161lietu ministrija ceturtdien pazi\u0146oja, ka Par\u012bzes re\u0123ion\u0101 iebrauku\u0161i 100 traktoru, bet &#8220;liel\u0101k\u0101 da\u013ca ir blo\u0137\u0113ti pie galvaspils\u0113tas v\u0101rtiem&#8221;. Ministrija v\u0113l\u0101k pazi\u0146oja par 670 protest\u0113t\u0101jiem Par\u012bz\u0113.<\/p>\n<p>Cit\u0101 protest\u0101 pie Bordo pils\u0113tas apm\u0113ram 40 lauksaimniec\u012bbas automa\u0161\u012bnas blo\u0137\u0113ja piek\u013cuvi degvielas noliktavai.<\/p>\n<p>Masu protestus pret \u0161o nol\u012bgumu r\u012bkoju\u0161i ar\u012b Be\u013c\u0123ijas lauksaimnieki. Decembr\u012b Brisel\u0113 iebrauca apm\u0113ram 1000 traktoru, no kuriem da\u017ei bija no Francijas.<\/p>\n<p>Ar\u012b \u012arija ceturtdien pazi\u0146oja, ka balsos pret \u0161o nol\u012bgumu.<\/p>\n<p>Tom\u0113r to stingri atbalsta V\u0101cija un Sp\u0101nija, uzskatot, ka tas dos v\u0113lamu stimulu nozar\u0113m, kuras negat\u012bvi ietekm\u0113 \u0136\u012bnas konkurence un ASV muitas tarifi.<\/p>\n<p>It\u0101lija tre\u0161dien apsveica nol\u012bguma lab\u0101s puses, un t\u0101s \u0101rlietu ministrs Antonio Taj\u0101ni sac\u012bja, ka \u0161\u012b valsts &#8220;vienm\u0113r atbalst\u012bjusi \u0161\u012bs vieno\u0161an\u0101s nosl\u0113g\u0161anu&#8221;.<\/p>\n<p class=\"m-0\">Seko &#8220;Delfi&#8221; ar\u012b  <a target=\"_blank\" href=\"https:\/\/www.instagram.com\/delfi.lv\/\" rel=\"nofollow noopener\">Instagram<\/a>  un <a target=\"_blank\" href=\"https:\/\/www.youtube.com\/channel\/UCw5foWtcJvAbUm64rv7jwUQ\" rel=\"nofollow noopener\">YouTube<\/a>  profil\u0101 \u2013 pievienojies, lai uzzin\u0101tu svar\u012bg\u0101ko un interesant\u0101ko pirmais!<\/p>\n<p>Publik\u0101cijas saturs vai t\u0101s jebk\u0101da apjoma da\u013ca ir aizsarg\u0101ts autorties\u012bbu objekts Autorties\u012bbu likuma izpratn\u0113, un t\u0101 izmanto\u0161ana bez izdev\u0113ja at\u013caujas ir aizliegta. Vair\u0101k lasi  <a target=\"_blank\" href=\"https:\/\/www.delfi.lv\/noteikumi#autortiesibas\" rel=\"nofollow noopener\">\u0161eit<\/a><script async src=\"\/\/www.instagram.com\/embed.js\"><\/script><\/p>\n","protected":false},"excerpt":{"rendered":"Francijas prezidents Emanuels Makrons ceturtdien pazi\u0146oja, ka vi\u0146a valsts balsos pret Eiropas Savien\u012bbas (ES) un vair\u0101ku Dienvidamerikas valstu&hellip;\n","protected":false},"author":2,"featured_media":98841,"comment_status":"","ping_status":"","sticky":false,"template":"","format":"standard","meta":{"footnotes":""},"categories":[14],"tags":[23,9666,57,1408,28,29,1310,32,33,1309,22,30,31,35,39,38,36,37,34,40,20,26,27,24,25,20644,54,55,56,21,58],"class_list":{"0":"post-98840","1":"post","2":"type-post","3":"status-publish","4":"format-standard","5":"has-post-thumbnail","7":"category-zinas-no-arvalstim","8":"tag-aktualitates","9":"tag-argentina","10":"tag-arvalstim","11":"tag-brazilija","12":"tag-breaking-news","13":"tag-breakingnews","14":"tag-emanuels-makrons","15":"tag-featured-news","16":"tag-featurednews","17":"tag-francija","18":"tag-headlines","19":"tag-latest-news","20":"tag-latestnews","21":"tag-latvia","22":"tag-latvian","23":"tag-latviesu","24":"tag-latviesu-valoda","25":"tag-latviesuvaloda","26":"tag-latvija","27":"tag-lv","28":"tag-news","29":"tag-popularakas-zinas","30":"tag-popularakaszinas","31":"tag-top-stories","32":"tag-topstories","33":"tag-urugvaja","34":"tag-world","35":"tag-world-news","36":"tag-worldnews","37":"tag-zinas","38":"tag-zinas-no-arvalstim"},"share_on_mastodon":{"url":"https:\/\/pubeurope.com\/@lv\/115863438107698444","error":""},"_links":{"self":[{"href":"https:\/\/www.europesays.com\/lv\/wp-json\/wp\/v2\/posts\/98840","targetHints":{"allow":["GET"]}}],"collection":[{"href":"https:\/\/www.europesays.com\/lv\/wp-json\/wp\/v2\/posts"}],"about":[{"href":"https:\/\/www.europesays.com\/lv\/wp-json\/wp\/v2\/types\/post"}],"author":[{"embeddable":true,"href":"https:\/\/www.europesays.com\/lv\/wp-json\/wp\/v2\/users\/2"}],"replies":[{"embeddable":true,"href":"https:\/\/www.europesays.com\/lv\/wp-json\/wp\/v2\/comments?post=98840"}],"version-history":[{"count":0,"href":"https:\/\/www.europesays.com\/lv\/wp-json\/wp\/v2\/posts\/98840\/revisions"}],"wp:featuredmedia":[{"embeddable":true,"href":"https:\/\/www.europesays.com\/lv\/wp-json\/wp\/v2\/media\/98841"}],"wp:attachment":[{"href":"https:\/\/www.europesays.com\/lv\/wp-json\/wp\/v2\/media?parent=98840"}],"wp:term":[{"taxonomy":"category","embeddable":true,"href":"https:\/\/www.europesays.com\/lv\/wp-json\/wp\/v2\/categories?post=98840"},{"taxonomy":"post_tag","embeddable":true,"href":"https:\/\/www.europesays.com\/lv\/wp-json\/wp\/v2\/tags?post=98840"}],"curies":[{"name":"wp","href":"https:\/\/api.w.org\/{rel}","templated":true}]}}