{"id":98846,"date":"2026-01-09T05:20:13","date_gmt":"2026-01-09T05:20:13","guid":{"rendered":"https:\/\/www.europesays.com\/lv\/98846\/"},"modified":"2026-01-09T05:20:13","modified_gmt":"2026-01-09T05:20:13","slug":"vilna-kampana-piesaistijusi-9700-iedzivotaju-deklaresanos-pilseta-dienas-bizness","status":"publish","type":"post","link":"https:\/\/www.europesays.com\/lv\/98846\/","title":{"rendered":"Vi\u013c\u0146a kampa\u0146\u0101 piesaist\u012bjusi 9700 iedz\u012bvot\u0101ju deklar\u0113\u0161anos pils\u0113t\u0101 :: Dienas Bizness"},"content":{"rendered":"<p class=\"text-font font-size--text-xlarge margin-3--bottom font-weight--bold padding-1--top\">Vi\u013c\u0146as pa\u0161vald\u012bbas kampa\u0146\u0101 ap 9700 cilv\u0113ku ir deklar\u0113ju\u0161i savu dz\u012bvesvietu Lietuvas galvaspils\u0113t\u0101, kas pils\u0113tas bud\u017eetu n\u0101kamgad papildin\u0101s ar vair\u0101k nek\u0101 12,5 miljoniem eiro, pazi\u0146oja Vi\u013c\u0146as m\u0113rs Valds Benkunsks.<\/p>\n<p class=\"text-font font-size--text-xlarge margin-3--bottom\">M\u0113rs teica, ka no septembra beig\u0101m l\u012bdz 1. janv\u0101rim pils\u0113t\u0101 dz\u012bvesvietu deklar\u0113ju\u0161i vair\u0101k nek\u0101 10 000 cilv\u0113ku sal\u012bdzin\u0101jum\u0101 ar ap 600 cilv\u0113ku pirms kampa\u0146as &#8220;K\u013c\u016bsti par Vi\u013c\u0146as iedz\u012bvot\u0101ju&#8221;.<\/p>\n<p class=\"text-font font-size--text-xlarge margin-3--bottom\">26. septembr\u012b s\u0101kt\u0101s kampa\u0146as m\u0113r\u0137is bija mudin\u0101t cilv\u0113kus, kas dz\u012bvo Vi\u013c\u0146\u0101, bet ien\u0101kuma nodokli maks\u0101 cit\u0101 pa\u0161vald\u012bb\u0101, ofici\u0101li deklar\u0113t savu dz\u012bvesvietu Lietuvas galvaspils\u0113t\u0101.<\/p>\n<p class=\"text-font font-size--text-xlarge margin-3--bottom\">Katrs Vi\u013c\u0146as iedz\u012bvot\u0101js vid\u0113ji gad\u0101 pils\u0113tas bud\u017eet\u0101 iemaks\u0101 ap 1300 eiro, sac\u012bja Benkunsks.<\/p>\n<p class=\"text-font font-size--text-xlarge margin-3--bottom\">&#8220;N\u0101kamgad \u0161\u012bs deklar\u0101cijas pils\u0113tas bud\u017eet\u0101 ienes\u012bs vair\u0101k nek\u0101 12,5 miljonus eiro,&#8221; teica m\u0113rs.<\/p>\n<p class=\"text-font font-size--text-xlarge margin-3--bottom\">Vi\u0146\u0161 nor\u0101d\u012bja, ka pils\u0113t\u0101 var\u0113tu b\u016bt l\u012bdz pat 100 000 iedz\u012bvot\u0101ju, kuri v\u0113l nav ofici\u0101li deklar\u0113ju\u0161i savu dz\u012bvesvietu.<\/p>\n<p class=\"text-font font-size--text-xlarge margin-3--bottom\">K\u0101 kl\u0101st\u012bja Benkunsks, tie, kuri re\u0123istr\u0113j\u0101s Vi\u013c\u0146\u0101 pirms 1. janv\u0101ra un pieteic\u0101s stimulu sa\u0146em\u0161anai, dr\u012bz sa\u0146ems d\u0101vanu pakas. Turkl\u0101t 2027. un 2028. gad\u0101 iedz\u012bvot\u0101ji var\u0113s piepras\u012bt da\u013c\u0113ju ikgad\u0113jo ien\u0101kuma nodok\u013ca atmaksu l\u012bdz 500 eiro apm\u0113r\u0101.<\/p>\n<p class=\"text-font font-size--text-xlarge margin-3--bottom\">Benkunsks ar\u012b aicin\u0101ja vald\u012bbu p\u0101rskat\u012bt to, ko vi\u0146\u0161 raksturoja k\u0101 netaisn\u012bgu un novecoju\u0161u sist\u0113mu, kas neatspogu\u013co, kur cilv\u0113ki faktiski dz\u012bvo, mudinot veikt reformas, lai ien\u0101kuma nodok\u013ca sadale lab\u0101k atbilstu iedz\u012bvot\u0101ju faktiskajai atra\u0161an\u0101s vietai.<\/p>\n<p class=\"text-font font-size--text-xlarge margin-3--bottom\">Stimulu komplekts ir pieejams tiem, kas deklar\u0113 savu dz\u012bvesvietu Vi\u013c\u0146as pils\u0113t\u0101 un kuri pirms tam vismaz divus gadus nav biju\u0161i deklar\u0113ti \u0161aj\u0101 pa\u0161vald\u012bb\u0101. KompLekt\u0101 ir maks\u0101jums pirmos divus gadus p\u0113c deklar\u0113\u0161an\u0101s 50% apm\u0113r\u0101 no samaks\u0101t\u0101 iedz\u012bvot\u0101ju ien\u0101kuma nodok\u013ca, nep\u0101rsniedzot 500 eiro, k\u0101 ar\u012b atlaides kopbrauk\u0161anas platform\u0101s, vesel\u012bbas pakalpojumiem un bi\u013cetes uz kino vai sporta pas\u0101kumiem.<\/p>\n<p class=\"text-font font-size--text-xlarge margin-3--bottom\">Lietuvas Re\u0123istru centra dati liecina, ka ofici\u0101li dz\u012bvesvietu Lietuvas galvaspils\u0113t\u0101 ir deklar\u0113ju\u0161i 642 700 cilv\u0113ku.<\/p>\n","protected":false},"excerpt":{"rendered":"Vi\u013c\u0146as pa\u0161vald\u012bbas kampa\u0146\u0101 ap 9700 cilv\u0113ku ir deklar\u0113ju\u0161i savu dz\u012bvesvietu Lietuvas galvaspils\u0113t\u0101, kas pils\u0113tas bud\u017eetu n\u0101kamgad papildin\u0101s ar&hellip;\n","protected":false},"author":2,"featured_media":98847,"comment_status":"","ping_status":"","sticky":false,"template":"","format":"standard","meta":{"footnotes":""},"categories":[14],"tags":[23,57,869,77,870,28,29,867,32,33,22,30,31,35,39,38,36,37,34,871,868,40,20,26,27,24,25,54,55,56,21,58],"class_list":{"0":"post-98846","1":"post","2":"type-post","3":"status-publish","4":"format-standard","5":"has-post-thumbnail","7":"category-zinas-no-arvalstim","8":"tag-aktualitates","9":"tag-arvalstim","10":"tag-biznesa-zinas","11":"tag-bizness","12":"tag-bizness-latvija","13":"tag-breaking-news","14":"tag-breakingnews","15":"tag-dienas-zinas","16":"tag-featured-news","17":"tag-featurednews","18":"tag-headlines","19":"tag-latest-news","20":"tag-latestnews","21":"tag-latvia","22":"tag-latvian","23":"tag-latviesu","24":"tag-latviesu-valoda","25":"tag-latviesuvaloda","26":"tag-latvija","27":"tag-latvijas-biznesa-zinas","28":"tag-latvijas-zinas","29":"tag-lv","30":"tag-news","31":"tag-popularakas-zinas","32":"tag-popularakaszinas","33":"tag-top-stories","34":"tag-topstories","35":"tag-world","36":"tag-world-news","37":"tag-worldnews","38":"tag-zinas","39":"tag-zinas-no-arvalstim"},"share_on_mastodon":{"url":"","error":"Validation failed: Text character limit of 500 exceeded"},"_links":{"self":[{"href":"https:\/\/www.europesays.com\/lv\/wp-json\/wp\/v2\/posts\/98846","targetHints":{"allow":["GET"]}}],"collection":[{"href":"https:\/\/www.europesays.com\/lv\/wp-json\/wp\/v2\/posts"}],"about":[{"href":"https:\/\/www.europesays.com\/lv\/wp-json\/wp\/v2\/types\/post"}],"author":[{"embeddable":true,"href":"https:\/\/www.europesays.com\/lv\/wp-json\/wp\/v2\/users\/2"}],"replies":[{"embeddable":true,"href":"https:\/\/www.europesays.com\/lv\/wp-json\/wp\/v2\/comments?post=98846"}],"version-history":[{"count":0,"href":"https:\/\/www.europesays.com\/lv\/wp-json\/wp\/v2\/posts\/98846\/revisions"}],"wp:featuredmedia":[{"embeddable":true,"href":"https:\/\/www.europesays.com\/lv\/wp-json\/wp\/v2\/media\/98847"}],"wp:attachment":[{"href":"https:\/\/www.europesays.com\/lv\/wp-json\/wp\/v2\/media?parent=98846"}],"wp:term":[{"taxonomy":"category","embeddable":true,"href":"https:\/\/www.europesays.com\/lv\/wp-json\/wp\/v2\/categories?post=98846"},{"taxonomy":"post_tag","embeddable":true,"href":"https:\/\/www.europesays.com\/lv\/wp-json\/wp\/v2\/tags?post=98846"}],"curies":[{"name":"wp","href":"https:\/\/api.w.org\/{rel}","templated":true}]}}