{"id":98853,"date":"2026-01-09T05:26:12","date_gmt":"2026-01-09T05:26:12","guid":{"rendered":"https:\/\/www.europesays.com\/lv\/98853\/"},"modified":"2026-01-09T05:26:12","modified_gmt":"2026-01-09T05:26:12","slug":"danijas-arlietu-ministrs-aicina-asv-valsts-sekretaru-uz-tiksanos-par-grenlandi-diena","status":"publish","type":"post","link":"https:\/\/www.europesays.com\/lv\/98853\/","title":{"rendered":"D\u0101nijas \u0101rlietu ministrs aicina ASV valsts sekret\u0101ru uz tik\u0161anos par Grenlandi \/ Diena"},"content":{"rendered":"<p>\u012apa\u0161i daudz ASV pazi\u0146ojumu par iesp\u0113jamu D\u0101nijas, kas ir ASV sabiedrot\u0101 NATO, da\u013c\u0113ji autonom\u0101s teritorijas Grenlandes p\u0101r\u0146em\u0161anu izskan\u0113jis dien\u0101s p\u0113c ASV sekm\u012bgi veikt\u0101s milit\u0101r\u0101s oper\u0101cijas Venecu\u0113l\u0101, izvedot no t\u0101s prezidentu Nikolasu Maduro un vi\u0146a sievu, lai abus ties\u0101tu ASV.<\/p>\n<p>&#13;<br \/>\n&#13;<\/p>\n<p>ASV prezidents Donalds Tramps sv\u0113tdien pazi\u0146oja, ka Grenlandes p\u0101r\u0146em\u0161ana ir ASV nacion\u0101l\u0101s dro\u0161\u012bbas priorit\u0101te un t\u0101 nepiecie\u0161ama, lai nodro\u0161in\u0101tos pret Krievijas un \u0136\u012bnas aktivit\u0101t\u0113m Arktikas re\u0123ion\u0101. Pirmdien D. Trampa padomnieks St\u012bvens Millers uzsv\u0113ra, ka \u00abASV vald\u012bbas ofici\u0101l\u0101 poz\u012bcija ir, ka Grenlandei j\u0101b\u016bt ASV sast\u0101v\u0101\u00bb. Atbildot uz CNN jaut\u0101jumu, vai ASV izsl\u0113dz sp\u0113ka pielieto\u0161anu Grenlandes p\u0101r\u0146em\u0161anai, S. Millers atbild\u0113ja: \u00abNeviens nekaros ar ASV par Grenlandes n\u0101kotni.\u00bb<\/p>\n<p>&#13;<br \/>\n&#13;<\/p>\n<p>Balt\u0101 nama preses sekret\u0101re Kerolaina Levita otrdien pazi\u0146oja: \u00abPrezidents un vi\u0146a komanda apsprie\u017e vair\u0101kus variantus, k\u0101 sasniegt \u0161o svar\u012bgo \u0101rpolitikas m\u0113r\u0137i, un, protams, iesp\u0113ja izmantot ASV bru\u0146otos sp\u0113kus vienm\u0113r ir virspav\u0113lnieka r\u012bc\u012bb\u0101,\u00bb cit\u0113 Associated Press.<\/p>\n<p>&#13;<br \/>\n&#13;<\/p>\n<p>The Wall Street Journal zi\u0146o, ka M. Rubio sl\u0113gt\u0101 br\u012bfing\u0101 ASV Kongres\u0101 teicis, ka D. Trampa administr\u0101cija nepl\u0101no iebrukt Grenland\u0113, un piemin\u0113jis iesp\u0113ju nopirkt salu no D\u0101nijas.<\/p>\n<p>&#13;<br \/>\n&#13;<\/p>\n<p>Otrdien Lielbrit\u0101nijas, Francijas, V\u0101cijas, It\u0101lijas, Polijas, Sp\u0101nijas l\u012bderi pauda atbalstu D\u0101nijai, kop\u012bg\u0101 pazi\u0146ojum\u0101 nor\u0101dot, ka \u00abGrenlande pieder t\u0101s iedz\u012bvot\u0101jiem un tikai D\u0101nija un Grenlande var lemt par sav\u0101m attiec\u012bb\u0101m\u00bb. Uzsverot, ka vi\u0146i ir tikpat ieinteres\u0113ti Arktikas dro\u0161\u012bb\u0101 k\u0101 ASV, pazi\u0146ojuma parakst\u012bt\u0101ji paudu\u0161i nost\u0101ju, ka tas j\u0101pan\u0101k kolekt\u012bvi sabiedrotajiem NATO, to skait\u0101 ASV. Pazi\u0146ojum\u0101 aicin\u0101ts \u00abiev\u0113rot ANO Hartas principus, to skait\u0101 suverenit\u0101ti, teritori\u0101lo integrit\u0101ti un robe\u017eu neaizskaram\u012bbu\u00bb.<\/p>\n<p>&#13;<br \/>\n&#13;<\/p>\n<p>Kan\u0101das premjerministrs Marks K\u0101rnijs ar\u012b izteicis atbalstu D\u0101nijai un Grenlandei un pazi\u0146ojis, ka n\u0101kamm\u0113nes apmekl\u0113s Grenlandi kop\u0101 ar Kan\u0101das \u0123ener\u0101lgubernatori M\u0113riju Saimoni, kura ir inu\u012btu izcelsmes.\u00a0<\/p>\n<p>&#13;<\/p>\n","protected":false},"excerpt":{"rendered":"\u012apa\u0161i daudz ASV pazi\u0146ojumu par iesp\u0113jamu D\u0101nijas, kas ir ASV sabiedrot\u0101 NATO, da\u013c\u0113ji autonom\u0101s teritorijas Grenlandes p\u0101r\u0146em\u0161anu izskan\u0113jis&hellip;\n","protected":false},"author":2,"featured_media":98854,"comment_status":"","ping_status":"","sticky":false,"template":"","format":"standard","meta":{"footnotes":""},"categories":[14],"tags":[23,57,28,29,32,33,22,30,31,35,39,38,36,37,34,40,20,26,27,24,25,54,55,56,21,58],"class_list":{"0":"post-98853","1":"post","2":"type-post","3":"status-publish","4":"format-standard","5":"has-post-thumbnail","7":"category-zinas-no-arvalstim","8":"tag-aktualitates","9":"tag-arvalstim","10":"tag-breaking-news","11":"tag-breakingnews","12":"tag-featured-news","13":"tag-featurednews","14":"tag-headlines","15":"tag-latest-news","16":"tag-latestnews","17":"tag-latvia","18":"tag-latvian","19":"tag-latviesu","20":"tag-latviesu-valoda","21":"tag-latviesuvaloda","22":"tag-latvija","23":"tag-lv","24":"tag-news","25":"tag-popularakas-zinas","26":"tag-popularakaszinas","27":"tag-top-stories","28":"tag-topstories","29":"tag-world","30":"tag-world-news","31":"tag-worldnews","32":"tag-zinas","33":"tag-zinas-no-arvalstim"},"share_on_mastodon":{"url":"https:\/\/pubeurope.com\/@lv\/115863485339872285","error":""},"_links":{"self":[{"href":"https:\/\/www.europesays.com\/lv\/wp-json\/wp\/v2\/posts\/98853","targetHints":{"allow":["GET"]}}],"collection":[{"href":"https:\/\/www.europesays.com\/lv\/wp-json\/wp\/v2\/posts"}],"about":[{"href":"https:\/\/www.europesays.com\/lv\/wp-json\/wp\/v2\/types\/post"}],"author":[{"embeddable":true,"href":"https:\/\/www.europesays.com\/lv\/wp-json\/wp\/v2\/users\/2"}],"replies":[{"embeddable":true,"href":"https:\/\/www.europesays.com\/lv\/wp-json\/wp\/v2\/comments?post=98853"}],"version-history":[{"count":0,"href":"https:\/\/www.europesays.com\/lv\/wp-json\/wp\/v2\/posts\/98853\/revisions"}],"wp:featuredmedia":[{"embeddable":true,"href":"https:\/\/www.europesays.com\/lv\/wp-json\/wp\/v2\/media\/98854"}],"wp:attachment":[{"href":"https:\/\/www.europesays.com\/lv\/wp-json\/wp\/v2\/media?parent=98853"}],"wp:term":[{"taxonomy":"category","embeddable":true,"href":"https:\/\/www.europesays.com\/lv\/wp-json\/wp\/v2\/categories?post=98853"},{"taxonomy":"post_tag","embeddable":true,"href":"https:\/\/www.europesays.com\/lv\/wp-json\/wp\/v2\/tags?post=98853"}],"curies":[{"name":"wp","href":"https:\/\/api.w.org\/{rel}","templated":true}]}}