{"id":98855,"date":"2026-01-09T05:27:08","date_gmt":"2026-01-09T05:27:08","guid":{"rendered":"https:\/\/www.europesays.com\/lv\/98855\/"},"modified":"2026-01-09T05:27:08","modified_gmt":"2026-01-09T05:27:08","slug":"man-nav-nepieciesams-karot-ar-melno-pr-uznemejs-broks-iepauze-savu-politisko-darbibu-1188-lv","status":"publish","type":"post","link":"https:\/\/www.europesays.com\/lv\/98855\/","title":{"rendered":"&quot;Man nav nepiecie\u0161ams karot ar melno PR.&quot; Uz\u0146\u0113m\u0113js Broks iepauz\u0113 savu politisko darb\u012bbu &#8211; 1188.lv"},"content":{"rendered":"<ol>\n<li><a href=\"https:\/\/news.google.com\/rss\/articles\/CBMitwFBVV95cUxPNC1vMWZyQ2xyN0F2VHVSQmZTbFdHbzl5YTE2NXpKZzk4czhMWHpSN2puNnktSDZGVVlHNUc5RS13bkhheDlfb05DME5tQzF4ZjdZR3VMSXJudEFJNWxyUVFJLVI2MnB1YmY4YTBDeVlhVnJKQm9HYVZUczNZcHF2TkluTURGV2ppMVdhcXhtdlEyaE1PS2FqZElTendhLVpOVTdfNHQ1Ml9nWExTU0I1VjZlX3ZIWFk?oc=5\" target=\"_blank\" rel=\"nofollow noopener\">&#8220;Man nav nepiecie\u0161ams karot ar melno PR.&#8221; Uz\u0146\u0113m\u0113js Broks iepauz\u0113 savu politisko darb\u012bbu<\/a>&nbsp;&nbsp;1188.lv<\/li>\n<li><a href=\"https:\/\/news.google.com\/rss\/articles\/CBMi3wFBVV95cUxNYVNrNzNick1oRy04cUx6cHhpejFIWWZCb1FTQ004VWtkbG80dFgyYjB5RWZFb1U2NV9BaGlid09tb0FmeEtsRWRiNWdETGFXWVhBODFJSDM4QS1CUkM2aG41YjlsVHkzOWowRE5KR1F6dVRHcHVZZDVZZFZCWi1NQUoyX1FCWk0zYTM4RENEdTBrUkNvU184MXoxRkpoRW9QbFVuSVIxX0lIMU5MRlBoanBJcFVxM2hsQlJrd21VVXgzeGFWOHdQQlp1bWJJSW1qVUh4SnJELWhGVXpTRFJZ?oc=5\" target=\"_blank\" rel=\"nofollow noopener\">Viens no biedr\u012bbas \u00abBez partij\u0101m\u00bb izveidot\u0101jiem uz\u0146\u0113m\u0113js Broks \u00abiepauz\u0113\u00bb politisko darb\u012bbu<\/a>&nbsp;&nbsp;LSM<\/li>\n<li><a href=\"https:\/\/news.google.com\/rss\/articles\/CBMipgFBVV95cUxQV0VHVlpNSlBDRFk3OE40cXdoMzhBdnoyZmk0MU1yNks0S2M3NHZZQU1kTXRxd3A1T0kxVGRVeTBXTTVyVkVYbUdlS3E4aHRTMzRSZm9zV2VGY01DbUM3MlNJLXFPNXFzR1VCWkgxRi1VeUFtX2ppQnlqWTFqbGdPLWg4UklQa2lrZ2NEMzV5amNVc29Jbms3RmNOLXdyUV9wMW5rb0V3?oc=5\" target=\"_blank\" rel=\"nofollow noopener\">Par politisk\u0101s darb\u012bbas &#8220;iepauz\u0113\u0161anu&#8221; pazi\u0146ojis &#8220;Latvijas \u012alons Masks&#8221;<\/a>&nbsp;&nbsp;Jauns.lv<\/li>\n<li><a href=\"https:\/\/news.google.com\/rss\/articles\/CBMi0AFBVV95cUxPRkNKcVVuMEZna0EwSm9naVJjbUt4OWNSWTF1blI4TXUwN2s1RkM4bVBWbFAzNUJmbU16YXpiM0Q3N3o0NmNzdS0xSl8yYXFiZW8taV9iSHNpakd6Z0JraHIzNVpTX09yUkZnVTg3VFhQMHRvRGdIMlpGTWdYTzFrMG1VbmNIMWRQekh1R0dyeGpia3E3QlFscklXZFVGT2NadXhNVTZNbW1qUGNBdVg2RXA3S1JLOXltdkl0bUdaNEQ4R2pORXpsTm1LdThpZXVB?oc=5\" target=\"_blank\" rel=\"nofollow noopener\">Lato Lapsa: k\u0101p\u0113c aug\u013cot\u0101js Broks tik \u013coti v\u0113las pa jebkur\u0101m paka\u013cdurv\u012bm iel\u012bst Latvijas politik\u0101?<\/a>&nbsp;&nbsp;Pietiek.com<\/li>\n<li><a href=\"https:\/\/news.google.com\/rss\/articles\/CBMivwFBVV95cUxNUHJJMlM3WnFhbGV5MEZEMDZnX1ZPVkVvNGN5UWhIb1B3LXRoUW9OeGFyOTg1R3ZKZHlBMUsxWG53LUN4eTEwZmd6UmJYaXYxdEY5dF9OakZoSlRyMXplNmFPUEZTSFp1TXJFV01HS3NzWmdaR3I4ZFBkUWNZNEFnTXBUWkR0NEVXZGFjbDhZc0E1c1N6YWoxamlXb1p5ZFktZU54YlZfQ2pPSTlYcWQ2X2RFSm5yQ1hUSGMtZzE0TQ?oc=5\" target=\"_blank\" rel=\"nofollow noopener\">Partiju reitingi: par Herma\u0146a kust\u012bbu &#8220;M\u0113s main\u0101m noteikumus&#8221; Saeimas v\u0113l\u0113\u0161an\u0101s balsotu 26%<\/a>&nbsp;&nbsp;NRA<\/li>\n<\/ol>\n","protected":false},"excerpt":{"rendered":"&#8220;Man nav nepiecie\u0161ams karot ar melno PR.&#8221; Uz\u0146\u0113m\u0113js Broks iepauz\u0113 savu politisko darb\u012bbu&nbsp;&nbsp;1188.lv Viens no biedr\u012bbas \u00abBez partij\u0101m\u00bb&hellip;\n","protected":false},"author":2,"featured_media":98856,"comment_status":"","ping_status":"","sticky":false,"template":"","format":"standard","meta":{"footnotes":""},"categories":[12],"tags":[129,1209,853,23,28,29,32,33,22,30,31,35,39,38,36,37,34,40,20,26,27,854,1210,855,1211,24,25,21],"class_list":{"0":"post-98855","1":"post","2":"type-post","3":"status-publish","4":"format-standard","5":"has-post-thumbnail","7":"category-latvija","8":"tag-__typenameadvicekeyword","9":"tag-id824","10":"tag-id955","11":"tag-aktualitates","12":"tag-breaking-news","13":"tag-breakingnews","14":"tag-featured-news","15":"tag-featurednews","16":"tag-headlines","17":"tag-latest-news","18":"tag-latestnews","19":"tag-latvia","20":"tag-latvian","21":"tag-latviesu","22":"tag-latviesu-valoda","23":"tag-latviesuvaloda","24":"tag-latvija","25":"tag-lv","26":"tag-news","27":"tag-popularakas-zinas","28":"tag-popularakaszinas","29":"tag-slugbizness","30":"tag-slugpolitika","31":"tag-titlebizness","32":"tag-titlepolitika","33":"tag-top-stories","34":"tag-topstories","35":"tag-zinas"},"share_on_mastodon":{"url":"https:\/\/pubeurope.com\/@lv\/115863489234925386","error":""},"_links":{"self":[{"href":"https:\/\/www.europesays.com\/lv\/wp-json\/wp\/v2\/posts\/98855","targetHints":{"allow":["GET"]}}],"collection":[{"href":"https:\/\/www.europesays.com\/lv\/wp-json\/wp\/v2\/posts"}],"about":[{"href":"https:\/\/www.europesays.com\/lv\/wp-json\/wp\/v2\/types\/post"}],"author":[{"embeddable":true,"href":"https:\/\/www.europesays.com\/lv\/wp-json\/wp\/v2\/users\/2"}],"replies":[{"embeddable":true,"href":"https:\/\/www.europesays.com\/lv\/wp-json\/wp\/v2\/comments?post=98855"}],"version-history":[{"count":0,"href":"https:\/\/www.europesays.com\/lv\/wp-json\/wp\/v2\/posts\/98855\/revisions"}],"wp:featuredmedia":[{"embeddable":true,"href":"https:\/\/www.europesays.com\/lv\/wp-json\/wp\/v2\/media\/98856"}],"wp:attachment":[{"href":"https:\/\/www.europesays.com\/lv\/wp-json\/wp\/v2\/media?parent=98855"}],"wp:term":[{"taxonomy":"category","embeddable":true,"href":"https:\/\/www.europesays.com\/lv\/wp-json\/wp\/v2\/categories?post=98855"},{"taxonomy":"post_tag","embeddable":true,"href":"https:\/\/www.europesays.com\/lv\/wp-json\/wp\/v2\/tags?post=98855"}],"curies":[{"name":"wp","href":"https:\/\/api.w.org\/{rel}","templated":true}]}}