{"id":98859,"date":"2026-01-09T05:30:08","date_gmt":"2026-01-09T05:30:08","guid":{"rendered":"https:\/\/www.europesays.com\/lv\/98859\/"},"modified":"2026-01-09T05:30:08","modified_gmt":"2026-01-09T05:30:08","slug":"kiniesu-pilots-dzou-guanju-klus-par-f1-komandas-cadillac-rezerves-pilotu-lente-lv","status":"publish","type":"post","link":"https:\/\/www.europesays.com\/lv\/98859\/","title":{"rendered":"\u0136\u012bnie\u0161u pilots D\u017eou Gua\u0146ju k\u013c\u016bs par F1 komandas &#8220;Cadillac&#8221; rezerves pilotu\u00a0\u2014\u00a0Lente.lv"},"content":{"rendered":"<p>Jauns izaicin\u0101jums debitantu rind\u0101s<\/p>\n<p>Gaid\u0101maj\u0101 Formula 1 sezon\u0101 par jaun\u0101s komandas \u201cCadillac\u201d rezerves pilotu k\u013c\u016bs \u0136\u012bnas autosportists D\u017eou Gua\u0146ju. \u0160\u0101du inform\u0101ciju pirmdien izplat\u012bjusi pati vien\u012bba, kas gatavojas savai debijai F1 \u010dempion\u0101t\u0101 2026. gad\u0101.<\/p>\n<p>D\u017eou Gua\u0146ju jau iepriek\u0161 ir bijis saist\u012bts ar Formula 1 pasauli, ie\u0146emot testa pilota lomu Renault un Alpine komand\u0101s 2020. un 2021. gad\u0101. Vi\u0146a karjera autosport\u0101 att\u012bst\u012bj\u0101s strauji \u2013 s\u0101cis ar kartingu 8 gadu vecum\u0101, vi\u0146\u0161 v\u0113l\u0101k pievienoj\u0101s Ferrari pilotu akad\u0113mijai, bet v\u0113l\u0101k ar\u012b Renault\/Alpine akad\u0113mijai. 2021. gada Formula 2 sezon\u0101 vi\u0146\u0161 ieguva 3. vietu kopv\u0113rt\u0113jum\u0101, bet 2022. gad\u0101 k\u013cuva par pirmo \u0136\u012bnas pilotu, kas start\u0113jis F1 sac\u012bkst\u0113s, p\u0101rst\u0101vot Alfa Romeo komandu. <\/p>\n<p>\u201cCadillac\u201d gatavo sp\u0113c\u012bgu sast\u0101vu<\/p>\n<p>\u201cCadillac\u201d komanda, kas F1 \u010dempion\u0101tam pievienosies 2026. gad\u0101, pl\u0101no veidot konkur\u0113tsp\u0113j\u012bgu sast\u0101vu. K\u0101 zi\u0146o mediji, galvenie piloti komand\u0101 gaid\u0101maj\u0101 sezon\u0101 b\u016bs pieredz\u0113ju\u0161ie Serhio Peress un Valteri Botass. Ar\u012b citi autosportisti, piem\u0113ram, kolumbietis Huans Pablo Montoja, ir izteiku\u0161i prognozes par potenci\u0101lajiem brauc\u0113jiem, minot ar\u012b D\u017eou Gua\u0146ju k\u0101 nopietnu kandid\u0101tu otrajai pilotu vietai, jo vi\u0146am b\u016btu priek\u0161roc\u012bbas sakar\u0101 ar \u201cFerrari\u201d dzin\u0113ju izmanto\u0161anu, ko \u201cCadillac\u201d pl\u0101no dar\u012bt pirmajos tr\u012bs sezon\u0101s.<\/p>\n<p>Pirmie so\u013ci ce\u013c\u0101 uz F1<\/p>\n<p>\u201cCadillac\u201d komanda akt\u012bvi gatavojas savai debijai, veicot da\u017e\u0101das simul\u0101cijas un testus. Viens no pirmajiem so\u013ciem bija pilna m\u0113roga &#8220;\u0113nu sac\u012bk\u0161u ned\u0113\u013cas nogales&#8221; simul\u0101cija Moncas tras\u0113, kur tika atdarin\u0101ts katrs posma elements, lai in\u017eenieri un strat\u0113\u0123i var\u0113tu iejusties F1 sacens\u012bbu vid\u0113. T\u0101pat tiek zi\u0146ots, ka \u201cFerrari\u201d komanda aizdos savu F1 auto testu vajadz\u012bb\u0101m, lai pal\u012bdz\u0113tu \u201cCadillac\u201d sagatavoties pirms pa\u0161u jaun\u0101s ma\u0161\u012bnas pabeig\u0161anas. <\/p>\n<p>Lai gan F1 debitantiem bie\u017ei vien ir gr\u016bti sevi pier\u0101d\u012bt, bijus\u012b F1 strat\u0113\u0123ijas in\u017eeniere B\u0113rnija Kolinsa uzsver, ka \u201cCadillac\u201d komandas galvenais uzdevums pirms 2026. gada sezonas ir vienk\u0101r\u0161i nodro\u0161in\u0101t, ka vi\u0146u ma\u0161\u012bna sp\u0113j sasniegt starta l\u012bniju, kas jau pats par sevi b\u016btu iev\u0113rojams sasniegums.<\/p>\n","protected":false},"excerpt":{"rendered":"Jauns izaicin\u0101jums debitantu rind\u0101s Gaid\u0101maj\u0101 Formula 1 sezon\u0101 par jaun\u0101s komandas \u201cCadillac\u201d rezerves pilotu k\u013c\u016bs \u0136\u012bnas autosportists D\u017eou&hellip;\n","protected":false},"author":2,"featured_media":98860,"comment_status":"","ping_status":"","sticky":false,"template":"","format":"standard","meta":{"footnotes":""},"categories":[17],"tags":[280,4181,24245,2467,35,39,38,36,37,34,40,23918,67],"class_list":{"0":"post-98859","1":"post","2":"type-post","3":"status-publish","4":"format-standard","5":"has-post-thumbnail","7":"category-sports","8":"tag-autosports","9":"tag-cadillac","10":"tag-dzou-guanju","11":"tag-formula-1","12":"tag-latvia","13":"tag-latvian","14":"tag-latviesu","15":"tag-latviesu-valoda","16":"tag-latviesuvaloda","17":"tag-latvija","18":"tag-lv","19":"tag-rezerves-pilots","20":"tag-sports"},"share_on_mastodon":{"url":"https:\/\/pubeurope.com\/@lv\/115863501060036330","error":""},"_links":{"self":[{"href":"https:\/\/www.europesays.com\/lv\/wp-json\/wp\/v2\/posts\/98859","targetHints":{"allow":["GET"]}}],"collection":[{"href":"https:\/\/www.europesays.com\/lv\/wp-json\/wp\/v2\/posts"}],"about":[{"href":"https:\/\/www.europesays.com\/lv\/wp-json\/wp\/v2\/types\/post"}],"author":[{"embeddable":true,"href":"https:\/\/www.europesays.com\/lv\/wp-json\/wp\/v2\/users\/2"}],"replies":[{"embeddable":true,"href":"https:\/\/www.europesays.com\/lv\/wp-json\/wp\/v2\/comments?post=98859"}],"version-history":[{"count":0,"href":"https:\/\/www.europesays.com\/lv\/wp-json\/wp\/v2\/posts\/98859\/revisions"}],"wp:featuredmedia":[{"embeddable":true,"href":"https:\/\/www.europesays.com\/lv\/wp-json\/wp\/v2\/media\/98860"}],"wp:attachment":[{"href":"https:\/\/www.europesays.com\/lv\/wp-json\/wp\/v2\/media?parent=98859"}],"wp:term":[{"taxonomy":"category","embeddable":true,"href":"https:\/\/www.europesays.com\/lv\/wp-json\/wp\/v2\/categories?post=98859"},{"taxonomy":"post_tag","embeddable":true,"href":"https:\/\/www.europesays.com\/lv\/wp-json\/wp\/v2\/tags?post=98859"}],"curies":[{"name":"wp","href":"https:\/\/api.w.org\/{rel}","templated":true}]}}