{"id":98864,"date":"2026-01-09T05:38:07","date_gmt":"2026-01-09T05:38:07","guid":{"rendered":"https:\/\/www.europesays.com\/lv\/98864\/"},"modified":"2026-01-09T05:38:07","modified_gmt":"2026-01-09T05:38:07","slug":"atklajas-krievijas-opozicionara-patiesa-seja-volkova-nicinosie-vardi-par-ukrainu-soke-lietuvu-verte-iespeju-anulet-uzturesanas-atlauju-jauns-lv","status":"publish","type":"post","link":"https:\/\/www.europesays.com\/lv\/98864\/","title":{"rendered":"Atkl\u0101jas Krievijas opozicion\u0101ra &quot;paties\u0101 seja&quot; &#8211; Volkova nicino\u0161ie v\u0101rdi par Ukrainu \u0161ok\u0113 Lietuvu; v\u0113rt\u0113 iesp\u0113ju anul\u0113t uztur\u0113\u0161an\u0101s at\u013cauju &#8211; Jauns.lv"},"content":{"rendered":"<ol>\n<li><a href=\"https:\/\/news.google.com\/rss\/articles\/CBMi-wNBVV95cUxQdnVmVldkbHdRNTFmZzE1TU9KTXdwYzBRbkREb2V2YklaZGdvR2dua0dGS3NrQkU5S05KczdhbHdndkpLYVNXRTYyQnZfUTBuakgwY1lJV0Q5T3otV2xNNnRtZGxRVW1NVDh5X3h0aTNHWFVXcjNpZEFSVjJrQ01idUNOcXhGd3lrdGt3S0lTQURDSjl5RUJnQU12ckdlOExndElaTVdqOFVrRk5CeGdhQm1lUXhIS0pxZWZ2N1UxTUdqRnZtV1NLVlVnS3k5YmVjenc1Q2ppZ3lOLWxkMUxJU2FKcWtLb1ZjblhpdHFwU2FkU3E3N0o3QmFNUG9HanZsREJCRjFRXzFlUGxsODkyQ08yeER1NnV2bjZKbGpVekZvak5XVzcyN1VGUzhJSjB3SkVWZHFxbmNXZlRNNDdRNmM4RzFFTFhpVkh3OGFFemJCSERXbWs1bjM5R3E0aExvMWxsWmtqMzRIWVlrNWxpbXM2Z29MRkx0aFhZaWtHSTZWVjAzZTZBT2FYeWVaVGZ6MVF0RlIwa3hEekFzcVFBQUZiWk81UFlJcHRzMWJsUU9LUXoxNTJYOHdVdmZMWEF2UEFDQ1hfTkZSeEVOTFZqTUxsY0NCNXVXY20tUUs1SV9zTzFGdjdqb3BVNGstRDdlNWRDbGxYSXFVX2s?oc=5\" target=\"_blank\" rel=\"nofollow noopener\">Atkl\u0101jas Krievijas opozicion\u0101ra &#8220;paties\u0101 seja&#8221; &#8211; Volkova nicino\u0161ie v\u0101rdi par Ukrainu \u0161ok\u0113 Lietuvu; v\u0113rt\u0113 iesp\u0113ju anul\u0113t uztur\u0113\u0161an\u0101s at\u013cauju<\/a>&nbsp;&nbsp;Jauns.lv<\/li>\n<li><a href=\"https:\/\/news.google.com\/rss\/articles\/CBMilAFBVV95cUxNOGFKYk00MXVTUFE2OVRzUzlzN2ZEMEJUak5wQThsM0Q5NFN6Wk9HTmpaUlpCVUZfX09KaGZ2aUFvTTd4NldEMkI0RW9mZmJidkhKRDZBaS1MQ1ZjQlZvREFwRzlXQUJza01DY3IyUWhFUTk1bUU1bnlmMHVVeHF0WnJnQjVsbFEyeERzTXhjakM0TEYx?oc=5\" target=\"_blank\" rel=\"nofollow noopener\">Volkovam nevajadz\u0113tu palikt Lietuv\u0101, uzskata Lietuvas premjere<\/a>&nbsp;&nbsp;TVNET<\/li>\n<li><a href=\"https:\/\/news.google.com\/rss\/articles\/CBMi3wFBVV95cUxOX2ROXzZ0LXBQbWN4aXBPNnBjc2xCSjNXR0lUU0dWZ01hX1hERU0wUklfLV9rZGlxRG5NTzZTWm5OQXB6aFhYQXdpS1VxTERZdHVZN0Z1UTJyNUl5RFlzR3ZxQzJQbENpeG1Ud3djdzZUNklaSjdDcjFMek1WYVNESkpBOHpHNTc4eHRvZ1lqTzlGWEpxNlhuS0tQckpuZXA2eUwtY1Y2eHBncGRBNV9WOFZfT0tUWlBwQkhJSFhVWXZaVXhuVG5KcTBVRFVoTXVtNVp1ZWN6bWRDTFNFLXNv?oc=5\" target=\"_blank\" rel=\"nofollow noopener\">Lietuv\u0101 dz\u012bvojo\u0161s Krem\u013ca opozicion\u0101rs nosauc Ukrainas aizst\u0101vjus par \u201cnacistiem\u201d \u2013 tagad vi\u0146am draud izraid\u012b\u0161ana<\/a>&nbsp;&nbsp;tv3.lv<\/li>\n<li><a href=\"https:\/\/news.google.com\/rss\/articles\/CBMi0gFBVV95cUxQdWZsQklfWEMxdnJSUS1zN1dJLWRhSkJxLTc2RnlDUC1mV1RRYk00SDNtLUxJMGtHeFhDcWhrNE1veFg0dUtiV3hvNTgyZ0xDMW8yeWpON1BLWURWR0Fxa09pd19ZV2xZSGt6QkpDTEdpd0ZhQkV0MlJVaFhCWmxCazJOZ3ZuNWYtd0dfd0RsaEd2d1A0VGI2OXZlVXlRbVdqcnBES2RRVHQ5TWhEd3MtR29nTWJqWUtXVXZQdXlJNFpaSjdlR3lfMVpXMEY2Q2RkR0E?oc=5\" target=\"_blank\" rel=\"nofollow noopener\">Lietuvas varasiest\u0101des izv\u0113rt\u0113s Krievijas opozicion\u0101ra Volkova izteikumus par Ukrainas vad\u012bbu<\/a>&nbsp;&nbsp;Lente.lv<\/li>\n<li><a href=\"https:\/\/news.google.com\/rss\/articles\/CBMingFBVV95cUxOR2M2cEZjLUxmOFpuNGZlU2xLMFhLbmsxaTlQdGhGbmh4R3M2TDFKaGNxWkpOV2tKeXViV1ZWa2NMLV8yZ1B6ZzVuVmdDandRMi1JUlVxYXl4NUYxTW83RlV1MEo3T1FvYlIwVHNIZDJTUmFIX3NiOHQ4OUdlc2QyajlyTjBGTXA2bHJnbUhWcW9OVzFUQWxkem9WaEw1Zw?oc=5\" target=\"_blank\" rel=\"nofollow noopener\">Krievijas opozicion\u0101ra Volkova izteikumi pamat\u012bgi \u0161ok\u0113 Lietuvas sabiedr\u012bbu<\/a>&nbsp;&nbsp;NRA<\/li>\n<\/ol>\n","protected":false},"excerpt":{"rendered":"Atkl\u0101jas Krievijas opozicion\u0101ra &#8220;paties\u0101 seja&#8221; &#8211; Volkova nicino\u0161ie v\u0101rdi par Ukrainu \u0161ok\u0113 Lietuvu; v\u0113rt\u0113 iesp\u0113ju anul\u0113t uztur\u0113\u0161an\u0101s at\u013cauju&nbsp;&nbsp;Jauns.lv&hellip;\n","protected":false},"author":2,"featured_media":97074,"comment_status":"","ping_status":"","sticky":false,"template":"","format":"standard","meta":{"footnotes":""},"categories":[14],"tags":[23,57,28,29,32,33,22,30,31,35,39,38,36,37,34,40,20,26,27,24,25,54,55,56,21,58],"class_list":{"0":"post-98864","1":"post","2":"type-post","3":"status-publish","4":"format-standard","5":"has-post-thumbnail","7":"category-zinas-no-arvalstim","8":"tag-aktualitates","9":"tag-arvalstim","10":"tag-breaking-news","11":"tag-breakingnews","12":"tag-featured-news","13":"tag-featurednews","14":"tag-headlines","15":"tag-latest-news","16":"tag-latestnews","17":"tag-latvia","18":"tag-latvian","19":"tag-latviesu","20":"tag-latviesu-valoda","21":"tag-latviesuvaloda","22":"tag-latvija","23":"tag-lv","24":"tag-news","25":"tag-popularakas-zinas","26":"tag-popularakaszinas","27":"tag-top-stories","28":"tag-topstories","29":"tag-world","30":"tag-world-news","31":"tag-worldnews","32":"tag-zinas","33":"tag-zinas-no-arvalstim"},"share_on_mastodon":{"url":"https:\/\/pubeurope.com\/@lv\/115863532497348490","error":""},"_links":{"self":[{"href":"https:\/\/www.europesays.com\/lv\/wp-json\/wp\/v2\/posts\/98864","targetHints":{"allow":["GET"]}}],"collection":[{"href":"https:\/\/www.europesays.com\/lv\/wp-json\/wp\/v2\/posts"}],"about":[{"href":"https:\/\/www.europesays.com\/lv\/wp-json\/wp\/v2\/types\/post"}],"author":[{"embeddable":true,"href":"https:\/\/www.europesays.com\/lv\/wp-json\/wp\/v2\/users\/2"}],"replies":[{"embeddable":true,"href":"https:\/\/www.europesays.com\/lv\/wp-json\/wp\/v2\/comments?post=98864"}],"version-history":[{"count":0,"href":"https:\/\/www.europesays.com\/lv\/wp-json\/wp\/v2\/posts\/98864\/revisions"}],"wp:featuredmedia":[{"embeddable":true,"href":"https:\/\/www.europesays.com\/lv\/wp-json\/wp\/v2\/media\/97074"}],"wp:attachment":[{"href":"https:\/\/www.europesays.com\/lv\/wp-json\/wp\/v2\/media?parent=98864"}],"wp:term":[{"taxonomy":"category","embeddable":true,"href":"https:\/\/www.europesays.com\/lv\/wp-json\/wp\/v2\/categories?post=98864"},{"taxonomy":"post_tag","embeddable":true,"href":"https:\/\/www.europesays.com\/lv\/wp-json\/wp\/v2\/tags?post=98864"}],"curies":[{"name":"wp","href":"https:\/\/api.w.org\/{rel}","templated":true}]}}