{"id":98865,"date":"2026-01-09T05:44:07","date_gmt":"2026-01-09T05:44:07","guid":{"rendered":"https:\/\/www.europesays.com\/lv\/98865\/"},"modified":"2026-01-09T05:44:07","modified_gmt":"2026-01-09T05:44:07","slug":"sirijas-valdiba-izsludina-pamieru-alepo","status":"publish","type":"post","link":"https:\/\/www.europesays.com\/lv\/98865\/","title":{"rendered":"S\u012brijas vald\u012bba izsludina pamieru Alepo"},"content":{"rendered":"<p>Kurdu kaujiniekiem l\u012bdz plkst. 9.00 piektdien j\u0101atst\u0101j \u0161ie rajoni.<\/p>\n<p>Pamiera m\u0113r\u0137is ir dot kauju d\u0113\u013c p\u0101rvietotajiem iedz\u012bvot\u0101jiem iesp\u0113ju &#8220;atgriezties un atjaunot norm\u0101lu dz\u012bvi dro\u0161\u012bbas un stabilit\u0101tes gaisotn\u0113,&#8221; piebilda Aizsardz\u012bbas ministrija.<\/p>\n<p>Kurdu sp\u0113ki v\u0113l nav atbild\u0113ju\u0161i uz \u0161iem vald\u012bbas pazi\u0146ojumiem.<\/p>\n<p>Zi\u0146u a\u0123ent\u016bras AFP korespondents zi\u0146oja, ka ceturtdienas vakar\u0101 v\u0113l turpin\u0101j\u0101s s\u012bvas kaujas A\u0161rafijas un \u0160eihmaks\u016bda rajonos, kurus apdz\u012bvo galvenok\u0101rt kurdi.<\/p>\n<p>S\u012brijas armija pirms oper\u0101cijas s\u0101k\u0161anas bija devusi nor\u0101d\u012bjumus civiliedz\u012bvot\u0101jiem \u0161ajos rajonos doties prom pa hum\u0101najiem koridoriem. Valsts telev\u012bzija zi\u0146oja, ka aizb\u0113gu\u0161i apm\u0113ram 16 000 cilv\u0113ku.<\/p>\n<p>Mart\u0101 nosl\u0113gto vieno\u0161anos par kurdu varasiest\u0101\u017eu iek\u013cau\u0161anu S\u012brijas valsts strukt\u016br\u0101s bija paredz\u0113ts \u012bstenot l\u012bdz 2025. gada beig\u0101m. To aizkav\u0113ja domstarp\u012bbas, jo kurdi cen\u0161as pan\u0101kt decentraliz\u0113tu p\u0101rvaldi, bet S\u012brijas jaun\u0101s varasiest\u0101des \u0161o ideju ir noraid\u012bju\u0161as.<\/p>\n<p>\u0160eihmaks\u016bda un A\u0161rafijas rajonus joproj\u0101m kontrol\u0113 ar HSD saist\u012btas kurdu vien\u012bbas, lai gan kurdu kaujinieki apr\u012bl\u012b piekrita atk\u0101pties no \u0161\u012bm teritorij\u0101m.<\/p>\n<p>Turcija, kurai ir 900 kilometrus gara robe\u017ea ar S\u012briju, ir s\u0101kusi veiksm\u012bgas ofens\u012bvas kurdu sp\u0113ku atspie\u0161anai no \u0161\u012bs robe\u017eas.<\/p>\n","protected":false},"excerpt":{"rendered":"Kurdu kaujiniekiem l\u012bdz plkst. 9.00 piektdien j\u0101atst\u0101j \u0161ie rajoni. Pamiera m\u0113r\u0137is ir dot kauju d\u0113\u013c p\u0101rvietotajiem iedz\u012bvot\u0101jiem iesp\u0113ju&hellip;\n","protected":false},"author":2,"featured_media":98866,"comment_status":"","ping_status":"","sticky":false,"template":"","format":"standard","meta":{"footnotes":""},"categories":[14],"tags":[23,57,28,29,32,33,22,7008,30,31,35,39,38,36,37,34,40,20,26,27,6923,24,25,54,55,56,21,58],"class_list":{"0":"post-98865","1":"post","2":"type-post","3":"status-publish","4":"format-standard","5":"has-post-thumbnail","7":"category-zinas-no-arvalstim","8":"tag-aktualitates","9":"tag-arvalstim","10":"tag-breaking-news","11":"tag-breakingnews","12":"tag-featured-news","13":"tag-featurednews","14":"tag-headlines","15":"tag-kars-sirija","16":"tag-latest-news","17":"tag-latestnews","18":"tag-latvia","19":"tag-latvian","20":"tag-latviesu","21":"tag-latviesu-valoda","22":"tag-latviesuvaloda","23":"tag-latvija","24":"tag-lv","25":"tag-news","26":"tag-popularakas-zinas","27":"tag-popularakaszinas","28":"tag-sirija","29":"tag-top-stories","30":"tag-topstories","31":"tag-world","32":"tag-world-news","33":"tag-worldnews","34":"tag-zinas","35":"tag-zinas-no-arvalstim"},"share_on_mastodon":{"url":"https:\/\/pubeurope.com\/@lv\/115863556086181673","error":""},"_links":{"self":[{"href":"https:\/\/www.europesays.com\/lv\/wp-json\/wp\/v2\/posts\/98865","targetHints":{"allow":["GET"]}}],"collection":[{"href":"https:\/\/www.europesays.com\/lv\/wp-json\/wp\/v2\/posts"}],"about":[{"href":"https:\/\/www.europesays.com\/lv\/wp-json\/wp\/v2\/types\/post"}],"author":[{"embeddable":true,"href":"https:\/\/www.europesays.com\/lv\/wp-json\/wp\/v2\/users\/2"}],"replies":[{"embeddable":true,"href":"https:\/\/www.europesays.com\/lv\/wp-json\/wp\/v2\/comments?post=98865"}],"version-history":[{"count":0,"href":"https:\/\/www.europesays.com\/lv\/wp-json\/wp\/v2\/posts\/98865\/revisions"}],"wp:featuredmedia":[{"embeddable":true,"href":"https:\/\/www.europesays.com\/lv\/wp-json\/wp\/v2\/media\/98866"}],"wp:attachment":[{"href":"https:\/\/www.europesays.com\/lv\/wp-json\/wp\/v2\/media?parent=98865"}],"wp:term":[{"taxonomy":"category","embeddable":true,"href":"https:\/\/www.europesays.com\/lv\/wp-json\/wp\/v2\/categories?post=98865"},{"taxonomy":"post_tag","embeddable":true,"href":"https:\/\/www.europesays.com\/lv\/wp-json\/wp\/v2\/tags?post=98865"}],"curies":[{"name":"wp","href":"https:\/\/api.w.org\/{rel}","templated":true}]}}