{"id":98873,"date":"2026-01-09T05:57:08","date_gmt":"2026-01-09T05:57:08","guid":{"rendered":"https:\/\/www.europesays.com\/lv\/98873\/"},"modified":"2026-01-09T05:57:08","modified_gmt":"2026-01-09T05:57:08","slug":"visas-rigas-peldvietas-udens-kvalitate-ir-laba","status":"publish","type":"post","link":"https:\/\/www.europesays.com\/lv\/98873\/","title":{"rendered":"Vis\u0101s R\u012bgas peldviet\u0101s \u016bdens kvalit\u0101te ir laba"},"content":{"rendered":"<p>Pamatojoties uz p\u0101rtikas dro\u0161\u012bbas, dz\u012bvnieku vesel\u012bbas un vides zin\u0101tnisk\u0101 instit\u016bta \u201cBIOR\u201d 6. janv\u0101r\u012b \u0146emto peld\u016bdens paraugu anal\u012b\u017eu rezult\u0101tiem, vis\u0101s popul\u0101r\u0101kaj\u0101s ziemas peld\u0113t\u0101ju viet\u0101s \u2013 Lucavsalas l\u012bc\u012b, \u0136\u012bpsal\u0101, Vakarbu\u013c\u013cos, Vec\u0101\u0137os, B\u0101bel\u012bt\u012b un Rumbul\u0101 \u2013 \u016bdens kvalit\u0101te ir laba un peld\u0113ties at\u013cauts.<\/p>\n<p>\u0145emot v\u0113r\u0101 pieaugo\u0161o interesi par ziemas peld\u0113\u0161anos, R\u012bgas pa\u0161vald\u012bbas M\u0101jok\u013cu un vides departaments jau vair\u0101kus gadus ar\u012b no rudens l\u012bdz pavasarim nodro\u0161ina peld\u016bdens paraugu \u0146em\u0161anu vair\u0101k\u0101s peldviet\u0101s un to veic reizi m\u0113nes\u012b. Oktobra s\u0101kum\u0101 veikt\u0101s anal\u012bzes liecina, ka vis\u0101s \u0161aj\u0101s peldviet\u0101s ir laba \u016bdens kvalit\u0101te.<\/p>\n<p>T\u0101pat \u0161aj\u0101s peldviet\u0101s joproj\u0101m pieejamas p\u0101r\u0123\u0113rb\u0161an\u0101s kab\u012bnes, p\u0101rvietojamie sanit\u0101rie mezgli un pludmales soli.<\/p>\n<p>Vis\u0101s ofici\u0101l\u0101s peldviet\u0101s ir at\u013cauts peld\u0113ties, pa\u0161iem peld\u0113t\u0101jiem iev\u0113rojot piesardz\u012bbu un dro\u0161\u012bbu uz \u016bdens, jo R\u012bgas pa\u0161vald\u012bbas policijas gl\u0101b\u0113ji uz vietas gl\u0101b\u0161anas darbus organiz\u0113 tikai ofici\u0101laj\u0101 peldsezon\u0101, no 15. maija l\u012bdz 15. septembrim, p\u0113c sezonas beig\u0101m de\u017e\u016bras notiek tikai Vec\u0101\u0137os.<\/p>\n<p>Pla\u0161\u0101ka inform\u0101cija par R\u012bgas peldviet\u0101m pieejama <a href=\"https:\/\/www.riga.lv\/lv\/rigas-peldvietas\" target=\"_blank\" rel=\"nofollow noopener\">\u0161eit<\/a>.<\/p>\n<p>          <img decoding=\"async\" src=\"https:\/\/www.europesays.com\/lv\/wp-content\/uploads\/2026\/01\/1767645852_487_logo-lv.png\" alt=\"\"\/><\/p>\n<p>                  \u0160\u012b inform\u0101cija ir publisks pazi\u0146ojums un neatspogu\u013co LV port\u0101la viedokli. Par t\u0101s saturu atbild ies\u016bt\u012bt\u0101js. <a data-popup=\"rules\">Public\u0113\u0161anas noteikumi<\/a><\/p>\n","protected":false},"excerpt":{"rendered":"Pamatojoties uz p\u0101rtikas dro\u0161\u012bbas, dz\u012bvnieku vesel\u012bbas un vides zin\u0101tnisk\u0101 instit\u016bta \u201cBIOR\u201d 6. janv\u0101r\u012b \u0146emto peld\u016bdens paraugu anal\u012b\u017eu rezult\u0101tiem,&hellip;\n","protected":false},"author":2,"featured_media":98874,"comment_status":"","ping_status":"","sticky":false,"template":"","format":"standard","meta":{"footnotes":""},"categories":[12],"tags":[23,28,29,32,33,22,30,31,35,39,38,36,37,34,40,20,26,27,24,25,21],"class_list":{"0":"post-98873","1":"post","2":"type-post","3":"status-publish","4":"format-standard","5":"has-post-thumbnail","7":"category-latvija","8":"tag-aktualitates","9":"tag-breaking-news","10":"tag-breakingnews","11":"tag-featured-news","12":"tag-featurednews","13":"tag-headlines","14":"tag-latest-news","15":"tag-latestnews","16":"tag-latvia","17":"tag-latvian","18":"tag-latviesu","19":"tag-latviesu-valoda","20":"tag-latviesuvaloda","21":"tag-latvija","22":"tag-lv","23":"tag-news","24":"tag-popularakas-zinas","25":"tag-popularakaszinas","26":"tag-top-stories","27":"tag-topstories","28":"tag-zinas"},"share_on_mastodon":{"url":"https:\/\/pubeurope.com\/@lv\/115863607244831017","error":""},"_links":{"self":[{"href":"https:\/\/www.europesays.com\/lv\/wp-json\/wp\/v2\/posts\/98873","targetHints":{"allow":["GET"]}}],"collection":[{"href":"https:\/\/www.europesays.com\/lv\/wp-json\/wp\/v2\/posts"}],"about":[{"href":"https:\/\/www.europesays.com\/lv\/wp-json\/wp\/v2\/types\/post"}],"author":[{"embeddable":true,"href":"https:\/\/www.europesays.com\/lv\/wp-json\/wp\/v2\/users\/2"}],"replies":[{"embeddable":true,"href":"https:\/\/www.europesays.com\/lv\/wp-json\/wp\/v2\/comments?post=98873"}],"version-history":[{"count":0,"href":"https:\/\/www.europesays.com\/lv\/wp-json\/wp\/v2\/posts\/98873\/revisions"}],"wp:featuredmedia":[{"embeddable":true,"href":"https:\/\/www.europesays.com\/lv\/wp-json\/wp\/v2\/media\/98874"}],"wp:attachment":[{"href":"https:\/\/www.europesays.com\/lv\/wp-json\/wp\/v2\/media?parent=98873"}],"wp:term":[{"taxonomy":"category","embeddable":true,"href":"https:\/\/www.europesays.com\/lv\/wp-json\/wp\/v2\/categories?post=98873"},{"taxonomy":"post_tag","embeddable":true,"href":"https:\/\/www.europesays.com\/lv\/wp-json\/wp\/v2\/tags?post=98873"}],"curies":[{"name":"wp","href":"https:\/\/api.w.org\/{rel}","templated":true}]}}