{"id":98875,"date":"2026-01-09T06:02:10","date_gmt":"2026-01-09T06:02:10","guid":{"rendered":"https:\/\/www.europesays.com\/lv\/98875\/"},"modified":"2026-01-09T06:02:10","modified_gmt":"2026-01-09T06:02:10","slug":"vilnas-mers-veicina-deklaresanos-galvaspilseta","status":"publish","type":"post","link":"https:\/\/www.europesays.com\/lv\/98875\/","title":{"rendered":"Vi\u013c\u0146as m\u0113rs veicina deklar\u0113\u0161anos galvaspils\u0113t\u0101"},"content":{"rendered":"<p class=\"lead\">\n                                Vi\u013c\u0146as pa\u0161vald\u012bbas kampa\u0146\u0101 ap 9700 cilv\u0113ku ir deklar\u0113ju\u0161i savu dz\u012bvesvietu Lietuvas galvaspils\u0113t\u0101, kas pils\u0113tas bud\u017eetu n\u0101kamgad papildin\u0101s par vair\u0101k nek\u0101 12,5 miljoniem eiro, pazi\u0146oja Vi\u013c\u0146as m\u0113rs Valds Benkunsks.\n                            <\/p>\n<p>M\u0113rs teica, ka no septembra beig\u0101m l\u012bdz 1. janv\u0101rim pils\u0113t\u0101 dz\u012bvesvietu deklar\u0113ju\u0161i vair\u0101k nek\u0101 10 000 cilv\u0113ku sal\u012bdzin\u0101jum\u0101 ar ap 600 cilv\u0113ku pirms kampa\u0146as &#8220;K\u013c\u016bsti par Vi\u013c\u0146as iedz\u012bvot\u0101ju&#8221;. 26. septembr\u012b s\u0101kt\u0101s kampa\u0146as m\u0113r\u0137is bija mudin\u0101t cilv\u0113kus, kas dz\u012bvo Vi\u013c\u0146\u0101, bet ien\u0101kuma nodokli maks\u0101 cit\u0101 pa\u0161vald\u012bb\u0101, ofici\u0101li deklar\u0113t savu dz\u012bvesvietu Lietuvas galvaspils\u0113t\u0101. Katrs Vi\u013c\u0146as iedz\u012bvot\u0101js vid\u0113ji gad\u0101 pils\u0113tas bud\u017eet\u0101 iemaks\u0101 ap 1300 eiro, sac\u012bja Benkunsks. M\u0113rs nor\u0101d\u012bja, ka pils\u0113t\u0101 var\u0113tu b\u016bt l\u012bdz pat 100 000 iedz\u012bvot\u0101ju, kuri v\u0113l nav ofici\u0101li deklar\u0113ju\u0161i savu dz\u012bvesvietu.\u00a0<\/p>\n<p>Stimulu komplekts ir pieejams tiem, kas deklar\u0113 savu dz\u012bvesvietu Vi\u013c\u0146as pils\u0113t\u0101 un kuri pirms tam vismaz divus gadus nav biju\u0161i deklar\u0113ti \u0161aj\u0101 pa\u0161vald\u012bb\u0101. Komplekt\u0101 ir maks\u0101jums pirmos divus gadus p\u0113c deklar\u0113\u0161an\u0101s 50% apm\u0113r\u0101 no samaks\u0101t\u0101 iedz\u012bvot\u0101ju ien\u0101kuma nodok\u013ca, nep\u0101rsniedzot 500 eiro, k\u0101 ar\u012b atlaides kopbrauk\u0161anas platform\u0101s, vesel\u012bbas pakalpojumiem un bi\u013cetes uz kino vai sporta pas\u0101kumiem. Lietuvas Re\u0123istru centra dati liecina, ka ofici\u0101li dz\u012bvesvietu Lietuvas galvaspils\u0113t\u0101 ir deklar\u0113ju\u0161i 642 700 cilv\u0113ku.<\/p>\n<p class=\"paragraph-muted\">Izv\u0113lies savu soct\u012bklu platformu, lai sekotu LASI.LV: <a href=\"https:\/\/www.facebook.com\/portals.lasi.lv\" target=\"_blank\" rel=\"noopener noreferrer nofollow\">Facebook<\/a>, <a href=\"https:\/\/twitter.com\/lasilvportals\" target=\"_blank\" rel=\"noopener noreferrer nofollow\">X<\/a>, <a href=\"https:\/\/bsky.app\/profile\/lasilv.bsky.social\" target=\"_blank\" rel=\"noopener noreferrer nofollow\">Bluesky<\/a>, <a href=\"https:\/\/www.draugiem.lv\/lasilv\/?pg=4\" target=\"_blank\" rel=\"noopener noreferrer nofollow\">Draugiem<\/a>, <a href=\"https:\/\/www.threads.com\/@lasilv_zinas\" rel=\"nofollow noopener\" target=\"_blank\">Threads<\/a> vai ar\u012b <a href=\"https:\/\/www.instagram.com\/lasilv_zinas\/\" target=\"_blank\" rel=\"noopener noreferrer nofollow\">Instagram<\/a>. Pievienojies m\u016bsu las\u012bt\u0101ju pulkam, lai sa\u0146emtu \u012bpa\u0161i tev atlas\u012btu noder\u012bgu, praktisku un aktu\u0101lu saturu.\u00a0<\/p>\n<p style=\"margin-left:auto;\">Pieraksties LASI.LV redaktora v\u0113stkopai <a href=\"https:\/\/lasi.lv\/vestkopa\/lasi-lv-galvena-redaktora-vestkopa\" rel=\"nofollow noopener\" target=\"_blank\">\u0161eit<\/a>.<\/p>\n<p>Pieraksties v\u0113stkopai un divas reizes ned\u0113\u013c\u0101 sa\u0146em padzi\u013cin\u0101tu LASI.LV galven\u0101 redaktora aktu\u0101lo zi\u0146u, kompetentu viedok\u013cu un interesant\u0101ko interviju apkopojumu.<\/p>\n<p>Ko tu sa\u0146emsi:<\/p>\n<ul>\n<li>Daudzveid\u012bgus koment\u0101rus un kompetentus Latvijas Mediju \u017eurn\u0101listu un autoru viedok\u013cus par aktu\u0101lo<\/li>\n<li>Ekspertu koment\u0101rus par da\u017e\u0101diem praktiskiem, noder\u012bgiem tematiem<\/li>\n<li>Aizraujo\u0161us materi\u0101lus par v\u0113sturi, psiholo\u0123iju, kult\u016bru<\/li>\n<li>Gata \u0160\u013c\u016bkas karikat\u016bru<\/li>\n<li>Tav\u0101 e-pasta kast\u012bt\u0113 katru ceturtdienu<\/li>\n<\/ul>\n<p style=\"margin-left:auto;\">\u00a0<\/p>\n<p><script async src=\"https:\/\/platform.twitter.com\/widgets.js\" charset=\"utf-8\"><\/script><script async src=\"\/\/www.instagram.com\/embed.js\"><\/script><\/p>\n","protected":false},"excerpt":{"rendered":"Vi\u013c\u0146as pa\u0161vald\u012bbas kampa\u0146\u0101 ap 9700 cilv\u0113ku ir deklar\u0113ju\u0161i savu dz\u012bvesvietu Lietuvas galvaspils\u0113t\u0101, kas pils\u0113tas bud\u017eetu n\u0101kamgad papildin\u0101s par&hellip;\n","protected":false},"author":2,"featured_media":98876,"comment_status":"","ping_status":"","sticky":false,"template":"","format":"standard","meta":{"footnotes":""},"categories":[14],"tags":[23,57,28,29,32,33,22,30,31,35,39,38,36,37,34,40,20,26,27,24,25,54,55,56,21,58],"class_list":{"0":"post-98875","1":"post","2":"type-post","3":"status-publish","4":"format-standard","5":"has-post-thumbnail","7":"category-zinas-no-arvalstim","8":"tag-aktualitates","9":"tag-arvalstim","10":"tag-breaking-news","11":"tag-breakingnews","12":"tag-featured-news","13":"tag-featurednews","14":"tag-headlines","15":"tag-latest-news","16":"tag-latestnews","17":"tag-latvia","18":"tag-latvian","19":"tag-latviesu","20":"tag-latviesu-valoda","21":"tag-latviesuvaloda","22":"tag-latvija","23":"tag-lv","24":"tag-news","25":"tag-popularakas-zinas","26":"tag-popularakaszinas","27":"tag-top-stories","28":"tag-topstories","29":"tag-world","30":"tag-world-news","31":"tag-worldnews","32":"tag-zinas","33":"tag-zinas-no-arvalstim"},"share_on_mastodon":{"url":"https:\/\/pubeurope.com\/@lv\/115863626891786196","error":""},"_links":{"self":[{"href":"https:\/\/www.europesays.com\/lv\/wp-json\/wp\/v2\/posts\/98875","targetHints":{"allow":["GET"]}}],"collection":[{"href":"https:\/\/www.europesays.com\/lv\/wp-json\/wp\/v2\/posts"}],"about":[{"href":"https:\/\/www.europesays.com\/lv\/wp-json\/wp\/v2\/types\/post"}],"author":[{"embeddable":true,"href":"https:\/\/www.europesays.com\/lv\/wp-json\/wp\/v2\/users\/2"}],"replies":[{"embeddable":true,"href":"https:\/\/www.europesays.com\/lv\/wp-json\/wp\/v2\/comments?post=98875"}],"version-history":[{"count":0,"href":"https:\/\/www.europesays.com\/lv\/wp-json\/wp\/v2\/posts\/98875\/revisions"}],"wp:featuredmedia":[{"embeddable":true,"href":"https:\/\/www.europesays.com\/lv\/wp-json\/wp\/v2\/media\/98876"}],"wp:attachment":[{"href":"https:\/\/www.europesays.com\/lv\/wp-json\/wp\/v2\/media?parent=98875"}],"wp:term":[{"taxonomy":"category","embeddable":true,"href":"https:\/\/www.europesays.com\/lv\/wp-json\/wp\/v2\/categories?post=98875"},{"taxonomy":"post_tag","embeddable":true,"href":"https:\/\/www.europesays.com\/lv\/wp-json\/wp\/v2\/tags?post=98875"}],"curies":[{"name":"wp","href":"https:\/\/api.w.org\/{rel}","templated":true}]}}