{"id":98877,"date":"2026-01-09T06:03:07","date_gmt":"2026-01-09T06:03:07","guid":{"rendered":"https:\/\/www.europesays.com\/lv\/98877\/"},"modified":"2026-01-09T06:03:07","modified_gmt":"2026-01-09T06:03:07","slug":"raimonds-pauls-pec-sirds-operacijas-arsti-liedz-uzstaties-ar-klavierem","status":"publish","type":"post","link":"https:\/\/www.europesays.com\/lv\/98877\/","title":{"rendered":"Raimonds Pauls p\u0113c sirds oper\u0101cijas: \u0101rsti liedz uzst\u0101ties ar klavier\u0113m"},"content":{"rendered":"<p class=\"descr\">Satrauco\u0161u zi\u0146u no dakteriem cien\u012bjamais Maestro ir sa\u0146\u0113mis pirms sava liel\u0101 jubilejas koncerta, rakst\u012bts \u017eurn\u0101l\u0101 &#8220;Priv\u0101t\u0101 Dz\u012bve&#8221;.<\/p>\n<p>K\u0101 zin\u0101ms, Raimondam Paulam 12. janv\u0101r\u012b paliek apa\u013ci 90, kam par godu ir paredz\u0113ts koncerts.<\/p>\n<p>Jau rakst\u012bj\u0101m, ka nesen <a href=\"https:\/\/nra.lv\/latvija\/510397-maestro-raimonds-pauls-parcietis-operaciju.htm\" data-item-link=\"true\" data-item-id=\"510397\" rel=\"nofollow noopener\" target=\"_blank\">Maestro p\u0101rdz\u012bvojis sirds oper\u0101ciju, <\/a>t\u0101p\u0113c dakteri Paulam uz skatuves k\u0101pt vairs ne\u013cauj. &#8220;Tagad kategoriski esmu pateicis, ka nesp\u0113l\u0113\u0161u, jo to nemaz nedr\u012bkstu,&#8221; \u017eurn\u0101listiem apstiprina Pauls.<\/p>\n<p>&#8220;\u0100rsts man aizliedza, bet to, kas notiks, to jau tikai tur uz vietas var\u0113s man\u012bt,&#8221; divdom\u012bgi izsak\u0101s Raimonds Pauls, kur\u0161 iemin\u0101s, ka p\u0113c jubilejas v\u0113l ar aktieri Andri Kei\u0161u k\u0101du koncertu pl\u0101no nosp\u0113l\u0113t.<\/p>\n<p>\t\t\t\t\t\tinfo<\/p>\n<p>Uzzini pirmais<br \/>kas interesants noticis Latvij\u0101 un pasaul\u0113,<br \/>pievienojoties mums <a href=\"https:\/\/t.me\/neatkariga\" rel=\"nofollow\">Telegram<\/a> vai <a href=\"https:\/\/whatsapp.com\/channel\/0029VaMLFUH5K3zLU5s4wm3y\" rel=\"nofollow noopener\" target=\"_blank\">Whatsapp<\/a> kan\u0101l\u0101<\/p>\n","protected":false},"excerpt":{"rendered":"Satrauco\u0161u zi\u0146u no dakteriem cien\u012bjamais Maestro ir sa\u0146\u0113mis pirms sava liel\u0101 jubilejas koncerta, rakst\u012bts \u017eurn\u0101l\u0101 &#8220;Priv\u0101t\u0101 Dz\u012bve&#8221;. K\u0101&hellip;\n","protected":false},"author":2,"featured_media":98878,"comment_status":"","ping_status":"","sticky":false,"template":"","format":"standard","meta":{"footnotes":""},"categories":[12],"tags":[23,28,29,32,33,22,30,31,35,39,38,36,37,34,40,20,26,27,24,25,21],"class_list":{"0":"post-98877","1":"post","2":"type-post","3":"status-publish","4":"format-standard","5":"has-post-thumbnail","7":"category-latvija","8":"tag-aktualitates","9":"tag-breaking-news","10":"tag-breakingnews","11":"tag-featured-news","12":"tag-featurednews","13":"tag-headlines","14":"tag-latest-news","15":"tag-latestnews","16":"tag-latvia","17":"tag-latvian","18":"tag-latviesu","19":"tag-latviesu-valoda","20":"tag-latviesuvaloda","21":"tag-latvija","22":"tag-lv","23":"tag-news","24":"tag-popularakas-zinas","25":"tag-popularakaszinas","26":"tag-top-stories","27":"tag-topstories","28":"tag-zinas"},"share_on_mastodon":{"url":"https:\/\/pubeurope.com\/@lv\/115863630778036676","error":""},"_links":{"self":[{"href":"https:\/\/www.europesays.com\/lv\/wp-json\/wp\/v2\/posts\/98877","targetHints":{"allow":["GET"]}}],"collection":[{"href":"https:\/\/www.europesays.com\/lv\/wp-json\/wp\/v2\/posts"}],"about":[{"href":"https:\/\/www.europesays.com\/lv\/wp-json\/wp\/v2\/types\/post"}],"author":[{"embeddable":true,"href":"https:\/\/www.europesays.com\/lv\/wp-json\/wp\/v2\/users\/2"}],"replies":[{"embeddable":true,"href":"https:\/\/www.europesays.com\/lv\/wp-json\/wp\/v2\/comments?post=98877"}],"version-history":[{"count":0,"href":"https:\/\/www.europesays.com\/lv\/wp-json\/wp\/v2\/posts\/98877\/revisions"}],"wp:featuredmedia":[{"embeddable":true,"href":"https:\/\/www.europesays.com\/lv\/wp-json\/wp\/v2\/media\/98878"}],"wp:attachment":[{"href":"https:\/\/www.europesays.com\/lv\/wp-json\/wp\/v2\/media?parent=98877"}],"wp:term":[{"taxonomy":"category","embeddable":true,"href":"https:\/\/www.europesays.com\/lv\/wp-json\/wp\/v2\/categories?post=98877"},{"taxonomy":"post_tag","embeddable":true,"href":"https:\/\/www.europesays.com\/lv\/wp-json\/wp\/v2\/tags?post=98877"}],"curies":[{"name":"wp","href":"https:\/\/api.w.org\/{rel}","templated":true}]}}